{"id":210359,"date":"2025-06-28T07:22:16","date_gmt":"2025-06-28T07:22:16","guid":{"rendered":"https:\/\/www.europesays.com\/fr\/210359\/"},"modified":"2025-06-28T07:22:16","modified_gmt":"2025-06-28T07:22:16","slug":"le-grenoble-foot-38-affrontera-lestac-troyes-pour-commencer-et-terminer-la-saison-de-ligue-2","status":"publish","type":"post","link":"https:\/\/www.europesays.com\/fr\/210359\/","title":{"rendered":"le Grenoble Foot 38 affrontera l\u2019ESTAC Troyes pour commencer et terminer la saison de Ligue 2 !"},"content":{"rendered":"<p>\t\t\t\t\t\t\t\t\t\t\t<img loading=\"lazy\" decoding=\"async\" width=\"1110\" title=\"Football : le Grenoble Foot 38 affrontera l\u2019ESTAC Troyes pour commencer et terminer la saison de Ligue 2 !\" class=\"img-fluid not_lzld mb-3\" src=\"https:\/\/grandgrenoble.alpes1.com\/media\/news\/thumb\/1110x624_football-le-grenoble-foot-38-affrontera-l-estac-troyes-pour-commencer-et-terminer-la-saison-de-ligue-2_685ea5a377199.webp\" alt=\"Football : le Grenoble Foot 38 affrontera l\u2019ESTAC Troyes pour commencer et terminer la saison de Ligue 2 !\" itemprop=\"image\" height=\"624\"\/>\t\t\t\t\t\t\t\t\t\t\t\t<\/p>\n<p>Football : le Grenoble Foot 38 affrontera l\u2019ESTAC Troyes pour commencer et terminer la saison de Ligue 2 ! &#8211; DR<\/p>\n<p itemprop=\"description\"><strong>Le calendrier 2025-2026 de Ligue 2 vient d\u2019\u00eatre d\u00e9voil\u00e9.<\/strong><\/p>\n<p>Dans un peu plus d\u2019un mois, la Ligue 2 reprendra ses droits, pour le plus grand bonheur des fans du ballon rond et du GF38. Mais avant cela, la Ligue de football professionnel (LFP) a d\u00e9voil\u00e9 le calendrier pour toute la saison 2025-2026.<\/p>\n<p>Les Is\u00e9rois devront se rendre dans l\u2019Aube pour affronter l\u2019ESTAC Troyes d\u00e8s la premi\u00e8re journ\u00e9e, le vendredi 8 ao\u00fbt. Ils cl\u00f4tureront la saison avec le m\u00eame adversaire, mais au stade des Alpes cette fois-ci, le 8 mai 2026.<\/p>\n<p>La premi\u00e8re r\u00e9ception aura, quant \u00e0 elle, lieu le week-end du 15 ao\u00fbt, face \u00e0 Laval. Le premier derby des Alpes se d\u00e9roulera le 19 septembre prochain, lors de la sixi\u00e8me journ\u00e9e, \u00e0 Grenoble. Annecy recevra ensuite le GF38 le 6 f\u00e9vrier 2026, pour le compte de la 22e journ\u00e9e de championnat.<\/p>\n<p>La seule incertitude repose sur la pr\u00e9sence ou non du stade de Reims. En effet, l\u2019Olympique Lyonnais a \u00e9t\u00e9 r\u00e9trograd\u00e9 cette semaine en Ligue 2 par la DNCG, mais appara\u00eet toujours en Ligue 1. En cas de descente, les R\u00e9mois seraient rep\u00each\u00e9s dans l\u2019\u00e9lite. Seule la 9e journ\u00e9e serait impact\u00e9e pour le GF38.<\/p>\n<p>Cap d\u00e9sormais sur la pr\u00e9paration d\u2019une saison qui risque d\u2019\u00eatre riche en \u00e9motions. D\u2019autant plus que le GF38 souhaite sortir du ventre mou du championnat.<\/p>\n","protected":false},"excerpt":{"rendered":"Football : le Grenoble Foot 38 affrontera l\u2019ESTAC Troyes pour commencer et terminer la saison de Ligue 2&hellip;\n","protected":false},"author":2,"featured_media":210360,"comment_status":"","ping_status":"","sticky":false,"template":"","format":"standard","meta":{"footnotes":""},"categories":[9566],"tags":[1111,11,7733,8279,2430,7736,650,7734,2889,2263,1777,674,1011,27,2731,8280,6417,1114,108,4662,12,3725,1825,25,7737],"class_list":{"0":"post-210359","1":"post","2":"type-post","3":"status-publish","4":"format-standard","5":"has-post-thumbnail","7":"category-grenoble","8":"tag-actu","9":"tag-actualites","10":"tag-alpes","11":"tag-alpes1","12":"tag-auvergne-rhone-alpes","13":"tag-cds","14":"tag-cinema","15":"tag-ecoute","16":"tag-emission","17":"tag-equipe","18":"tag-eu","19":"tag-europe","20":"tag-fr","21":"tag-france","22":"tag-grenoble","23":"tag-haute","24":"tag-information","25":"tag-infos","26":"tag-isere","27":"tag-journal","28":"tag-news","29":"tag-podcast","30":"tag-radio","31":"tag-republique-francaise","32":"tag-winamp"},"share_on_mastodon":{"url":"https:\/\/pubeurope.com\/@fr\/114759791086453029","error":""},"_links":{"self":[{"href":"https:\/\/www.europesays.com\/fr\/wp-json\/wp\/v2\/posts\/210359","targetHints":{"allow":["GET"]}}],"collection":[{"href":"https:\/\/www.europesays.com\/fr\/wp-json\/wp\/v2\/posts"}],"about":[{"href":"https:\/\/www.europesays.com\/fr\/wp-json\/wp\/v2\/types\/post"}],"author":[{"embeddable":true,"href":"https:\/\/www.europesays.com\/fr\/wp-json\/wp\/v2\/users\/2"}],"replies":[{"embeddable":true,"href":"https:\/\/www.europesays.com\/fr\/wp-json\/wp\/v2\/comments?post=210359"}],"version-history":[{"count":0,"href":"https:\/\/www.europesays.com\/fr\/wp-json\/wp\/v2\/posts\/210359\/revisions"}],"wp:featuredmedia":[{"embeddable":true,"href":"https:\/\/www.europesays.com\/fr\/wp-json\/wp\/v2\/media\/210360"}],"wp:attachment":[{"href":"https:\/\/www.europesays.com\/fr\/wp-json\/wp\/v2\/media?parent=210359"}],"wp:term":[{"taxonomy":"category","embeddable":true,"href":"https:\/\/www.europesays.com\/fr\/wp-json\/wp\/v2\/categories?post=210359"},{"taxonomy":"post_tag","embeddable":true,"href":"https:\/\/www.europesays.com\/fr\/wp-json\/wp\/v2\/tags?post=210359"}],"curies":[{"name":"wp","href":"https:\/\/api.w.org\/{rel}","templated":true}]}}