{"id":210383,"date":"2025-06-28T07:35:12","date_gmt":"2025-06-28T07:35:12","guid":{"rendered":"https:\/\/www.europesays.com\/fr\/210383\/"},"modified":"2025-06-28T07:35:12","modified_gmt":"2025-06-28T07:35:12","slug":"lun-des-centres-de-revalorisation-des-vehicules-les-plus-modernes-deurope-est-a-seclin","status":"publish","type":"post","link":"https:\/\/www.europesays.com\/fr\/210383\/","title":{"rendered":"l\u2019un des centres de revalorisation des v\u00e9hicules les plus modernes d\u2019Europe est \u00e0 Seclin"},"content":{"rendered":"<p>            Par<br \/>\n        <strong><br \/>\n            <a href=\"https:\/\/actu.fr\/auteur\/amandine-vachez\" title=\"Consulter tous les articles de Amandine Vachez\" rel=\"nofollow noopener\" target=\"_blank\">Amandine Vachez<\/a><br \/>\n        <\/strong><\/p>\n<p>        Publi\u00e9 le<\/p>\n<p>            28 juin 2025 \u00e0 8h46        <\/p>\n<p>C\u2019est une \u00ab\u2009casse auto\u2009\u00bb tr\u00e8s moderne, car elle revalorise les<b> v\u00e9hicules hors d\u2019usage.<\/b> Plus que cela, chez <b>Careco Molins \u00e0 Seclin<\/b> (Nord), on se dit \u00ab\u2009producteur de pi\u00e8ces automobiles d\u2019occasion\u2009\u00bb. Fin juin 2025, la ministre de la transition \u00e9cologique Agn\u00e8s Pannier-Runacher est venue \u00e0 la d\u00e9couverte de <b>l\u2019entreprise familiale<\/b>. R\u00e9troviseurs, moteurs, carrosserie\u2026 Tout ce qui peut l\u2019\u00eatre sur une auto est <b>valoris\u00e9<\/b>, dans un parcours ultra-moderne.<\/p>\n<p>\u00ab\u200999\u2009% d\u2019un v\u00e9hicule est valorisable\u2009\u00bb<\/p>\n<p class=\" wall-content\">Chaque jour, une quarantaine de v\u00e9hicules entrent sur le site de Careco Molins, \u00e0 Seclin. Ils sont stock\u00e9s dans l\u2019attente de leur examen, pour savoir comment leurs pi\u00e8ces vont pouvoir \u00eatre valoris\u00e9es. Ils sont<b> parqu\u00e9s, analys\u00e9s, d\u00e9pollu\u00e9s, d\u00e9mont\u00e9s<\/b>, et les pi\u00e8ces r\u00e9utilisables <b>partent en atelier<\/b> pour la revalorisation, avant d\u2019\u00eatre <b>stock\u00e9es et revendues.<\/b><\/p>\n<p class=\" wall-content\">Sur ce centre ultra-moderne situ\u00e9 sur un site de 9\u00a0ha, <b>entre 8\u2009000\u00a0et 10\u2009000 v\u00e9hicules sont valoris\u00e9s <\/b>chaque ann\u00e9e. \u00ab\u2009L\u2019objectif est d\u2019arriver entre 15\u2009000\u00a0et 20\u2009000\u2009\u00bb, annonce Manon Molins, Directrice g\u00e9n\u00e9rale de l\u2019entreprise, cr\u00e9\u00e9e \u00e0 Lille il y a 80\u00a0ans par son arri\u00e8re-grand-p\u00e8re.<\/p>\n<p>    <img   decoding=\"async\" loading=\"lazy\" class=\"size-large\" src=\"https:\/\/www.europesays.com\/fr\/wp-content\/uploads\/2025\/06\/94a7b1728e5863ba7b1728e58cfa7bv-960x640.jpeg\" alt=\"Chaque jour, une quarantaine de v\u00e9hicules arrivent sur le site de Seclin, du Nord - Pas-de-Calais, voire des Hauts-de-France, en fonction des appels.\" width=\"960\" height=\"640\"\/><br \/>\n    Chaque jour, une quarantaine de v\u00e9hicules arrivent sur le site de Seclin, du Nord \u2013 Pas-de-Calais, voire des Hauts-de-France, en fonction des appels. \u00a9Amandine Vachez\u00ab\u2009Un r\u00f4le \u00e0 jouer\u2009\u00bb<\/p>\n<p class=\" wall-content\">Manon Molins n\u2019aime pas le terme \u00ab\u2009casse auto\u2009\u00bb, elle pr\u00e9f\u00e8re \u00ab<b>\u2009centre de recyclage automobile nouvelle g\u00e9n\u00e9ration<\/b>. Nous ne faisons pas que d\u00e9truire les v\u00e9hicules. Nous sommes <b>producteurs de pi\u00e8ces automobiles d\u2019occasion<\/b>. 99\u2009% d\u2019un v\u00e9hicule est valorisable.\u2009\u00bb<\/p>\n<p class=\" wall-content\">Pour \u00eatre l\u2019un des centres de revalorisation des VHU (V\u00e9hicules hors d\u2019usage) les plus modernes d\u2019Europe, l\u2019entreprise a investi : <b>20 millions d\u2019euros<\/b>, pour moderniser ses lignes\u2009: convoyeurs automatiques, flotte de manutention renouvel\u00e9e\u2026 Le centre seclinois a aussi <b>pris le virage de l\u2019\u00e9lectrique<\/b>, en se dotant de l\u2019\u00e9quipement n\u00e9cessaire pour accueillir les v\u00e9hicules nouvelle g\u00e9n\u00e9ration.<\/p>\n<blockquote class=\"ac-article-quote wall-content\">\n<p>\u00ab\u2009Nous avons un r\u00f4le \u00e0 jouer, en termes de r\u00e9emploi.\u2009\u00bb<\/p>\n<p>Manon Molins, Directrice g\u00e9n\u00e9rale de Careco Seclin.<\/p><\/blockquote>\n<p>    <img   decoding=\"async\" loading=\"lazy\" class=\"size-large\" src=\"https:\/\/www.europesays.com\/fr\/wp-content\/uploads\/2025\/06\/4c4fb1728e586505fb1728e58545fbv-960x640.jpeg\" alt=\"L'atelier de Careco Molins \u00e0 Seclin (Nord) est dot\u00e9 d'outils modernes sur ses lignes, notamment de racks automatiques favorisant le travail des salari\u00e9s.\" width=\"960\" height=\"640\"\/><br \/>\n    L\u2019atelier de Careco Molins \u00e0 Seclin (Nord) est dot\u00e9 d\u2019outils modernes sur ses lignes, notamment de racks automatiques favorisant le travail des salari\u00e9s. \u00a9Amandine Vachez<br \/>\n    <img   decoding=\"async\" loading=\"lazy\" class=\"size-large\" src=\"https:\/\/www.europesays.com\/fr\/wp-content\/uploads\/2025\/06\/7b9040048e5868f9040048e5893a04v-960x640.jpeg\" alt=\"Careco Molins prend le virage de l'\u00e9lectrique. L'entreprise est \u00e9quip\u00e9e pour travailler sur les batteries. Ce qui implique des mesures de s\u00e9curit\u00e9 compl\u00e9mentaires.\" width=\"960\" height=\"640\"\/><br \/>\n    Careco Molins prend le virage de l\u2019\u00e9lectrique. L\u2019entreprise est \u00e9quip\u00e9e pour travailler sur les batteries. Ce qui implique des mesures de s\u00e9curit\u00e9 compl\u00e9mentaires. \u00a9Amandine VachezRassurer les usagers<\/p>\n<p class=\" wall-content\">En France \u00e0 ce jour, environ <b>7\u2009% des pi\u00e8ces chang\u00e9es sur une auto sont d\u2019occasion<\/b>, contre environ 20\u2009% en Espagne ou les pays nordiques, cite Manon Molins. \u00ab\u2009Ce n\u2019est pas encore d\u00e9mocratis\u00e9.\u2009\u00bb Pour permettre de favoriser le r\u00e9flexe, le site seclinois s\u2019adapte aux exigences des professionnels. \u00ab\u2009Il faut que notre service soit concurrentiel, pour ce que soit aussi pratique, et rassurant, de commander d\u2019occasion\u2009\u00bb, appuie la repr\u00e9sentante de l\u2019entreprise. Internet est un bel outil. <b>Entre 300 et 400 colis partent chaque jour<\/b>, \u00e0 destination de particuliers et de professionnels (environ 60\u2009%). \u00ab\u2009C\u2019est s\u00e9curis\u00e9, tout est trac\u00e9, garanti, test\u00e9\u2009\u00bb.<\/p>\n<p>    <img   decoding=\"async\" loading=\"lazy\" class=\"size-large\" src=\"https:\/\/www.europesays.com\/fr\/wp-content\/uploads\/2025\/06\/b829b1728e586dc29b1728e58a139bv-960x640.jpeg\" alt=\"Chez Careco Molins, les v\u00e9hicules sont analys\u00e9s, d\u00e9pollu\u00e9s et d\u00e9mont\u00e9s en atelier, avant l'\u00e9tape de valorisation de ses pi\u00e8ces d\u00e9tach\u00e9es.\" width=\"960\" height=\"640\"\/><br \/>\n    Chez Careco Molins, les v\u00e9hicules sont analys\u00e9s, d\u00e9pollu\u00e9s et d\u00e9mont\u00e9s en atelier, avant l\u2019\u00e9tape de valorisation de ses pi\u00e8ces d\u00e9tach\u00e9es. \u00a9Amandine VachezLutter contre la \u00ab\u2009criminalit\u00e9 environnementale\u2009\u00bb<\/p>\n<p class=\" wall-content\">\u00ab\u2009C\u2019est une fili\u00e8re tr\u00e8s concr\u00e8te, s\u00e9rieuse\u2009\u00bb, appuie Vanessa Montagne, Directrice g\u00e9n\u00e9rale de <a href=\"https:\/\/www.recyclermonvehicule.fr\/\" rel=\"nofollow noopener\" target=\"_blank\">RMV, Recycler mon v\u00e9hicule<\/a>, \u00e9co-organisme cr\u00e9\u00e9 en janvier\u00a02024 pour structurer la fili\u00e8re. \u00ab\u2009<b>1,2\u00a0million de v\u00e9hicules ont \u00e9t\u00e9 recycl\u00e9s en 2024 <\/b>en France, qui est dot\u00e9e de 1\u2009700 centres VHU\u2009\u00bb, pr\u00e9cise-t-elle. Seul point noir \u00e9voqu\u00e9\u2009: la lutte contre la revente illicite de pi\u00e8ces suite \u00e0 l\u2019abandon de v\u00e9hicules. \u00ab\u2009Ces pratiques compromettent les efforts de la fili\u00e8re\u2009\u00bb, souligne Vanessa Montagne. Un chantier sur lequel la ministre Agn\u00e8s Pannier-Runacher affirme travailler. \u00ab\u2009Lutter contre la criminalit\u00e9 environnementale \u2013 par la pr\u00e9sence des douanes, de la gendarmerie, de la police\u2026 Tout pour agir plus efficacement \u2013 est un projet que je porte au niveau europ\u00e9en\u2009\u00bb assure la repr\u00e9sentante de l\u2019\u00c9tat.<\/p>\n<p>    <img   decoding=\"async\" loading=\"lazy\" class=\"size-large\" src=\"https:\/\/www.europesays.com\/fr\/wp-content\/uploads\/2025\/06\/ea8ab1728e5860f8ab1728e58039abv-960x640.jpeg\" alt=\"D'immenses espaces de stockage permettent d'assurer la revente des produits (ici des moteurs en premier plan).\" width=\"960\" height=\"640\"\/><br \/>\n    D\u2019immenses espaces de stockage permettent d\u2019assurer la revente des produits (ici des moteurs en premier plan). \u00a9Amandine VachezDes produits entre 50 et 70\u2009% moins chers<\/p>\n<p class=\" wall-content\"><b>80 personnes travaillent sur le site de Seclin.<\/b> L\u2019entreprise locale en compte un autre, r\u00e9nov\u00e9 en 2019, \u00e0 Cuincy. Ce qui lui permet de largement couvrir le territoire du Nord \u2013 Pas-de-Calais. <b>La carrosserie, les phares, les moteurs\u2026<\/b> Tout ce qui peut \u00eatre valoris\u00e9 l\u2019est. Ce qui \u00ab\u2009vaut le coup\u2009\u00bb, d\u2019un point de vue rentabilit\u00e9, c\u2019est la revente des moteurs. Le march\u00e9 fluctue beaucoup en fonction de l\u2019offre et de la demande, indique Manon Molins, qui pr\u00e9cise que les pi\u00e8ces sont vendues entre 50 et 70\u2009% moins ch\u00e8res que neuves.<\/p>\n<p class=\" wall-content\">L\u2019entreprise ambitionne de <b>recruter une vingtaine de personnes sur 3\u00a0ans<\/b>, pour d\u00e9velopper encore son activit\u00e9. Elle mise sur <b>l\u2019\u00e9lectrique<\/b>, et l\u2019\u00e9volution des r\u00e9flexes des usagers. Manon Molins, qui a \u00e0 c\u0153ur de faire conna\u00eetre davantage ce m\u00e9tier au grand public, fait montre d\u2019optimisme\u2009: \u00ab\u2009Ensemble, nous faisons avancer une industrie plus verte, plus locale, plus ambitieuse\u2009!\u2009\u00bb<\/p>\n<p class=\" wall-content\">Suivez toute l\u2019actualit\u00e9 de vos villes et m\u00e9dias favoris en vous inscrivant \u00e0 <a href=\"https:\/\/moncompte.actu.fr\" title=\"D\u00e9couvez Mon Actu\" rel=\"nofollow noopener\" data-trk=\"{&quot;cta&quot;:{&quot;action&quot;:&quot;https:\\\/\\\/moncompte.actu.fr&quot;,&quot;category&quot;:&quot;mon compte&quot;,&quot;from&quot;:&quot;article footer&quot;,&quot;name&quot;:&quot;Mon actu&quot;,&quot;type&quot;:&quot;cta&quot;}}\" target=\"_blank\">Mon Actu<\/a>.<\/p>\n","protected":false},"excerpt":{"rendered":"Par Amandine Vachez Publi\u00e9 le 28 juin 2025 \u00e0 8h46 C\u2019est une \u00ab\u2009casse auto\u2009\u00bb tr\u00e8s moderne, car elle&hellip;\n","protected":false},"author":2,"featured_media":210384,"comment_status":"","ping_status":"","sticky":false,"template":"","format":"standard","meta":{"footnotes":""},"categories":[2815],"tags":[1111,11,646,51,33,1777,674,1011,27,811,1307,12,25],"class_list":{"0":"post-210383","1":"post","2":"type-post","3":"status-publish","4":"format-standard","5":"has-post-thumbnail","7":"category-lille","8":"tag-actu","9":"tag-actualites","10":"tag-automobile","11":"tag-ecologie","12":"tag-economie","13":"tag-eu","14":"tag-europe","15":"tag-fr","16":"tag-france","17":"tag-hauts-de-france","18":"tag-lille","19":"tag-news","20":"tag-republique-francaise"},"share_on_mastodon":{"url":"https:\/\/pubeurope.com\/@fr\/114759842277517550","error":""},"_links":{"self":[{"href":"https:\/\/www.europesays.com\/fr\/wp-json\/wp\/v2\/posts\/210383","targetHints":{"allow":["GET"]}}],"collection":[{"href":"https:\/\/www.europesays.com\/fr\/wp-json\/wp\/v2\/posts"}],"about":[{"href":"https:\/\/www.europesays.com\/fr\/wp-json\/wp\/v2\/types\/post"}],"author":[{"embeddable":true,"href":"https:\/\/www.europesays.com\/fr\/wp-json\/wp\/v2\/users\/2"}],"replies":[{"embeddable":true,"href":"https:\/\/www.europesays.com\/fr\/wp-json\/wp\/v2\/comments?post=210383"}],"version-history":[{"count":0,"href":"https:\/\/www.europesays.com\/fr\/wp-json\/wp\/v2\/posts\/210383\/revisions"}],"wp:featuredmedia":[{"embeddable":true,"href":"https:\/\/www.europesays.com\/fr\/wp-json\/wp\/v2\/media\/210384"}],"wp:attachment":[{"href":"https:\/\/www.europesays.com\/fr\/wp-json\/wp\/v2\/media?parent=210383"}],"wp:term":[{"taxonomy":"category","embeddable":true,"href":"https:\/\/www.europesays.com\/fr\/wp-json\/wp\/v2\/categories?post=210383"},{"taxonomy":"post_tag","embeddable":true,"href":"https:\/\/www.europesays.com\/fr\/wp-json\/wp\/v2\/tags?post=210383"}],"curies":[{"name":"wp","href":"https:\/\/api.w.org\/{rel}","templated":true}]}}