{"id":210412,"date":"2025-06-28T07:51:09","date_gmt":"2025-06-28T07:51:09","guid":{"rendered":"https:\/\/www.europesays.com\/fr\/210412\/"},"modified":"2025-06-28T07:51:09","modified_gmt":"2025-06-28T07:51:09","slug":"wolfsburg-fixe-un-sacre-prix-pour-amoura","status":"publish","type":"post","link":"https:\/\/www.europesays.com\/fr\/210412\/","title":{"rendered":"Wolfsburg fixe un sacr\u00e9 prix pour Amoura !"},"content":{"rendered":"<p><strong\/><\/p>\n<p><strong>Le dossier Mohamed Amoura continue d\u2019agiter le mercato<br \/>\nestival du c\u00f4t\u00e9 de Wolfsburg. Alors que le club allemand avait<br \/>\njusque-l\u00e0 refus\u00e9 toutes les offres formul\u00e9es pour son attaquant<br \/>\nalg\u00e9rien, la direction des \u00ab\u00a0Loups\u00a0\u00bb a finalement desserr\u00e9 l\u2019\u00e9tau\u2026<br \/>\ntout en imposant des conditions drastiques.<\/strong><\/p>\n<p data-start=\"73\" data-end=\"520\">Selon le m\u00e9dia allemand<br \/>\nKicker, Wolfsburg serait<br \/>\nd\u00e9sormais pr\u00eat \u00e0 c\u00e9der son buteur, <strong>mais uniquement contre<br \/>\nun montant sup\u00e9rieur \u00e0 40 millions d\u2019euros.<\/strong> Un chiffre<br \/>\njug\u00e9 \u00ab\u00a0exag\u00e9r\u00e9\u00a0\u00bb par certains observateurs, notamment si l&rsquo;on se fie<br \/>\n\u00e0 la valorisation actuelle du joueur sur Transfermarkt, estim\u00e9e \u00e0 <strong data-start=\"668\" data-end=\"691\">32 millions d\u2019euros<\/strong>. Une exigence qui<br \/>\nrisque de freiner les clubs int\u00e9ress\u00e9s, malgr\u00e9 l\u2019excellente saison<br \/>\nr\u00e9alis\u00e9e par l\u2019international alg\u00e9rien. Pour sa premi\u00e8re exp\u00e9rience<br \/>\ndans un championnat majeur, Amoura a brill\u00e9 : <strong data-start=\"890\" data-end=\"924\">10 buts et 12 passes d\u00e9cisives<\/strong> en 34<br \/>\napparitions, toutes comp\u00e9titions confondues.<\/p>\n<p data-start=\"977\" data-end=\"1343\">Des clubs comme<br \/>\n<strong data-start=\"993\" data-end=\"1013\">Bayer<br \/>\nLeverkusen<\/strong>,\u00a0<strong data-start=\"1030\" data-end=\"1043\">Francfort<\/strong> ou encore <strong data-start=\"1054\" data-end=\"1075\">Nottingham<\/strong> <strong data-start=\"1054\" data-end=\"1075\">Forest<\/strong> ont manifest\u00e9 un int\u00e9r\u00eat concret<br \/>\nces derni\u00e8res semaines. <strong>Toutefois, les exigences<br \/>\nfinanci\u00e8res \u00e9lev\u00e9es de Wolfsburg ont pour l\u2019instant gel\u00e9 toute<br \/>\nn\u00e9gociation s\u00e9rieuse.<\/strong> Une situation qui pourrait frustrer<br \/>\nAmoura, d\u00e9sireux de franchir un nouveau palier dans sa<br \/>\ncarri\u00e8re.<\/p>\n<p data-start=\"1345\" data-end=\"1618\">Il est \u00e0 noter \u00e9galement que<br \/>\nle contrat d\u2019Amoura, initialement un pr\u00eat avec option d\u2019achat<br \/>\ndepuis l\u2019Union Saint-Gilloise, <strong>a vu cette clause activ\u00e9e<br \/>\nr\u00e9cemment.<\/strong> Le joueur est donc d\u00e9sormais pleinement li\u00e9 \u00e0<br \/>\nWolfsburg, qui entend bien capitaliser sur sa valeur.<\/p>\n<p data-start=\"1620\" data-end=\"1829\" data-is-last-node=\"\" data-is-only-node=\"\">Reste \u00e0 savoir si un club osera r\u00e9pondre aux<br \/>\nattentes \u00e9lev\u00e9es des dirigeants allemands. D\u2019ici l\u00e0, <strong>Amoura<br \/>\ndevra peut-\u00eatre se r\u00e9soudre \u00e0 poursuivre l\u2019aventure en Bundesliga,<br \/>\nsauf \u00e9norme offre de derni\u00e8re minute.<\/strong><\/p>\n<p style=\"text-align: right;\" data-start=\"1620\" data-end=\"1829\" data-is-last-node=\"\" data-is-only-node=\"\">DZfoot<\/p>\n","protected":false},"excerpt":{"rendered":"Le dossier Mohamed Amoura continue d\u2019agiter le mercato estival du c\u00f4t\u00e9 de Wolfsburg. Alors que le club allemand&hellip;\n","protected":false},"author":2,"featured_media":210413,"comment_status":"","ping_status":"","sticky":false,"template":"","format":"standard","meta":{"footnotes":""},"categories":[1587],"tags":[11,672,1804,1805,1803,1777,674,1801,12,1802],"class_list":{"0":"post-210412","1":"post","2":"type-post","3":"status-publish","4":"format-standard","5":"has-post-thumbnail","7":"category-allemagne","8":"tag-actualites","9":"tag-allemagne","10":"tag-bundesrepublik-deutschland","11":"tag-de","12":"tag-deutschland","13":"tag-eu","14":"tag-europe","15":"tag-germany","16":"tag-news","17":"tag-republique-federale-dallemagne"},"share_on_mastodon":{"url":"https:\/\/pubeurope.com\/@fr\/114759905031424510","error":""},"_links":{"self":[{"href":"https:\/\/www.europesays.com\/fr\/wp-json\/wp\/v2\/posts\/210412","targetHints":{"allow":["GET"]}}],"collection":[{"href":"https:\/\/www.europesays.com\/fr\/wp-json\/wp\/v2\/posts"}],"about":[{"href":"https:\/\/www.europesays.com\/fr\/wp-json\/wp\/v2\/types\/post"}],"author":[{"embeddable":true,"href":"https:\/\/www.europesays.com\/fr\/wp-json\/wp\/v2\/users\/2"}],"replies":[{"embeddable":true,"href":"https:\/\/www.europesays.com\/fr\/wp-json\/wp\/v2\/comments?post=210412"}],"version-history":[{"count":0,"href":"https:\/\/www.europesays.com\/fr\/wp-json\/wp\/v2\/posts\/210412\/revisions"}],"wp:featuredmedia":[{"embeddable":true,"href":"https:\/\/www.europesays.com\/fr\/wp-json\/wp\/v2\/media\/210413"}],"wp:attachment":[{"href":"https:\/\/www.europesays.com\/fr\/wp-json\/wp\/v2\/media?parent=210412"}],"wp:term":[{"taxonomy":"category","embeddable":true,"href":"https:\/\/www.europesays.com\/fr\/wp-json\/wp\/v2\/categories?post=210412"},{"taxonomy":"post_tag","embeddable":true,"href":"https:\/\/www.europesays.com\/fr\/wp-json\/wp\/v2\/tags?post=210412"}],"curies":[{"name":"wp","href":"https:\/\/api.w.org\/{rel}","templated":true}]}}