{"id":210414,"date":"2025-06-28T07:52:13","date_gmt":"2025-06-28T07:52:13","guid":{"rendered":"https:\/\/www.europesays.com\/fr\/210414\/"},"modified":"2025-06-28T07:52:13","modified_gmt":"2025-06-28T07:52:13","slug":"leurope-termine-dans-le-vert-avec-lapaisement-des-tensions-internationales-27-06-2025-a-1754","status":"publish","type":"post","link":"https:\/\/www.europesays.com\/fr\/210414\/","title":{"rendered":"L&rsquo;Europe termine dans le vert avec l&rsquo;apaisement des tensions internationales &#8211; 27\/06\/2025 \u00e0 17:54"},"content":{"rendered":"<p>        <img fetchpriority=\"high\" decoding=\"async\" src=\"https:\/\/www.europesays.com\/fr\/wp-content\/uploads\/2025\/06\/a0d23ab79c92ebc1dbc4642f00c12b7b-760x439.jpg\" alt=\"Le graphique de l'indice boursier allemand DAX est affich\u00e9 \u00e0 la bourse de Francfort, Allemagne\" loading=\"eager\" width=\"760\" height=\"439\" style=\"max-width: 100%!important; height: auto;\"\/><\/p>\n<p class=\"c-image-news__legend\">Le graphique de l&rsquo;indice boursier allemand DAX est affich\u00e9 \u00e0 la bourse de Francfort, Allemagne<\/p>\n<p>\n Les Bourses europ\u00e9ennes ont termin\u00e9 en hausse vendredi, les investisseurs accueillant positivement le cessez-le-feu au Proche-Orient et des progr\u00e8s sur le front commercial.\n<\/p>\n<p>\n \u00c0 Paris, le CAC 40 a progress\u00e9 de 1,74% \u00e0 7688,92 points, tandis que le Dax allemand s&rsquo;est hiss\u00e9 de 1,48% et le Footsie britannique s&rsquo;est renforc\u00e9 de 0,66%.\n<\/p>\n<p>\n L&rsquo;indice EuroStoxx 50 a termin\u00e9 la s\u00e9ance sur une hausse de 1,32%, tandis que le FTSEurofirst 300 inscrivait un gain de 1,04% et que le Stoxx 600 prenait 1,09%.\n<\/p>\n<p>\n Le fragile cessez-le-feu entre Isra\u00ebl et l&rsquo;Iran tient et permet de faire baisser la pression sur les prix du p\u00e9trole, rassurant les march\u00e9s en cette fin de semaine.\n<\/p>\n<p>\n Des progr\u00e8s semblent \u00e9galement appara\u00eetre sur le front des tensions commerciales avec les Etats-Unis, la pr\u00e9sidente de la Commission europ\u00e9enne, Ursula von der Leyen, ayant indiqu\u00e9 avoir re\u00e7u jeudi le \u00ab\u00a0dernier document des Etats-Unis\u00a0\u00bb relatif aux n\u00e9gociations sur les droits de douane.\n<\/p>\n<p>\n Les march\u00e9s ont assez rapidement regard\u00e9 de l&rsquo;autre c\u00f4t\u00e9 de l&rsquo;Atlantique vendredi pour scruter les chiffres de l&rsquo;inflation PCE aux Etats-Unis pour le mois de mai, plut\u00f4t en ligne avec les attentes, mais traduisant aussi une contraction des d\u00e9penses de consommation.\n<\/p>\n<p>\n Les analystes et \u00e9conomistes affinent leurs anticipations de baisse des taux de la R\u00e9serve f\u00e9d\u00e9rale am\u00e9ricaine (Fed) \u00e0 la lecture de ces chiffres, alors que des voix se font entendre pour une baisse d\u00e8s juillet et que Jerome Powell, pr\u00e9sident de la banque centrale, r\u00e9p\u00e8te qu&rsquo;il entend encore attendre.\n<\/p>\n<p>\n \u00ab\u00a0Pour la Fed, qui dit \u00eatre en recherche de chiffres durs attestant d\u2019une d\u00e9gradation de l\u2019activit\u00e9, cela devrait \u00eatre une confirmation suppl\u00e9mentaire que l\u2019\u00e9conomie souffre \u00e0 cause de la hausse des droits de douane\u00a0\u00bb estime dans une note, Bastien Drut, responsable de la strat\u00e9gie et des \u00e9tudes \u00e9conomiques chez CPRAM.\n<\/p>\n<p>\n L&rsquo;institution, qui a opt\u00e9 pour le statu quo en juin, pr\u00e9voit toujours deux baisses cette ann\u00e9e plus tard tandis que les march\u00e9s estiment d\u00e9sormais \u00e0 plus de 20% une baisse des taux d\u00e8s juillet contre moins de 15% la semaine pr\u00e9c\u00e9dente.\n<\/p>\n<p>\n \u00ab\u00a0Les craintes d&rsquo;inflation li\u00e9es aux droits de douane devraient inciter la Fed \u00e0 ne pas bouger pour l&rsquo;instant, mais les arguments en faveur d&rsquo;une baisse des taux se multiplient\u00a0\u00bb, r\u00e9sument les analystes d&rsquo;ING dans une note vendredi.\n<\/p>\n<p>\n Dans ce contexte, les donn\u00e9es sur l&#8217;emploi am\u00e9ricain la semaine prochaine sont tr\u00e8s attendues, tout affaiblissement serait alors interpr\u00e9t\u00e9 comme un argument en plus d&rsquo;une faveur d&rsquo;une baisse plus rapide qu&rsquo;anticip\u00e9 des taux.\n<\/p>\n<p>\n VALEURS\n<\/p>\n<p>\n Puma et  ont pris 3,12% et 3,69% respectivement apr\u00e8s les perspectives meilleures que pr\u00e9vu publi\u00e9es jeudi par leur rival am\u00e9ricain Nike. A Londres, JD Sports a progress\u00e9 de 7,29%.\n<\/p>\n<p>\n En France, Worldline a enregistr\u00e9 la plus mauvaise performance du SBF 120 en perdant 8,53% apr\u00e8s que la justice belge a annonc\u00e9 l&rsquo;ouverture d&rsquo;une enqu\u00eate sur la filiale locale du groupe de paiement.\n<\/p>\n<p>\n Schneider Electric a affich\u00e9 la meilleure performance du CAC 40, avec un gain de 6,29%, apr\u00e8s que son directeur financier a rassur\u00e9 les investisseurs jeudi lors d&rsquo;un \u00e9change post-market.\n<\/p>\n<p>\n A WALL STREET\n<\/p>\n<p>\n A l&rsquo;heure de la cl\u00f4ture en Europe, les \u00e9changes \u00e0 la Bourse de New York indiquaient une progression de 0,97% pour le Dow Jones, contre 0,62% pour le Standard &amp; Poor&rsquo;s 500, et 0,61% pour le Nasdaq Composite.\n<\/p>\n<p>\n LES INDICATEURS DU JOUR\n<\/p>\n<p>\n L&rsquo;inflation en France a augment\u00e9 plus que pr\u00e9vu sur un an en juin \u00e0 +0,8%, selon les donn\u00e9es pr\u00e9liminaires publi\u00e9es vendredi par l&rsquo;Insee, tandis que les d\u00e9penses de consommation des m\u00e9nages en biens a moins ralenti que pr\u00e9vu. La baisse des prix \u00e0 la production s&rsquo;est quant \u00e0 elle att\u00e9nu\u00e9e en mai.\n<\/p>\n<p>\n En zone euro, le sentiment \u00e9conomique s&rsquo;est d\u00e9grad\u00e9 de mani\u00e8re inattendue en juin avec une \u00e9rosion plus forte qu&rsquo;anticip\u00e9 du moral dans le secteur de l&rsquo;industrie, ont montr\u00e9 les donn\u00e9es publi\u00e9es par la Commission europ\u00e9enne.\n<\/p>\n<p>\n Aux Etats-Unis, les prix \u00e0 la consommation ont augment\u00e9 \u00e0 la vitesse attendue sur un an en mai, ont montr\u00e9 les donn\u00e9es publi\u00e9es par le d\u00e9partement du Commerce, qui traduisent aussi une augmentation plus rapide qu&rsquo;attendue de l&rsquo;inflation sous-jacente et une baisse des d\u00e9penses de consommation des m\u00e9nages.\n<\/p>\n<p>\n Le moral des m\u00e9nages am\u00e9ricains s&rsquo;est am\u00e9lior\u00e9 en juin, selon les r\u00e9sultats d\u00e9finitifs de l&rsquo;enqu\u00eate mensuelle de l&rsquo;Universit\u00e9 du Michigan.\n<\/p>\n<p>\n CHANGES\n<\/p>\n<p>\n Le dollar, en l\u00e9g\u00e8re hausse, est tomb\u00e9 au plus bas face \u00e0 l&rsquo;euro en cours de s\u00e9ance depuis 2021 apr\u00e8s la publication de l&rsquo;inflation US.\n<\/p>\n<p>\n Le dollar gagne 0,13% face \u00e0 un panier de devises de r\u00e9f\u00e9rence, l&rsquo;euro se hisse de 0,13% \u00e0 1,1714 dollar, et la livre sterling perd 0,11% \u00e0 1,3712 dollar.\n<\/p>\n<p>\n TAUX\n<\/p>\n<p>\n Les rendements am\u00e9ricains sont en l\u00e9g\u00e8re progression, les investisseurs \u00e9valuant les probables d\u00e9cisions de politique mon\u00e9taire de la Fed.\n<\/p>\n<p>\n Le rendement du Treasury \u00e0 dix ans prend 1,6 pb \u00e0 4,269%, tandis que le rendement du titre \u00e0 deux ans progresse de 3,3 pb \u00e0 3,748%.\n<\/p>\n<p>\n Le rendement du dix ans allemand a perdu 0,3 pb \u00e0 2,594% comme celui du taux \u00e0 deux ans \u00e0 1,862%.\n<\/p>\n<p>\n P\u00c9TROLE\n<\/p>\n<p>\n Le p\u00e9trole, en rebond vendredi, enregistre une baisse hebdomadaire avec le cessez-le-feu entre Isra\u00ebl et l&rsquo;Iran qui r\u00e9duit les craintes de perturbation d&rsquo;approvisionnement en or noir.\n<\/p>\n<p>\n Le Brent progresse de 0,97% \u00e0 68,39 dollars le baril, le brut l\u00e9ger am\u00e9ricain (West Texas Intermediate, WTI) se rench\u00e9rit de 1,23% \u00e0 66,04 dollars.\n<\/p>\n<p>\n A SUIVRE SAMEDI 28 JUIN:\n<\/p>\n<p>\n LA SITUATION SUR LES MARCH\u00c9S\n<\/p>\n<p>\n (Certaines donn\u00e9es peuvent accuser un l\u00e9ger d\u00e9calage)\n<\/p>\n<p>\n (R\u00e9dig\u00e9 par Bertrand De Meyer, \u00e9dit\u00e9 par Zhifan Liu)<\/p>\n","protected":false},"excerpt":{"rendered":"Le graphique de l&rsquo;indice boursier allemand DAX est affich\u00e9 \u00e0 la bourse de Francfort, Allemagne Les Bourses europ\u00e9ennes&hellip;\n","protected":false},"author":2,"featured_media":210415,"comment_status":"","ping_status":"","sticky":false,"template":"","format":"standard","meta":{"footnotes":""},"categories":[1586],"tags":[400,11,398,408,405,1777,674,1011,27,403,402,399,404,12,25,401,406,407],"class_list":{"0":"post-210414","1":"post","2":"type-post","3":"status-publish","4":"format-standard","5":"has-post-thumbnail","7":"category-europe","8":"tag-action-cac-40","9":"tag-actualites","10":"tag-bourse-de-paris","11":"tag-boursorama","12":"tag-cotations","13":"tag-eu","14":"tag-europe","15":"tag-fr","16":"tag-france","17":"tag-indices-devises","18":"tag-investir","19":"tag-investissement","20":"tag-marche-boursier","21":"tag-news","22":"tag-republique-francaise","23":"tag-sicav","24":"tag-trackers","25":"tag-warrants"},"share_on_mastodon":{"url":"https:\/\/pubeurope.com\/@fr\/114759908956290745","error":""},"_links":{"self":[{"href":"https:\/\/www.europesays.com\/fr\/wp-json\/wp\/v2\/posts\/210414","targetHints":{"allow":["GET"]}}],"collection":[{"href":"https:\/\/www.europesays.com\/fr\/wp-json\/wp\/v2\/posts"}],"about":[{"href":"https:\/\/www.europesays.com\/fr\/wp-json\/wp\/v2\/types\/post"}],"author":[{"embeddable":true,"href":"https:\/\/www.europesays.com\/fr\/wp-json\/wp\/v2\/users\/2"}],"replies":[{"embeddable":true,"href":"https:\/\/www.europesays.com\/fr\/wp-json\/wp\/v2\/comments?post=210414"}],"version-history":[{"count":0,"href":"https:\/\/www.europesays.com\/fr\/wp-json\/wp\/v2\/posts\/210414\/revisions"}],"wp:featuredmedia":[{"embeddable":true,"href":"https:\/\/www.europesays.com\/fr\/wp-json\/wp\/v2\/media\/210415"}],"wp:attachment":[{"href":"https:\/\/www.europesays.com\/fr\/wp-json\/wp\/v2\/media?parent=210414"}],"wp:term":[{"taxonomy":"category","embeddable":true,"href":"https:\/\/www.europesays.com\/fr\/wp-json\/wp\/v2\/categories?post=210414"},{"taxonomy":"post_tag","embeddable":true,"href":"https:\/\/www.europesays.com\/fr\/wp-json\/wp\/v2\/tags?post=210414"}],"curies":[{"name":"wp","href":"https:\/\/api.w.org\/{rel}","templated":true}]}}