{"id":210422,"date":"2025-06-28T07:56:09","date_gmt":"2025-06-28T07:56:09","guid":{"rendered":"https:\/\/www.europesays.com\/fr\/210422\/"},"modified":"2025-06-28T07:56:09","modified_gmt":"2025-06-28T07:56:09","slug":"mine-de-rien-je-vais-pouvoir-apporter-ma-pierre-a-ledifice-malgre-son-forfait-pour-le-tour-de-france-david-gaudu-au-depart-des-championnats-de-france","status":"publish","type":"post","link":"https:\/\/www.europesays.com\/fr\/210422\/","title":{"rendered":"\u00ab\u00a0Mine de rien, je vais pouvoir apporter ma pierre \u00e0 l\u2019\u00e9difice\u00a0\u00bb\u00a0: malgr\u00e9 son forfait pour le Tour de France, David Gaudu au d\u00e9part des championnats de France"},"content":{"rendered":"<p>Dans quel \u00e9tat d\u2019esprit \u00eates-vous ?<\/p>\n<p>\u00c7a va\u2026 Je suis content d\u2019\u00eatre l\u00e0. Je n\u2019ai pas h\u00e9sit\u00e9 \u00e0 venir, \u00e7a reste un bon moment dans la saison, un bon moment collectif.<\/p>\n<p>On est presque surpris de vous retrouver au d\u00e9part\u2026<\/p>\n<p>Je l\u2018ai dit, \u00e7a reste un championnat de France. J\u2019ai manqu\u00e9 deux par le pass\u00e9 et ce n\u2019est jamais facile de regarder \u00e0 la t\u00e9l\u00e9vision et de voir les copains courir ensemble. C\u2019est l\u2019occasion de courir avec les autres Fran\u00e7ais de l\u2019\u00e9quipe, \u00e7a reste sympa.<\/p>\n<p>Qu\u2018en attendez-vous ?<\/p>\n<p>Mine de rien, je vais pouvoir apporter ma pierre \u00e0 l\u2019\u00e9difice. On verra bien comment \u00e7a va se passer. <a href=\"https:\/\/www.letelegramme.fr\/sports\/cyclisme\/y-aller-juste-pour-finir-ca-ne-sert-a-rien-david-gaudu-renonce-au-tour-de-france-6843488.php\" target=\"_blank\" rel=\"nofollow noopener\">Je n\u2019ai pas le niveau pour aller jouer sur le Tour de France<\/a> mais j\u2019ai le niveau pour aider dans l\u2019\u00e9quipe \u00e0 aller chercher le maillot, dimanche. Je ne suis pas le favori num\u00e9ro 1, on a Romain (Gr\u00e9goire) qui est l\u2019un des grands favoris. Si je me retrouve bien plac\u00e9 \u00e0 un moment de la course, cela pourra ajouter de la pression aux autres \u00e9quipes. Je ne sais m\u00eame pas dans quel \u00e9tat de forme je serai dimanche, mais les autres \u00e9quipes ne le savent pas non plus.<\/p>\n<p>Quel est votre objectif ?<\/p>\n<p>Prendre du plaisir et que n\u2019importe quel coureur de l\u2019\u00e9quipe ram\u00e8ne le maillot\u2026<\/p>\n","protected":false},"excerpt":{"rendered":"Dans quel \u00e9tat d\u2019esprit \u00eates-vous ? \u00c7a va\u2026 Je suis content d\u2019\u00eatre l\u00e0. Je n\u2019ai pas h\u00e9sit\u00e9 \u00e0&hellip;\n","protected":false},"author":2,"featured_media":210423,"comment_status":"","ping_status":"","sticky":false,"template":"","format":"standard","meta":{"footnotes":""},"categories":[4],"tags":[11,207,34966,765,3166,1011,27,33242,6821,12,2427,25,60],"class_list":{"0":"post-210422","1":"post","2":"type-post","3":"status-publish","4":"format-standard","5":"has-post-thumbnail","7":"category-france","8":"tag-actualites","9":"tag-cyclisme","10":"tag-david-gaudu","11":"tag-en-continu","12":"tag-en-continu-sports","13":"tag-fr","14":"tag-france","15":"tag-groupama-fdj","16":"tag-landivisiau","17":"tag-news","18":"tag-professionnels","19":"tag-republique-francaise","20":"tag-sports"},"share_on_mastodon":{"url":"https:\/\/pubeurope.com\/@fr\/114759924803838005","error":""},"_links":{"self":[{"href":"https:\/\/www.europesays.com\/fr\/wp-json\/wp\/v2\/posts\/210422","targetHints":{"allow":["GET"]}}],"collection":[{"href":"https:\/\/www.europesays.com\/fr\/wp-json\/wp\/v2\/posts"}],"about":[{"href":"https:\/\/www.europesays.com\/fr\/wp-json\/wp\/v2\/types\/post"}],"author":[{"embeddable":true,"href":"https:\/\/www.europesays.com\/fr\/wp-json\/wp\/v2\/users\/2"}],"replies":[{"embeddable":true,"href":"https:\/\/www.europesays.com\/fr\/wp-json\/wp\/v2\/comments?post=210422"}],"version-history":[{"count":0,"href":"https:\/\/www.europesays.com\/fr\/wp-json\/wp\/v2\/posts\/210422\/revisions"}],"wp:featuredmedia":[{"embeddable":true,"href":"https:\/\/www.europesays.com\/fr\/wp-json\/wp\/v2\/media\/210423"}],"wp:attachment":[{"href":"https:\/\/www.europesays.com\/fr\/wp-json\/wp\/v2\/media?parent=210422"}],"wp:term":[{"taxonomy":"category","embeddable":true,"href":"https:\/\/www.europesays.com\/fr\/wp-json\/wp\/v2\/categories?post=210422"},{"taxonomy":"post_tag","embeddable":true,"href":"https:\/\/www.europesays.com\/fr\/wp-json\/wp\/v2\/tags?post=210422"}],"curies":[{"name":"wp","href":"https:\/\/api.w.org\/{rel}","templated":true}]}}