{"id":210425,"date":"2025-06-28T07:58:08","date_gmt":"2025-06-28T07:58:08","guid":{"rendered":"https:\/\/www.europesays.com\/fr\/210425\/"},"modified":"2025-06-28T07:58:08","modified_gmt":"2025-06-28T07:58:08","slug":"beach-volley-continental-cup-8es-les-lions-sinclinent-devant-le-mozambique","status":"publish","type":"post","link":"https:\/\/www.europesays.com\/fr\/210425\/","title":{"rendered":"Beach-volley &#8211; Continental Cup (8es) : Les Lions s&rsquo;inclinent devant le Mozambique"},"content":{"rendered":"<p>Apr\u00e8s une phase de groupe ma\u00eetris\u00e9e, le S\u00e9n\u00e9gal s\u2019incline devant le Mozambique en huiti\u00e8mes de finale, ce vendredi. Les Lions ont \u00e9t\u00e9 battus sur le score de 2 \u00e0 1.<\/p>\n<p>Le S\u00e9n\u00e9gal n\u2019a pas pu encha\u00eener une troisi\u00e8me victoire dans la Continental Cup de Beach-volley. Oppos\u00e9s au Mozambique en huiti\u00e8mes de finale ce vendredi, les Lions ont \u00e9t\u00e9 battus par le vice-champion d\u2019Afrique sur le score de 2 \u00e0 1. Pourtant, le S\u00e9n\u00e9gal avait r\u00e9ussi deux succ\u00e8s de rang en phase de groupe contre la Gambie et le Rwanda.<\/p>\n<p>Le S\u00e9n\u00e9gal est donc \u00e9limin\u00e9 de la comp\u00e9tition apr\u00e8s une phase de groupe boucl\u00e9e par un carton plein bien ma\u00eetris\u00e9. \u00c0 suivre\u00a0!!!<\/p>\n<p>\u00a0<\/p>\n<p>wiwsport.com<\/p>\n","protected":false},"excerpt":{"rendered":"Apr\u00e8s une phase de groupe ma\u00eetris\u00e9e, le S\u00e9n\u00e9gal s\u2019incline devant le Mozambique en huiti\u00e8mes de finale, ce vendredi.&hellip;\n","protected":false},"author":2,"featured_media":210426,"comment_status":"","ping_status":"","sticky":false,"template":"","format":"standard","meta":{"footnotes":""},"categories":[1417],"tags":[1011,27,60,1470,1469],"class_list":{"0":"post-210425","1":"post","2":"type-post","3":"status-publish","4":"format-standard","5":"has-post-thumbnail","7":"category-volley","8":"tag-fr","9":"tag-france","10":"tag-sports","11":"tag-volley","12":"tag-volleyball"},"share_on_mastodon":{"url":"https:\/\/pubeurope.com\/@fr\/114759932539914297","error":""},"_links":{"self":[{"href":"https:\/\/www.europesays.com\/fr\/wp-json\/wp\/v2\/posts\/210425","targetHints":{"allow":["GET"]}}],"collection":[{"href":"https:\/\/www.europesays.com\/fr\/wp-json\/wp\/v2\/posts"}],"about":[{"href":"https:\/\/www.europesays.com\/fr\/wp-json\/wp\/v2\/types\/post"}],"author":[{"embeddable":true,"href":"https:\/\/www.europesays.com\/fr\/wp-json\/wp\/v2\/users\/2"}],"replies":[{"embeddable":true,"href":"https:\/\/www.europesays.com\/fr\/wp-json\/wp\/v2\/comments?post=210425"}],"version-history":[{"count":0,"href":"https:\/\/www.europesays.com\/fr\/wp-json\/wp\/v2\/posts\/210425\/revisions"}],"wp:featuredmedia":[{"embeddable":true,"href":"https:\/\/www.europesays.com\/fr\/wp-json\/wp\/v2\/media\/210426"}],"wp:attachment":[{"href":"https:\/\/www.europesays.com\/fr\/wp-json\/wp\/v2\/media?parent=210425"}],"wp:term":[{"taxonomy":"category","embeddable":true,"href":"https:\/\/www.europesays.com\/fr\/wp-json\/wp\/v2\/categories?post=210425"},{"taxonomy":"post_tag","embeddable":true,"href":"https:\/\/www.europesays.com\/fr\/wp-json\/wp\/v2\/tags?post=210425"}],"curies":[{"name":"wp","href":"https:\/\/api.w.org\/{rel}","templated":true}]}}