{"id":210427,"date":"2025-06-28T07:59:10","date_gmt":"2025-06-28T07:59:10","guid":{"rendered":"https:\/\/www.europesays.com\/fr\/210427\/"},"modified":"2025-06-28T07:59:10","modified_gmt":"2025-06-28T07:59:10","slug":"juan-cruz-mallia-largentin-titulaire-pour-la-quatrieme-fois-en-cinq-finales-du-stade-toulousain","status":"publish","type":"post","link":"https:\/\/www.europesays.com\/fr\/210427\/","title":{"rendered":"Juan Cruz Mallia, l&rsquo;Argentin titulaire pour la quatri\u00e8me fois en cinq finales du Stade Toulousain"},"content":{"rendered":"\n<p>\u00ab\u00a0Ici, je me suis compl\u00e8tement lib\u00e9r\u00e9\u00a0\u00bb\u00a0: Juan Cruz Mallia, l&rsquo;Argentin titulaire pour la quatri\u00e8me fois en cinq finales du Stade Toulousain<\/p>\n<p>Dans l&rsquo;effectif depuis janvier 2021, l&rsquo;Argentin Juan Cruz Mallia (28\u00a0ans) est devenu un meilleur joueur au Stade Toulousain. Titulaire lors de quatre des cinq derni\u00e8res finales du club, toutes comp\u00e9titions confondues, il le sera encore samedi soir face \u00e0 l&rsquo;UBB, sur l&rsquo;aile droite.<\/p>\n","protected":false},"excerpt":{"rendered":"\u00ab\u00a0Ici, je me suis compl\u00e8tement lib\u00e9r\u00e9\u00a0\u00bb\u00a0: Juan Cruz Mallia, l&rsquo;Argentin titulaire pour la quatri\u00e8me fois en cinq finales&hellip;\n","protected":false},"author":2,"featured_media":210428,"comment_status":"","ping_status":"","sticky":false,"template":"","format":"standard","meta":{"footnotes":""},"categories":[1416],"tags":[1011,27,479,1468,60],"class_list":{"0":"post-210427","1":"post","2":"type-post","3":"status-publish","4":"format-standard","5":"has-post-thumbnail","7":"category-rugby","8":"tag-fr","9":"tag-france","10":"tag-rugby","11":"tag-rugby-football","12":"tag-sports"},"share_on_mastodon":{"url":"https:\/\/pubeurope.com\/@fr\/114759936518160234","error":""},"_links":{"self":[{"href":"https:\/\/www.europesays.com\/fr\/wp-json\/wp\/v2\/posts\/210427","targetHints":{"allow":["GET"]}}],"collection":[{"href":"https:\/\/www.europesays.com\/fr\/wp-json\/wp\/v2\/posts"}],"about":[{"href":"https:\/\/www.europesays.com\/fr\/wp-json\/wp\/v2\/types\/post"}],"author":[{"embeddable":true,"href":"https:\/\/www.europesays.com\/fr\/wp-json\/wp\/v2\/users\/2"}],"replies":[{"embeddable":true,"href":"https:\/\/www.europesays.com\/fr\/wp-json\/wp\/v2\/comments?post=210427"}],"version-history":[{"count":0,"href":"https:\/\/www.europesays.com\/fr\/wp-json\/wp\/v2\/posts\/210427\/revisions"}],"wp:featuredmedia":[{"embeddable":true,"href":"https:\/\/www.europesays.com\/fr\/wp-json\/wp\/v2\/media\/210428"}],"wp:attachment":[{"href":"https:\/\/www.europesays.com\/fr\/wp-json\/wp\/v2\/media?parent=210427"}],"wp:term":[{"taxonomy":"category","embeddable":true,"href":"https:\/\/www.europesays.com\/fr\/wp-json\/wp\/v2\/categories?post=210427"},{"taxonomy":"post_tag","embeddable":true,"href":"https:\/\/www.europesays.com\/fr\/wp-json\/wp\/v2\/tags?post=210427"}],"curies":[{"name":"wp","href":"https:\/\/api.w.org\/{rel}","templated":true}]}}