{"id":210449,"date":"2025-06-28T08:12:10","date_gmt":"2025-06-28T08:12:10","guid":{"rendered":"https:\/\/www.europesays.com\/fr\/210449\/"},"modified":"2025-06-28T08:12:10","modified_gmt":"2025-06-28T08:12:10","slug":"cette-couleur-ne-devrait-pas-exister-des-chats-affichent-un-pelage-que-la-genetique-jugeait-impossible","status":"publish","type":"post","link":"https:\/\/www.europesays.com\/fr\/210449\/","title":{"rendered":"\u00ab Cette couleur ne devrait pas exister \u00bb : des chats affichent un pelage que la g\u00e9n\u00e9tique jugeait impossible"},"content":{"rendered":"<tr>\n<td><strong>EN BREF<\/strong><\/td>\n<\/tr>\n<tr>\n<td>\n<ul>\n<li>\ud83d\udc3e D\u00e9couverte d\u2019une nouvelle couleur de pelage chez les chats, appel\u00e9e <strong>salmiak<\/strong>, pr\u00e9sentant un m\u00e9lange unique de noir, blanc et gris.<\/li>\n<li>La teinte salmiak r\u00e9sulte d\u2019une <strong>mutation g\u00e9n\u00e9tique r\u00e9cessive<\/strong> et non de l\u2019expression du g\u00e8ne responsable des chats blancs.<\/li>\n<li>Cette d\u00e9couverte remet en question notre compr\u00e9hension des <strong>g\u00e8nes de coloration<\/strong> et a \u00e9t\u00e9 publi\u00e9e dans la revue scientifique Animal Genetics.<\/li>\n<li>La communaut\u00e9 f\u00e9line montre un int\u00e9r\u00eat croissant pour le salmiak, influen\u00e7ant les <strong>pratiques d\u2019\u00e9levage<\/strong> et les normes d\u2019expositions f\u00e9lines.<\/li>\n<\/ul>\n<\/td>\n<\/tr>\n<p>Les chats ont toujours fascin\u00e9 par leur diversit\u00e9 de couleurs et de motifs. Du noir myst\u00e9rieux au blanc immacul\u00e9 en passant par les nuances d\u2019orange et les motifs tigr\u00e9s, chaque chat poss\u00e8de un charme unique. R\u00e9cemment, une nouvelle couleur a \u00e9t\u00e9 identifi\u00e9e, \u00e9merveillant \u00e0 la fois amateurs et experts. Baptis\u00e9e <strong>salmiak<\/strong>, ou \u00ab\u00a0r\u00e9glisse sal\u00e9e\u00a0\u00bb, cette teinte intrigante offre une perspective nouvelle sur la g\u00e9n\u00e9tique f\u00e9line.<\/p>\n<p>La d\u00e9couverte du salmiak : une nouvelle teinte f\u00e9line<\/p>\n<p>Le salmiak est une d\u00e9couverte r\u00e9cente dans le monde des couleurs de chats. Cette teinte, qui doit son nom \u00e0 une friandise populaire en Finlande, pr\u00e9sente un m\u00e9lange unique de noir, blanc et gris. Le ph\u00e9nom\u00e8ne s\u2019explique par des poils qui commencent noirs \u00e0 la racine et s\u2019\u00e9claircissent progressivement jusqu\u2019\u00e0 devenir blancs \u00e0 l\u2019extr\u00e9mit\u00e9. Cette variation de couleur a \u00e9t\u00e9 pour la premi\u00e8re fois remarqu\u00e9e en 2007, mais ce n\u2019est qu\u2019en 2019 qu\u2019elle a attir\u00e9 l\u2019attention d\u2019un groupe d\u2019experts en g\u00e9n\u00e9tique f\u00e9line, dirig\u00e9 par la g\u00e9n\u00e9ticienne Heidi Anderson. <strong>Leur recherche a permis de confirmer que cette couleur est due \u00e0 une mutation g\u00e9n\u00e9tique r\u00e9cessive<\/strong>, et non \u00e0 l\u2019expression d\u2019un g\u00e8ne connu pour rendre les chats blancs.<\/p>\n<blockquote class=\"wp-embedded-content\" data-secret=\"VOYuQLq3GJ\">\n<p><a href=\"https:\/\/www.innovant.fr\/2025\/05\/24\/un-champignon-ravageur-menace-les-recoltes-mais-un-epinard-sauvage-pourrait-tout-changer\/\" rel=\"nofollow noopener\" target=\"_blank\">Un champignon ravageur menace les r\u00e9coltes, mais un \u00e9pinard sauvage pourrait tout changer<\/a><\/p>\n<\/blockquote>\n<p>Les implications g\u00e9n\u00e9tiques de la couleur salmiak<\/p>\n<p>En termes de g\u00e9n\u00e9tique, l\u2019apparition de la couleur salmiak repr\u00e9sente une avanc\u00e9e fascinante. Contrairement aux hypoth\u00e8ses initiales des chercheurs, qui pensaient que cette couleur r\u00e9sultait d\u2019une variation du g\u00e8ne de dilution, il a \u00e9t\u00e9 d\u00e9couvert qu\u2019une mutation g\u00e9n\u00e9tique r\u00e9cessive en \u00e9tait la cause. Cette d\u00e9couverte remet en question notre compr\u00e9hension des g\u00e8nes responsables de la coloration des poils chez les chats. <strong>La publication des r\u00e9sultats dans la revue Animal Genetics souligne l\u2019importance de cette recherche<\/strong>, ouvrant ainsi la voie \u00e0 de nouvelles \u00e9tudes sur l\u2019impact des mutations g\u00e9n\u00e9tiques sur l\u2019apparence des animaux.<\/p>\n<blockquote class=\"wp-embedded-content\" data-secret=\"qsZY5FqB7g\">\n<p><a href=\"https:\/\/www.innovant.fr\/2025\/05\/26\/ce-test-ultrarapide-bouleverse-la-pediatrie-les-maladies-genetiques-rares-identifiees-en-quelques-heures-seulement\/\" rel=\"nofollow noopener\" target=\"_blank\">Ce test ultrarapide bouleverse la p\u00e9diatrie : les maladies g\u00e9n\u00e9tiques rares identifi\u00e9es en quelques heures seulement<\/a><\/p>\n<\/blockquote>\n<p>Un ph\u00e9nom\u00e8ne observ\u00e9 \u00e0 travers l\u2019histoire<\/p>\n<p>L\u2019observation de nouvelles couleurs de pelage chez les animaux n\u2019est pas un ph\u00e9nom\u00e8ne nouveau. Tout au long de l\u2019histoire, les mutations g\u00e9n\u00e9tiques ont conduit \u00e0 l\u2019apparition de nouvelles teintes et motifs chez de nombreuses esp\u00e8ces. Cependant, la d\u00e9couverte du salmiak est particuli\u00e8rement notable en raison de son apparence unique et de sa r\u00e9cente reconnaissance officielle. Les chercheurs s\u2019efforcent d\u00e9sormais de comprendre comment cette couleur pourrait influencer la s\u00e9lection naturelle et l\u2019\u00e9volution des chats domestiques. <strong>Des \u00e9tudes comparatives avec d\u2019autres esp\u00e8ces pourraient r\u00e9v\u00e9ler des parall\u00e8les int\u00e9ressants<\/strong>, offrant ainsi un aper\u00e7u plus large du r\u00f4le des mutations g\u00e9n\u00e9tiques dans l\u2019\u00e9volution.<\/p>\n<blockquote class=\"wp-embedded-content\" data-secret=\"GCmVtHeJT2\">\n<p><a href=\"https:\/\/www.innovant.fr\/2025\/03\/13\/10-000-influenceurs-boostent-leur-notoriete-avec-cette-methode-acheter-des-fans-com-simpose-pour-exploser-sur-les-reseaux-sociaux\/\" rel=\"nofollow noopener\" target=\"_blank\">\u00ab\u00a010 000 influenceurs boostent leur notori\u00e9t\u00e9 avec cette m\u00e9thode\u00a0\u00bb : Acheter-des-Fans.com s\u2019impose pour exploser sur les r\u00e9seaux sociaux<\/a><\/p>\n<\/blockquote>\n<p>Impact de la d\u00e9couverte sur la communaut\u00e9 f\u00e9line<\/p>\n<p>La reconnaissance officielle de la couleur salmiak a suscit\u00e9 un vif int\u00e9r\u00eat au sein de la communaut\u00e9 f\u00e9line. Les \u00e9leveurs, les propri\u00e9taires de chats et les passionn\u00e9s de f\u00e9lins manifestent un enthousiasme croissant pour cette nouvelle teinte. <strong>Cette d\u00e9couverte pourrait influencer les pratiques d\u2019\u00e9levage, avec une attention accrue port\u00e9e \u00e0 la pr\u00e9servation et \u00e0 la promotion de cette couleur unique<\/strong>. De plus, elle pourrait \u00e9galement inspirer des changements dans les normes et classifications des expositions f\u00e9lines, en reconnaissant la diversit\u00e9 et l\u2019originalit\u00e9 des couleurs de pelage. L\u2019engouement pour le salmiak pourrait ainsi encourager une plus grande appr\u00e9ciation de la diversit\u00e9 g\u00e9n\u00e9tique chez les chats domestiques.<\/p>\n<p>La d\u00e9couverte de la couleur salmiak chez les chats soul\u00e8ve de nombreuses questions passionnantes. Comment cette mutation influencera-t-elle l\u2019avenir de la g\u00e9n\u00e9tique f\u00e9line et quelles autres surprises g\u00e9n\u00e9tiques nous attendent-elles dans le r\u00e8gne animal ?<\/p>\n<p>L\u2019auteur s\u2019est appuy\u00e9 sur l\u2019intelligence artificielle pour enrichir cet article.<\/p>\n<p id=\"rating\">\u00c7a vous a plu ?\u00a04.5\/5 (21)<\/p>\n","protected":false},"excerpt":{"rendered":"EN BREF \ud83d\udc3e D\u00e9couverte d\u2019une nouvelle couleur de pelage chez les chats, appel\u00e9e salmiak, pr\u00e9sentant un m\u00e9lange unique&hellip;\n","protected":false},"author":2,"featured_media":210450,"comment_status":"","ping_status":"","sticky":false,"template":"","format":"standard","meta":{"footnotes":""},"categories":[10],"tags":[1011,27,72,71],"class_list":{"0":"post-210449","1":"post","2":"type-post","3":"status-publish","4":"format-standard","5":"has-post-thumbnail","7":"category-sante","8":"tag-fr","9":"tag-france","10":"tag-health","11":"tag-sante"},"share_on_mastodon":{"url":"https:\/\/pubeurope.com\/@fr\/114759987620028792","error":""},"_links":{"self":[{"href":"https:\/\/www.europesays.com\/fr\/wp-json\/wp\/v2\/posts\/210449","targetHints":{"allow":["GET"]}}],"collection":[{"href":"https:\/\/www.europesays.com\/fr\/wp-json\/wp\/v2\/posts"}],"about":[{"href":"https:\/\/www.europesays.com\/fr\/wp-json\/wp\/v2\/types\/post"}],"author":[{"embeddable":true,"href":"https:\/\/www.europesays.com\/fr\/wp-json\/wp\/v2\/users\/2"}],"replies":[{"embeddable":true,"href":"https:\/\/www.europesays.com\/fr\/wp-json\/wp\/v2\/comments?post=210449"}],"version-history":[{"count":0,"href":"https:\/\/www.europesays.com\/fr\/wp-json\/wp\/v2\/posts\/210449\/revisions"}],"wp:featuredmedia":[{"embeddable":true,"href":"https:\/\/www.europesays.com\/fr\/wp-json\/wp\/v2\/media\/210450"}],"wp:attachment":[{"href":"https:\/\/www.europesays.com\/fr\/wp-json\/wp\/v2\/media?parent=210449"}],"wp:term":[{"taxonomy":"category","embeddable":true,"href":"https:\/\/www.europesays.com\/fr\/wp-json\/wp\/v2\/categories?post=210449"},{"taxonomy":"post_tag","embeddable":true,"href":"https:\/\/www.europesays.com\/fr\/wp-json\/wp\/v2\/tags?post=210449"}],"curies":[{"name":"wp","href":"https:\/\/api.w.org\/{rel}","templated":true}]}}