{"id":210471,"date":"2025-06-28T08:26:13","date_gmt":"2025-06-28T08:26:13","guid":{"rendered":"https:\/\/www.europesays.com\/fr\/210471\/"},"modified":"2025-06-28T08:26:13","modified_gmt":"2025-06-28T08:26:13","slug":"nikoloz-narmania-quitte-biarritz-pour-signer-en-top-14","status":"publish","type":"post","link":"https:\/\/www.europesays.com\/fr\/210471\/","title":{"rendered":"Nikoloz Narmania quitte Biarritz pour signer en Top 14"},"content":{"rendered":"<p style=\"text-align: justify;\"><strong>TRANSFERTS RUGBY \u2013 Selon les m\u00e9dias g\u00e9orgiens et <a href=\"https:\/\/www.rugbyrama.fr\/2025\/06\/28\/transferts-top-14-nikoloz-narmania-est-en-contacts-avances-avec-toulon-12791153.php\" target=\"_blank\" rel=\"noopener nofollow\">Rugbyrama<\/a>, Nikoloz Narmania (24 ans) va quitter le Biarritz Olympique pour rejoindre le RC Toulon.<\/strong><\/p>\n<p style=\"text-align: justify;\">Le <strong>RC<\/strong> <strong>Toulon<\/strong> a r\u00e9alis\u00e9 une saison pleine, mais n\u2019a pas r\u00e9ussi \u00e0 aller chercher un titre en tombant face au <strong>Stade<\/strong> <strong>Toulousain<\/strong> en <strong>Champions<\/strong> <strong>Cup<\/strong> et \u00e0 l\u2019<strong>Union Bordeaux-B\u00e8gles<\/strong> en Top 14. Le club de la Rade peut n\u00e9anmoins capitaliser sur ces derniers mois en \u00e9tant la seule \u00e9quipe \u00e0 tenir le rythme des deux finalistes de Top 14 lors de la phase r\u00e9guli\u00e8re.<\/p>\n<p>Nikoloz Narmania \u00e0 Toulon<\/p>\n<p style=\"text-align: justify;\">Pour la saison prochaine, <strong>Pierre<\/strong> <strong>Mignoni<\/strong> a r\u00e9alis\u00e9 plusieurs jolis coups, comme la signature du trois-quarts polyvalent <a href=\"https:\/\/dicodusport.fr\/blog\/transferts-brive-mathis-ferte-tout-proche-de-signer-en-top-14\/\" rel=\"nofollow noopener\" target=\"_blank\"><strong>Mathis<\/strong> <strong>Fert\u00e9<\/strong><\/a> en provenance de <strong>Brive<\/strong> ou celle du troisi\u00e8me ligne <strong>Zach<\/strong> <strong>Mercer<\/strong> qui arrive de <strong>Gloucester<\/strong>. Les Varois ont appris il y a quelques semaines le d\u00e9part de leur pilier droit <strong>Emerick<\/strong> <strong>Setiano<\/strong>. Ce dernier s\u2019est engag\u00e9 avec l\u2019Aviron Bayonnais pour plusieurs saisons alors que le RCT a d\u00fb se mettre en qu\u00eate d\u2019un rempla\u00e7ant.<\/p>\n<p style=\"text-align: justify;\">Pour le remplacer, le nom de <strong>Paul<\/strong> <strong>Mallez<\/strong> a circul\u00e9, mais le pilier polyvalent va bien retourner au <strong>Stade<\/strong> <strong>Toulousain<\/strong> apr\u00e8s deux ans en pr\u00eat. Toulon, qui cherche un pilier droit avec le statut JIFF, a donc continuer \u00e0 explorer certaines options et a finalement trouv\u00e9 un accord avec <strong>Nikoloz<\/strong> <strong>Narmania<\/strong>. Le pilier droit g\u00e9orgien \u00e9tait sous contrat avec Biarritz jusqu\u2019en 2026, mais un accord est en passe d\u2019\u00eatre trouv\u00e9 pour qu\u2019il puisse rejoindre la Rade. Il sera le num\u00e9ro 3 dans la hi\u00e9rarchie apr\u00e8s <strong>Kyle<\/strong> <strong>Sinckler<\/strong> et <strong>Beka<\/strong> <strong>Gigashvili<\/strong>.<\/p>\n<p style=\"text-align: justify;\"><strong>\u00c0 ce sujet<\/strong><\/p>\n<p><a href=\"https:\/\/dicodusport.fr\/blog\/transferts-rc-toulon-2025-arrivees-departs-et-prolongations\/\" class=\"vlp-link\" title=\"Transferts RC Toulon 2025 : Recrues, d\u00e9parts et prolongations\" rel=\"nofollow noopener\" target=\"_blank\"><img loading=\"lazy\" decoding=\"async\" style=\"max-width: 792px;\" width=\"792\" height=\"445\" class=\"attachment-800x445 size-800x445 perfmatters-lazy\" alt=\"Transferts Rugby Garry Ringrose, Mathis Fert\u00e9, Karim Ghezal, les infos du jeudi 5 d\u00e9cembre\" src=\"https:\/\/www.europesays.com\/fr\/wp-content\/uploads\/2025\/05\/Transferts-Rugby-Garry-Ringrose-Mathis-Ferte-Karim-Ghezal-les-infos-du-jeudi-5-decembre.png\"  data-\/><\/p>\n<p>Transferts RC Toulon 2025 : Recrues, d\u00e9parts et prolongations<\/p>\n<p>Arriv\u00e9es, d\u00e9parts et prolongations au RC Toulon<\/p>\n<p>Lire l&rsquo;article<\/p>\n<p>dicodusport.fr<\/p>\n","protected":false},"excerpt":{"rendered":"TRANSFERTS RUGBY \u2013 Selon les m\u00e9dias g\u00e9orgiens et Rugbyrama, Nikoloz Narmania (24 ans) va quitter le Biarritz Olympique&hellip;\n","protected":false},"author":2,"featured_media":210472,"comment_status":"","ping_status":"","sticky":false,"template":"","format":"standard","meta":{"footnotes":""},"categories":[9619],"tags":[1111,11,2113,1777,674,1011,27,12,882,8177,25,2310,477],"class_list":{"0":"post-210471","1":"post","2":"type-post","3":"status-publish","4":"format-standard","5":"has-post-thumbnail","7":"category-toulon","8":"tag-actu","9":"tag-actualites","10":"tag-breve","11":"tag-eu","12":"tag-europe","13":"tag-fr","14":"tag-france","15":"tag-news","16":"tag-provence-alpes-cote-dazur","17":"tag-rc-toulon","18":"tag-republique-francaise","19":"tag-toulon","20":"tag-transferts-rugby"},"share_on_mastodon":{"url":"https:\/\/pubeurope.com\/@fr\/114760043015122120","error":""},"_links":{"self":[{"href":"https:\/\/www.europesays.com\/fr\/wp-json\/wp\/v2\/posts\/210471","targetHints":{"allow":["GET"]}}],"collection":[{"href":"https:\/\/www.europesays.com\/fr\/wp-json\/wp\/v2\/posts"}],"about":[{"href":"https:\/\/www.europesays.com\/fr\/wp-json\/wp\/v2\/types\/post"}],"author":[{"embeddable":true,"href":"https:\/\/www.europesays.com\/fr\/wp-json\/wp\/v2\/users\/2"}],"replies":[{"embeddable":true,"href":"https:\/\/www.europesays.com\/fr\/wp-json\/wp\/v2\/comments?post=210471"}],"version-history":[{"count":0,"href":"https:\/\/www.europesays.com\/fr\/wp-json\/wp\/v2\/posts\/210471\/revisions"}],"wp:featuredmedia":[{"embeddable":true,"href":"https:\/\/www.europesays.com\/fr\/wp-json\/wp\/v2\/media\/210472"}],"wp:attachment":[{"href":"https:\/\/www.europesays.com\/fr\/wp-json\/wp\/v2\/media?parent=210471"}],"wp:term":[{"taxonomy":"category","embeddable":true,"href":"https:\/\/www.europesays.com\/fr\/wp-json\/wp\/v2\/categories?post=210471"},{"taxonomy":"post_tag","embeddable":true,"href":"https:\/\/www.europesays.com\/fr\/wp-json\/wp\/v2\/tags?post=210471"}],"curies":[{"name":"wp","href":"https:\/\/api.w.org\/{rel}","templated":true}]}}