{"id":210475,"date":"2025-06-28T08:28:13","date_gmt":"2025-06-28T08:28:13","guid":{"rendered":"https:\/\/www.europesays.com\/fr\/210475\/"},"modified":"2025-06-28T08:28:13","modified_gmt":"2025-06-28T08:28:13","slug":"15-000-colis-alimentaires-distribues-depuis-septembre-le-scum-temoin-de-la-hausse-de-la-precarite-des-etudiants-a-montpellier","status":"publish","type":"post","link":"https:\/\/www.europesays.com\/fr\/210475\/","title":{"rendered":"\u00ab\u00a015\u00a0000 colis alimentaires distribu\u00e9s depuis septembre\u00a0\u00bb\u00a0: le Scum t\u00e9moin de la hausse de la pr\u00e9carit\u00e9 des \u00e9tudiants \u00e0 Montpellier"},"content":{"rendered":"<p>\n                                                                Le Syndicat de combat universitaire de Montpellier assurait son ultime distribution de l\u2019ann\u00e9e, sous le chapiteau du Crous, \u00e0 Boutonnet.\n                            <\/p>\n<p>La derni\u00e8re distribution alimentaire de l\u2019ann\u00e9e organis\u00e9e par le SCUM (Syndicat de combat universitaire de Montpellier) a eu lieu \u00e0 Boutonnet, hier apr\u00e8s-midi. C\u2019\u00e9tait m\u00eame la derni\u00e8re distribution de l\u2019histoire sous le chapiteau du Crous qui ne sera plus l\u00e0 en septembre.<\/p>\n<p>Sous une chaleur \u00e9touffante, adh\u00e9rents du Scum et b\u00e9n\u00e9voles ont assur\u00e9 leur vingti\u00e8me distribution de l\u2019ann\u00e9e. Riz, semoule, conserves de maquereaux, \u0153ufs, huile, lait, pain\u2026 Les produits revers\u00e9s par la Banque alimentaire de l\u2019H\u00e9rault sont partis en 2\u00a0h\u00a030.<\/p>\n<p>    L\u2019Association humanitaire de Montpellier attaqu\u00e9e<\/p>\n<p>Pol\u00e9mique Au dernier conseil municipal, Michel Calvo, adjoint \u00e0 la solidarit\u00e9, a d\u00e9plor\u00e9 \u00ab\u00a0les attaques sur les r\u00e9seaux sociaux qui visent l\u2019Association humanitaire de Montpellier, en pr\u00e9tendant que ses distributions (plus de 200 repas par jour) aux plus vuln\u00e9rables cr\u00e9ent des d\u00e9sordres, ce qui est largement abusif\u00a0\u00bb.<\/p>\n<p>\u00ab\u00a0Je salue le travail de cette association qui garantit \u00e0 tous d\u2019avoir un repas, a encha\u00een\u00e9 Micha\u00ebl Delafosse. Ils ont un toit depuis qu\u2019on a fait la salle du Relais des solidarit\u00e9s alimentaires, qui est transitoire. Nous allons les recevoir pour leur exprimer notre soutien. La stigmatisation des gens pauvres, ce n\u2019est plus acceptable\u00a0\u00bb.<\/p>\n<p>\u00ab\u00a0Certains \u00e9tudient le ventre vide\u00a0\u00bb<\/p>\n<p>\u00ab\u00a0Nous avons distribu\u00e9 15\u00a0000 colis alimentaires depuis septembre dernier, informe Gabriel Soussy, du Scum. De plus en plus d\u2019\u00e9tudiants doivent travailler pour vivre, ce qui constitue la premi\u00e8re cause d\u2019\u00e9chec \u00e0 l\u2019universit\u00e9. D\u2019autres \u00e9tudient le ventre vide. La pr\u00e9carit\u00e9 augmente.\u00a0\u00bb<\/p>\n<p>\u00c0 la rentr\u00e9e, le Scum b\u00e9n\u00e9ficiera d\u2019une camionnette pour \u00eatre plus mobile dans ses distributions sur diff\u00e9rents campus. Il a \u00e9t\u00e9 laur\u00e9at d\u2019un budget participatif de la R\u00e9gion, gagnant un financement de 17\u00a0000\u00a0\u20ac.<\/p>\n","protected":false},"excerpt":{"rendered":"Le Syndicat de combat universitaire de Montpellier assurait son ultime distribution de l\u2019ann\u00e9e, sous le chapiteau du Crous,&hellip;\n","protected":false},"author":2,"featured_media":210476,"comment_status":"","ping_status":"","sticky":false,"template":"","format":"standard","meta":{"footnotes":""},"categories":[9599],"tags":[1111,11,1777,674,1011,27,2208,12,2680,25],"class_list":{"0":"post-210475","1":"post","2":"type-post","3":"status-publish","4":"format-standard","5":"has-post-thumbnail","7":"category-montpellier","8":"tag-actu","9":"tag-actualites","10":"tag-eu","11":"tag-europe","12":"tag-fr","13":"tag-france","14":"tag-montpellier","15":"tag-news","16":"tag-occitanie","17":"tag-republique-francaise"},"share_on_mastodon":{"url":"https:\/\/pubeurope.com\/@fr\/114760050502214319","error":""},"_links":{"self":[{"href":"https:\/\/www.europesays.com\/fr\/wp-json\/wp\/v2\/posts\/210475","targetHints":{"allow":["GET"]}}],"collection":[{"href":"https:\/\/www.europesays.com\/fr\/wp-json\/wp\/v2\/posts"}],"about":[{"href":"https:\/\/www.europesays.com\/fr\/wp-json\/wp\/v2\/types\/post"}],"author":[{"embeddable":true,"href":"https:\/\/www.europesays.com\/fr\/wp-json\/wp\/v2\/users\/2"}],"replies":[{"embeddable":true,"href":"https:\/\/www.europesays.com\/fr\/wp-json\/wp\/v2\/comments?post=210475"}],"version-history":[{"count":0,"href":"https:\/\/www.europesays.com\/fr\/wp-json\/wp\/v2\/posts\/210475\/revisions"}],"wp:featuredmedia":[{"embeddable":true,"href":"https:\/\/www.europesays.com\/fr\/wp-json\/wp\/v2\/media\/210476"}],"wp:attachment":[{"href":"https:\/\/www.europesays.com\/fr\/wp-json\/wp\/v2\/media?parent=210475"}],"wp:term":[{"taxonomy":"category","embeddable":true,"href":"https:\/\/www.europesays.com\/fr\/wp-json\/wp\/v2\/categories?post=210475"},{"taxonomy":"post_tag","embeddable":true,"href":"https:\/\/www.europesays.com\/fr\/wp-json\/wp\/v2\/tags?post=210475"}],"curies":[{"name":"wp","href":"https:\/\/api.w.org\/{rel}","templated":true}]}}