{"id":210483,"date":"2025-06-28T08:35:12","date_gmt":"2025-06-28T08:35:12","guid":{"rendered":"https:\/\/www.europesays.com\/fr\/210483\/"},"modified":"2025-06-28T08:35:12","modified_gmt":"2025-06-28T08:35:12","slug":"la-question-de-la-discotheque-le-1988-crispe-les-debats-sur-le-projet-de-renovation-du-colombier","status":"publish","type":"post","link":"https:\/\/www.europesays.com\/fr\/210483\/","title":{"rendered":"La question de la discoth\u00e8que le 1988\u00a0crispe les d\u00e9bats sur le projet de r\u00e9novation du Colombier"},"content":{"rendered":"<tr wp_automatic_readability=\"5.888198757764\">\n<td valign=\"middle\" align=\"center\" class=\"col-logo\" wp_automatic_readability=\"5\">\n    <img decoding=\"async\" src=\"https:\/\/maville.com\/design\/images\/logo-of-monetise.svg?version=20130627\" alt=\"logo Ouest-France\" height=\"66\"\/><\/p>\n<p>Contenu r\u00e9serv\u00e9 aux abonn\u00e9s<\/p>\n<\/td>\n<td class=\"col-titre\">\n\t\t\tSamedi 28 juin 2025 09:11<br \/>\n\t\t\t<a class=\"icon-bulle sizeL count\" href=\"#ancreAvis\"><br \/>\n\t&#8230;<br \/>\n<\/a><\/td>\n<\/tr>\n<p>\t\t<a class=\"mavillebox2 elmt-photo\" href=\"https:\/\/maville.com\/photosmvi\/2025\/06\/28\/P35319985D6875991G.jpg\" title=\" Dalle du Colombier \u00e0 Rennes Le 27\u00a0d\u00e9cembre 2024.  \u00a9  Mathieu Pattier \/ Ouest France  &lt;!--TAG-BLC credit--&gt;\" rel=\"galerie_actu nofollow noopener\" target=\"_blank\"><br \/>\n\t<img decoding=\"async\" src=\"https:\/\/www.europesays.com\/fr\/wp-content\/uploads\/2025\/06\/P35319985D6875991G_crop_640-330_.jpg\" alt=\"photo  dalle du colombier \u00e0 rennes le 27\u00a0d\u00e9cembre 2024.  \u00a9  mathieu pattier \/ ouest france \"\/><br \/>\n\t1<br \/>\n<\/a><\/p>\n<p class=\"elmt-legende\"> Dalle du Colombier \u00e0 Rennes Le 27\u00a0d\u00e9cembre 2024.  \u00a9  Mathieu Pattier \/ Ouest France  <\/p>\n<p>\t\tLe chantier de r\u00e9novation du Colombier et de sa dalle vieillissante est en marche. Mardi 24\u00a0juin 2025, une centaine de riverains de ce quartier participaient \u00e0 une r\u00e9union d\u2019information propos\u00e9e par la ville de Rennes. Mais les d\u00e9bats ont vite tourn\u00e9, de fa\u00e7on houleuse, sur la question de la pr\u00e9sence de la discoth\u00e8que le 1988.<\/p>\n<p><b>Cet article est r\u00e9serv\u00e9 aux abonn\u00e9s<\/b><\/p>\n<p>Pour un acc\u00e8s imm\u00e9diat, abonnez-vous<\/p>\n<p><b>1\u00e8re semaine offerte<\/b><\/p>\n<p>\t\t Samuel NOHRA. \u00a0\u00a0<br \/>\n\t\tOuest-France<\/p>\n<p>Retrouvez d&rsquo;autres actus sur la commune de :<\/p>\n<p>\t\t&#13;<\/p>\n","protected":false},"excerpt":{"rendered":"Contenu r\u00e9serv\u00e9 aux abonn\u00e9s Samedi 28 juin 2025 09:11 &#8230; 1 Dalle du Colombier \u00e0 Rennes Le 27\u00a0d\u00e9cembre&hellip;\n","protected":false},"author":2,"featured_media":210484,"comment_status":"","ping_status":"","sticky":false,"template":"","format":"standard","meta":{"footnotes":""},"categories":[2821],"tags":[34969,1111,11,829,34971,34970,13946,7124,1777,674,1011,27,12,1095,7515,584,716,25],"class_list":{"0":"post-210483","1":"post","2":"type-post","3":"status-publish","4":"format-standard","5":"has-post-thumbnail","7":"category-rennes","8":"tag-34969","9":"tag-actu","10":"tag-actualites","11":"tag-bretagne","12":"tag-colombier","13":"tag-crispe","14":"tag-debats","15":"tag-discotheque","16":"tag-eu","17":"tag-europe","18":"tag-fr","19":"tag-france","20":"tag-news","21":"tag-projet","22":"tag-question","23":"tag-rennes","24":"tag-renovation","25":"tag-republique-francaise"},"share_on_mastodon":{"url":"https:\/\/pubeurope.com\/@fr\/114760078146739334","error":""},"_links":{"self":[{"href":"https:\/\/www.europesays.com\/fr\/wp-json\/wp\/v2\/posts\/210483","targetHints":{"allow":["GET"]}}],"collection":[{"href":"https:\/\/www.europesays.com\/fr\/wp-json\/wp\/v2\/posts"}],"about":[{"href":"https:\/\/www.europesays.com\/fr\/wp-json\/wp\/v2\/types\/post"}],"author":[{"embeddable":true,"href":"https:\/\/www.europesays.com\/fr\/wp-json\/wp\/v2\/users\/2"}],"replies":[{"embeddable":true,"href":"https:\/\/www.europesays.com\/fr\/wp-json\/wp\/v2\/comments?post=210483"}],"version-history":[{"count":0,"href":"https:\/\/www.europesays.com\/fr\/wp-json\/wp\/v2\/posts\/210483\/revisions"}],"wp:featuredmedia":[{"embeddable":true,"href":"https:\/\/www.europesays.com\/fr\/wp-json\/wp\/v2\/media\/210484"}],"wp:attachment":[{"href":"https:\/\/www.europesays.com\/fr\/wp-json\/wp\/v2\/media?parent=210483"}],"wp:term":[{"taxonomy":"category","embeddable":true,"href":"https:\/\/www.europesays.com\/fr\/wp-json\/wp\/v2\/categories?post=210483"},{"taxonomy":"post_tag","embeddable":true,"href":"https:\/\/www.europesays.com\/fr\/wp-json\/wp\/v2\/tags?post=210483"}],"curies":[{"name":"wp","href":"https:\/\/api.w.org\/{rel}","templated":true}]}}