{"id":210501,"date":"2025-06-28T08:44:08","date_gmt":"2025-06-28T08:44:08","guid":{"rendered":"https:\/\/www.europesays.com\/fr\/210501\/"},"modified":"2025-06-28T08:44:08","modified_gmt":"2025-06-28T08:44:08","slug":"jouer-avec-un-orchestre-ca-change-tout","status":"publish","type":"post","link":"https:\/\/www.europesays.com\/fr\/210501\/","title":{"rendered":"Jouer avec un orchestre, \u00e7a change tout !"},"content":{"rendered":"<p>            Par<br \/>\n        <strong><br \/>\n            <a href=\"https:\/\/actu.fr\/auteur\/gabriel-kenedi\" title=\"Consulter tous les articles de Gabriel Kenedi\" rel=\"nofollow noopener\" target=\"_blank\">Gabriel Kenedi<\/a><br \/>\n        <\/strong><\/p>\n<p>        Publi\u00e9 le<\/p>\n<p>            28 juin 2025 \u00e0 10h10        <\/p>\n<p>C\u2019est l\u2019une des t\u00eates d\u2019affiche du Festival de Toulouse, qui se d\u00e9roule du 28\u00a0juin au 6\u00a0juillet dans divers lieux de la Ville rose. Le talentueux <strong>Pierre de Maere<\/strong> donnera deux concerts avec l\u2019Orchestre national du Capitole pour une cr\u00e9ation symphonique exceptionnelle qui aura lieu au Th\u00e9\u00e2tre de la Cit\u00e9, les 5 et 6\u00a0juillet 2025. Avant cette double date prestigieuse, Pierre de\u00a0Maere a pris le temps de r\u00e9pondre aux questions <a href=\"https:\/\/actu.fr\/toulouse\/loisirs-culture\" rel=\"nofollow noopener\" target=\"_blank\">d\u2019Actu Toulouse<\/a>.<\/p>\n<p>\u00ab\u2009C\u2019est une date importante pour moi\u2009\u00bb<\/p>\n<p class=\"ac-article-content__question wall-content\"><strong class=\"color-primary\">Actu : <\/strong>Vous \u00eates l&rsquo;une des t\u00eates d&rsquo;affiche du Festival de Toulouse. Vous qui venez de Belgique, que vous \u00e9voque la Ville rose ?\u00a0\n<\/p>\n<p class=\" wall-content\"><strong class=\"color-primary\">Pierre de Maere : <\/strong>\u00ab\u00a0Je suis venu une fois \u00e0 Toulouse, pour chanter. C&rsquo;\u00e9tait en 2023, au Bikini, et sinc\u00e8rement, c&rsquo;\u00e9tait un des meilleurs spectacles de la tourn\u00e9e pass\u00e9e. Toulouse, \u00e7a m&rsquo;\u00e9voque la Ville rose, le soleil, les bellees fa\u00e7ades\u2026 \u00e7a a l&rsquo;air tr\u00e8s joli ! Mais pour \u00eatre le plus honn\u00eate du monde, quand j&rsquo;y suis all\u00e9, j&rsquo;ai fait ma date mais je n&rsquo;ai pas eu le temps de visiter la ville. Cette fois-ci je vais avoir plus de temps pour d\u00e9couvrir la ville. C&rsquo;est une date  importante pour moi car c&rsquo;est la derni\u00e8re avant longtemps. Il y aura mes parents, ma famille&#8230; \u00e7a va \u00eatre assez sp\u00e9cial !\u00a0\u00bb<\/p>\n<p>\u00ab\u00a0Jouer avec un orchestre, \u00e7a change tout !\u00a0\u00bb<\/p>\n<p class=\"ac-article-content__question wall-content\">Vous allez faire deux concerts avec l\u2019Orchestre national du Capitole. Comment vous appr\u00e9hendez cette double date exceptionnelle\u2009?\n<\/p>\n<p class=\" wall-content\"><strong class=\"color-primary\">Pierre de Maere : <\/strong>Jouer avec un orchestre, \u00e7a change de tout. C\u2019est quelque chose que je n\u2019ai jamais fait, \u00e0 part aux Victoires de la Musique, quand j\u2019avais chant\u00e9 \u00ab\u2009Un jour je marierai un jour\u2009\u00bb. J\u2019ai beaucoup d\u2019attentes autour de ce concert, car c\u2019est une premi\u00e8re pour moi\u2009! Tout va se jouer dans l\u2019alchimie entre les musiciens et moi\u2026 Je suis donc curieux et excit\u00e9. \u00c7a fait un moment que je bosse sur cette date, avec un jeune homme qui s\u2019appelle Corentin Apparailly, qui est un jeune compositeur et orchestrateur toulousain vraiment brillant. Il y aura des chansons de mon r\u00e9pertoire mais aussi plusieurs belles reprises, que je ne d\u00e9voilerai pas car je pr\u00e9f\u00e8re r\u00e9server la surprise\u2009!<\/p>\n<p class=\"ac-article-content__question wall-content\">L\u2019Orchestre du Capitole est un l\u2019un des plus r\u00e9put\u00e9s d\u2019Europe. Vous, quel est votre rapport \u00e0 la musique classique\u2009? Vous en \u00e9coutez ou pas\u2009?\n<\/p>\n<p class=\" wall-content\"><strong class=\"color-primary\">Pierre de Maere : <\/strong>J\u2019ai une connaissance assez limit\u00e9e de la musique classique. Ma grand-m\u00e8re, c\u00f4t\u00e9 maternel, en \u00e9coutait beaucoup et j\u2019ai \u00e9t\u00e9 berc\u00e9 \u00e0 la musique de Chopin, Mozart et des plus grands. J\u2019ai eu tendance \u00e0 la red\u00e9couvrir en me mettant \u00e0 lire. Car oui, j\u2019ai envie de lire, et j\u2019ai commenc\u00e9 il n\u2019y a pas si longtemps\u2026 mieux vaut tard que jamais\u2009! Mais j\u2019ai tendance \u00e0 vite m\u2019ennuyer alors \u00e7a m\u2019arrive de mettre de la musique classique, comme du Chopin, tout en lisant. Mais je pourrais citer dix noms, pas plus\u2026 Mais il y a un vrai fantasme de la part de tous les chanteurs de pop autour de la musique classique. C\u2019est quand m\u00eame assez rare qu\u2019un chanteur ne fasse pas au moins une fois dans sa carri\u00e8re une r\u00e9adaptation de son r\u00e9pertoire avec des arrangements symphoniques. On aime cette id\u00e9e d\u2019enrichir nos partitions\u2009! Moi, mes chansons sont assez simples et c\u2019est donc une occasion de les enrichir. Quand j\u2019ai d\u00e9couvert les adaptations et les arrangements de Corentin, j\u2019ai red\u00e9couvert mes chansons\u2009! Cela peut \u00eatre \u00e9pique, dramatique\u2026 et surtout captivant\u2009!<\/p>\n<p>\u00ab\u00a0Je prends le temps de faire bien les choses\u00a0\u00bb<\/p>\n<p class=\"ac-article-content__question wall-content\">Avec le recul, quand vous repensez \u00e0 vos d\u00e9buts, tout est all\u00e9 tr\u00e8s vite pour vous, notamment \u00e0 partir du moment o\u00f9 votre morceau \u00ab\u2009Je marierai un ange\u2009\u00bb est devenu une trend Tik Tok.\n<\/p>\n<p class=\" wall-content\"><strong class=\"color-primary\">Pierre de Maere : <\/strong>Cela fait partie de mon histoire\u2009! Quand j\u2019ai sorti ce morceau, il est pass\u00e9 directement en radio, et j\u2019avais rempli La Cigale \u00e0 Paris. Il se passait donc des choses mais bien s\u00fbr, il y a eu ce coup d\u2019acc\u00e9l\u00e9rateur \u00e9norme il y a trois ans. Mais ce n\u2019est qu\u2019encore le d\u00e9but pour moi. Je n\u2019ai fait qu\u2019un disque pour le moment et je travaille \u00e9norm\u00e9ment sur le second, qui m\u2019existe \u00e9norm\u00e9ment\u2026<\/p>\n<p class=\"ac-article-content__question wall-content\">Vous allez \u00eatre tr\u00e8s attendu sur ce deuxi\u00e8me album. \u00c7a rajoute une pression\u2009?\n<\/p>\n<p class=\" wall-content\"><strong class=\"color-primary\">Pierre de Maere : <\/strong>Mes attentes ne me stressent pas. Ce qui me stresse, \u00e7a serait de sortir ce nouveau disque et qu\u2019il ne se passe rien, que les gens m\u2019aient perdu de vue et se demandent\u2009: \u00ab\u2009Mais Pierre de\u00a0Maere, c\u2019est qui\u2009?\u2009\u00bb. Je prends le temps de faire les choses bien et c\u2019est un luxe immense que je n\u2019avais pas eu pour le premier, car justement, comme il y avait eu ce titre qui avait d\u00e9coll\u00e9 tr\u00e8s tr\u00e8s vite, on avait eu six mois pour faire un album. Ce qui est un peu court pour aller au bout de chacune de mes id\u00e9es. L\u00e0, \u00e7a fait d\u00e9j\u00e0 plus d\u2019un an que je travaille sur ce deuxi\u00e8me album. Toutes les chansons existent, j\u2019ai une th\u00e9matique qui est tr\u00e8s coh\u00e9rente\u2026 Tout m\u2019enchante, mais maintenant il faut aller au bout de chaque id\u00e9e et ne surtout pas c\u00e9der \u00e0 cette pression du temps. Et je pense que quoi qu\u2019il arrive, quand une chanson est bonne ou qu\u2019un album est bon, les gens finissent par le d\u00e9couvrir. Enfin, j\u2019esp\u00e8re\u2009!<\/p>\n<p>\u00ab\u00a0Un album tr\u00e8s diff\u00e9rent !\u00a0\u00bb<\/p>\n<p class=\"ac-article-content__question wall-content\">Que pouvez-vous nous dire de plus sur ce deuxi\u00e8me album en pr\u00e9paration ?<\/p>\n<p class=\" wall-content\"><strong class=\"color-primary\">Pierre de Maere : <\/strong>C\u2019est un album qui sera tr\u00e8s diff\u00e9rent du premier album, tout simplement parce que je n\u2019avais pas envie de faire la m\u00eame chose. C\u2019est la beaut\u00e9 d\u2019un parcours artistique de savoir se renouveler. Et pour autant, je n\u2019ai pas chang\u00e9 d\u2019\u00e9quipe. C\u2019est toujours moi qui produis et, compose et \u00e9cris mes morceaux. J\u2019ai tent\u00e9 de collaborer avec d\u2019autres r\u00e9alisateurs et arrangeurs, mais au final, ce n\u2019\u00e9tait pas mieux\u2026 et pas moi surtout\u2009! Je reviens donc sur un chemin que je connais\u2009: je suis seul \u00e0 la direction musicale avec mon fr\u00e8re. On a tellement progress\u00e9 en trois ans\u2009! \u00c0 l\u2019\u00e9poque, on d\u00e9couvrait la prod\u2026 depuis tout ce temps, j\u2019ai appris plein de choses, et j\u2019esp\u00e8re que \u00e7a sera tr\u00e8s diff\u00e9rent et encore mieux\u2009!<\/p>\n<p class=\"ac-article-content__question wall-content\">\u00c0 quel horizon\u2009?\n<\/p>\n<p class=\" wall-content\"><strong class=\"color-primary\">Pierre de Maere : <\/strong>Dans l\u2019id\u00e9al, on aimerait bien le sortir au printemps 2026 !<\/p>\n<p>Infos pratiques<br \/>\nPierre de Maere en concert avec l\u2019Orchestre national du Capitole, les 5 et 6 juillet 2025, \u00e0 Toulouse. Tarifs : de 20\u20ac \u00e0 59\u20ac (gratuit pour les \u2013 de 13 ans). Plus d\u2019infos et r\u00e9servations sur le site du <a href=\"https:\/\/metropole.toulouse.fr\/agenda\/pierre-de-maere-symphonique-et-lonct\" rel=\"nofollow noopener\" target=\"_blank\">Festival de Toulouse<\/a>.\u00a0<\/p>\n<p class=\" wall-content\">Suivez toute l\u2019actualit\u00e9 de vos villes et m\u00e9dias favoris en vous inscrivant \u00e0 <a href=\"https:\/\/moncompte.actu.fr\" title=\"D\u00e9couvez Mon Actu\" rel=\"nofollow noopener\" data-trk=\"{&quot;cta&quot;:{&quot;action&quot;:&quot;https:\\\/\\\/moncompte.actu.fr&quot;,&quot;category&quot;:&quot;mon compte&quot;,&quot;from&quot;:&quot;article footer&quot;,&quot;name&quot;:&quot;Mon actu&quot;,&quot;type&quot;:&quot;cta&quot;}}\" target=\"_blank\">Mon Actu<\/a>.<\/p>\n","protected":false},"excerpt":{"rendered":"Par Gabriel Kenedi Publi\u00e9 le 28 juin 2025 \u00e0 10h10 C\u2019est l\u2019une des t\u00eates d\u2019affiche du Festival de&hellip;\n","protected":false},"author":2,"featured_media":210502,"comment_status":"","ping_status":"","sticky":false,"template":"","format":"standard","meta":{"footnotes":""},"categories":[2816],"tags":[1111,11,1777,674,1011,27,1652,12,2680,25,1341,2312],"class_list":{"0":"post-210501","1":"post","2":"type-post","3":"status-publish","4":"format-standard","5":"has-post-thumbnail","7":"category-toulouse","8":"tag-actu","9":"tag-actualites","10":"tag-eu","11":"tag-europe","12":"tag-fr","13":"tag-france","14":"tag-loisirs-culture","15":"tag-news","16":"tag-occitanie","17":"tag-republique-francaise","18":"tag-sortir-a-toulouse","19":"tag-toulouse"},"share_on_mastodon":{"url":"https:\/\/pubeurope.com\/@fr\/114760113449292742","error":""},"_links":{"self":[{"href":"https:\/\/www.europesays.com\/fr\/wp-json\/wp\/v2\/posts\/210501","targetHints":{"allow":["GET"]}}],"collection":[{"href":"https:\/\/www.europesays.com\/fr\/wp-json\/wp\/v2\/posts"}],"about":[{"href":"https:\/\/www.europesays.com\/fr\/wp-json\/wp\/v2\/types\/post"}],"author":[{"embeddable":true,"href":"https:\/\/www.europesays.com\/fr\/wp-json\/wp\/v2\/users\/2"}],"replies":[{"embeddable":true,"href":"https:\/\/www.europesays.com\/fr\/wp-json\/wp\/v2\/comments?post=210501"}],"version-history":[{"count":0,"href":"https:\/\/www.europesays.com\/fr\/wp-json\/wp\/v2\/posts\/210501\/revisions"}],"wp:featuredmedia":[{"embeddable":true,"href":"https:\/\/www.europesays.com\/fr\/wp-json\/wp\/v2\/media\/210502"}],"wp:attachment":[{"href":"https:\/\/www.europesays.com\/fr\/wp-json\/wp\/v2\/media?parent=210501"}],"wp:term":[{"taxonomy":"category","embeddable":true,"href":"https:\/\/www.europesays.com\/fr\/wp-json\/wp\/v2\/categories?post=210501"},{"taxonomy":"post_tag","embeddable":true,"href":"https:\/\/www.europesays.com\/fr\/wp-json\/wp\/v2\/tags?post=210501"}],"curies":[{"name":"wp","href":"https:\/\/api.w.org\/{rel}","templated":true}]}}