{"id":210505,"date":"2025-06-28T08:46:10","date_gmt":"2025-06-28T08:46:10","guid":{"rendered":"https:\/\/www.europesays.com\/fr\/210505\/"},"modified":"2025-06-28T08:46:10","modified_gmt":"2025-06-28T08:46:10","slug":"voici-les-magasins-ouverts-dimanche-29-juin-dans-la-metropole-de-lille","status":"publish","type":"post","link":"https:\/\/www.europesays.com\/fr\/210505\/","title":{"rendered":"voici les magasins ouverts dimanche 29 juin dans la m\u00e9tropole de Lille"},"content":{"rendered":"<p>            Par<br \/>\n        <strong><br \/>\n            <a href=\"https:\/\/actu.fr\/auteur\/hervine-mahaud\" title=\"Consulter tous les articles de Hervine Mahaud\" rel=\"nofollow noopener\" target=\"_blank\">Hervine Mahaud<\/a><br \/>\n        <\/strong><\/p>\n<p>        Publi\u00e9 le<\/p>\n<p>            28 juin 2025 \u00e0 9h36        <\/p>\n<p>Les <b>soldes d\u2019\u00e9t\u00e9<\/b> ont d\u00e9but\u00e9\u2009! Si vous comptez profiter de votre week-end pour aller faire un peu de <b>shopping<\/b>, sachez que de\u00a0<b>nombreux commer\u00e7ants<\/b>\u00a0ont fait le choix d<b>\u2018ouvrir leurs portes<\/b> pour le premier dimanche des <a href=\"https:\/\/actu.fr\/tag\/soldes\" rel=\"nofollow noopener\" target=\"_blank\">soldes<\/a>, le 29\u00a0juin 2025. Voici une liste non exhaustive des <b>magasins, boutiques et centres commerciaux ouverts dans la m\u00e9tropole de Lille<\/b>.<\/p>\n<p>Voici les magasins ouverts de dimanche 29\u00a0juin<\/p>\n<p class=\" wall-content\">\u00c0 Lille, plusieurs boutiques du centre-ville (<b>rue de B\u00e9thune, rue Faidherbe, rue Pierre Mauroy, rue du Molinel<\/b>\u2026) et du Vieux-Lille devraient \u00eatre ouvertes pour ce premier dimanche des soldes. Le <a href=\"https:\/\/actu.fr\/hauts-de-france\/lille_59350\/a-lille-le-printemps-ouvre-son-propre-spa-pour-soffrir-des-soins-de-luxe_61204605.html\" rel=\"nofollow noopener\" target=\"_blank\">grand magasin Printemps<\/a> de la <b>rue Nationale<\/b> sera, lui, ouvert de 10\u2009h\u200930 \u00e0 19\u2009h\u200930.<\/p>\n<p class=\" wall-content\">Du c\u00f4t\u00e9 des centres commerciaux, <a href=\"https:\/\/actu.fr\/hauts-de-france\/lille_59350\/westfield-euralille-en-tres-bonne-sante-financiere-avec-pres-dun-million-de-visiteurs-gagnes-en-2024_62330102.html\" rel=\"nofollow noopener\" target=\"_blank\">Westfield Euralille<\/a> a annonc\u00e9 accueillir ses clients de 10\u2009h \u00e0 19\u2009h \u00ab\u2009pour une session shopping dominicale. Profitez-en pour fl\u00e2ner en boutique ou faire une pause gourmande en terrasse.\u2009\u00bb<\/p>\n<p class=\" wall-content\"><a href=\"https:\/\/www.instagram.com\/p\/DLFJcnev6gS\/embed\" title=\"Ouvrir le lien sur Instagram\" rel=\"nofollow noopener\" target=\"_blank\">Visualiser le contenu sur Instagram<\/a><\/p>\n<p class=\" wall-content\">Pour faire des <b>bonnes affaires<\/b> encore plus int\u00e9ressantes, direction <b>Roubaix<\/b> et ses deux <b>centres outlet<\/b>\u2009: <a href=\"https:\/\/actu.fr\/hauts-de-france\/roubaix_59512\/roubaix-ces-deux-nouvelles-enseignes-ouvrent-tres-bientot-dans-le-centre-commercial-mcarthurglen_62397750.html\" rel=\"nofollow noopener\" target=\"_blank\">McArthurGlen<\/a> et <b>L\u2019Usine<\/b>, ouverts de 10\u2009h \u00e0 19\u2009h.<\/p>\n<p class=\" wall-content\">Enfin, citons le <b>centre commercial Promenade de Flandre<\/b>\u2009: la <a href=\"https:\/\/actu.fr\/hauts-de-france\/neuville-en-ferrain_59426\/lenseigne-sweeek-debarque-a-20-minutes-de-lille-avec-sa-deco-craquante-a-petit-prix_62683689.html\" rel=\"nofollow noopener\" target=\"_blank\">promenade<\/a> sera ouverte de 10\u2009h \u00e0 19\u2009h, <b>Auchan<\/b> de 8\u2009h\u200930 \u00e0 12\u2009h\u200930, la galerie sera ferm\u00e9e. \u00c0 <a href=\"https:\/\/actu.fr\/hauts-de-france\/wasquehal_59646\" rel=\"nofollow noopener\" target=\"_blank\">Wasquehal<\/a>, au centre commercial <b>Carrefour<\/b>, l\u2019hypermarch\u00e9 vous accueillera de 8\u2009h\u200930 \u00e0 20\u2009h. En revanche, le centre n\u2019a pas communiqu\u00e9 sur les horaires d\u2019ouverture des boutiques.<\/p>\n<p>Vid\u00e9os : en ce moment sur Actu<\/p>\n<p class=\" wall-content\">Suivez toute l\u2019actualit\u00e9 de vos villes et m\u00e9dias favoris en vous inscrivant \u00e0 <a href=\"https:\/\/moncompte.actu.fr\" title=\"D\u00e9couvez Mon Actu\" rel=\"nofollow noopener\" data-trk=\"{&quot;cta&quot;:{&quot;action&quot;:&quot;https:\\\/\\\/moncompte.actu.fr&quot;,&quot;category&quot;:&quot;mon compte&quot;,&quot;from&quot;:&quot;article footer&quot;,&quot;name&quot;:&quot;Mon actu&quot;,&quot;type&quot;:&quot;cta&quot;}}\" target=\"_blank\">Mon Actu<\/a>.<\/p>\n<p>                    <script async src=\"\/\/www.instagram.com\/embed.js\"><\/script><\/p>\n","protected":false},"excerpt":{"rendered":"Par Hervine Mahaud Publi\u00e9 le 28 juin 2025 \u00e0 9h36 Les soldes d\u2019\u00e9t\u00e9 ont d\u00e9but\u00e9\u2009! Si vous comptez&hellip;\n","protected":false},"author":2,"featured_media":210506,"comment_status":"","ping_status":"","sticky":false,"template":"","format":"standard","meta":{"footnotes":""},"categories":[2815],"tags":[1111,11,215,33,1777,674,1011,27,811,1307,12,25,11772],"class_list":{"0":"post-210505","1":"post","2":"type-post","3":"status-publish","4":"format-standard","5":"has-post-thumbnail","7":"category-lille","8":"tag-actu","9":"tag-actualites","10":"tag-commerce","11":"tag-economie","12":"tag-eu","13":"tag-europe","14":"tag-fr","15":"tag-france","16":"tag-hauts-de-france","17":"tag-lille","18":"tag-news","19":"tag-republique-francaise","20":"tag-soldes"},"share_on_mastodon":{"url":"https:\/\/pubeurope.com\/@fr\/114760121441525139","error":""},"_links":{"self":[{"href":"https:\/\/www.europesays.com\/fr\/wp-json\/wp\/v2\/posts\/210505","targetHints":{"allow":["GET"]}}],"collection":[{"href":"https:\/\/www.europesays.com\/fr\/wp-json\/wp\/v2\/posts"}],"about":[{"href":"https:\/\/www.europesays.com\/fr\/wp-json\/wp\/v2\/types\/post"}],"author":[{"embeddable":true,"href":"https:\/\/www.europesays.com\/fr\/wp-json\/wp\/v2\/users\/2"}],"replies":[{"embeddable":true,"href":"https:\/\/www.europesays.com\/fr\/wp-json\/wp\/v2\/comments?post=210505"}],"version-history":[{"count":0,"href":"https:\/\/www.europesays.com\/fr\/wp-json\/wp\/v2\/posts\/210505\/revisions"}],"wp:featuredmedia":[{"embeddable":true,"href":"https:\/\/www.europesays.com\/fr\/wp-json\/wp\/v2\/media\/210506"}],"wp:attachment":[{"href":"https:\/\/www.europesays.com\/fr\/wp-json\/wp\/v2\/media?parent=210505"}],"wp:term":[{"taxonomy":"category","embeddable":true,"href":"https:\/\/www.europesays.com\/fr\/wp-json\/wp\/v2\/categories?post=210505"},{"taxonomy":"post_tag","embeddable":true,"href":"https:\/\/www.europesays.com\/fr\/wp-json\/wp\/v2\/tags?post=210505"}],"curies":[{"name":"wp","href":"https:\/\/api.w.org\/{rel}","templated":true}]}}