{"id":210509,"date":"2025-06-28T08:48:11","date_gmt":"2025-06-28T08:48:11","guid":{"rendered":"https:\/\/www.europesays.com\/fr\/210509\/"},"modified":"2025-06-28T08:48:11","modified_gmt":"2025-06-28T08:48:11","slug":"la-maison-du-droit-rend-la-justice-du-quotidien","status":"publish","type":"post","link":"https:\/\/www.europesays.com\/fr\/210509\/","title":{"rendered":"La Maison du droit rend la justice du quotidien"},"content":{"rendered":"\n<p>Si la justice est repr\u00e9sent\u00e9e par le glaive et la balance, la Maison de la justice et du droit (MJD) est assur\u00e9ment la balance. Sous le viaduc de Martigues, dans un b\u00e2timent en b\u00e9ton qui peut para\u00eetre aust\u00e8re, une dizaine d\u2019associations, des avocats et des notaires se rendent disponibles quotidiennement pour informer gratuitement et en toute confidentialit\u00e9 les usagers sur leurs droits et obligations, accompagner les victimes et favoriser la r\u00e9solution amiable des conflits. \u00ab\u00a0Au-del\u00e0 de cet aspect, nous avons aussi un volet p\u00e9nal qui concerne des personnes connues par diff\u00e9rents intervenants de justice\u00a0\u00bb, pr\u00e9cise H\u00e9l\u00e8nes Judes, pr\u00e9sidente du tribunal judiciaire d\u2019Aix-en-Provence. Une mani\u00e8re, aussi, de d\u00e9sengorger les cours de justice.<\/p>\n<p>En 2024, ce sont plus de 11\u00a0500\u00a0personnes qui ont \u00e9t\u00e9 accueillies et aiguill\u00e9es par la structure de proximit\u00e9. \u00ab\u00a0L\u2019activit\u00e9 est stable, dense, ce qui montre un vrai sujet\u00a0\u00bb, affirme la magistrate qui souhaite tout de m\u00eame, \u00e0 l\u2019avenir, faire \u00ab\u00a0mieux conna\u00eetre encore les missions de la MJD\u00a0\u00bb. \u00ab\u00a0Malheureusement la justice est trop souvent connue uniquement sous l\u2019angle p\u00e9nal, mais il n\u2019y a pas que \u00e7a, poursuit-elle. Il y a par exemple toutes les mesures de protection de nos a\u00een\u00e9s ou de gens malades, avec les tutelles, la protection de l\u2019enfance&#8230; Ces activit\u00e9s sont assez m\u00e9connues et notre r\u00f4le c\u2019est de les faire conna\u00eetre.\u00a0\u00bb<\/p>\n<p>\u00c0 l\u2019avenir, H\u00e9l\u00e8nes Judes et Sophian Boudra, agent minist\u00e9riel de la justice et coordinateur des MJD de Martigues et d\u2019Aix, souhaitent renforcer l\u2019offre de permanences d\u00e9di\u00e9e au droit du travail. \u00ab\u00a0C\u2019est une des sp\u00e9cificit\u00e9s de Martigues puisqu\u2019on est sur un bassin d\u2019emplois industriels important, donc \u00e7a reste une demande pr\u00e9gnante\u00a0\u00bb, note la pr\u00e9sidente du tribunal. \u00ab\u00a0Particuli\u00e8rement sur les maladies professionnelles\u00a0\u00bb, pr\u00e9cise Sophian Boudra.<\/p>\n","protected":false},"excerpt":{"rendered":"Si la justice est repr\u00e9sent\u00e9e par le glaive et la balance, la Maison de la justice et du&hellip;\n","protected":false},"author":2,"featured_media":210510,"comment_status":"","ping_status":"","sticky":false,"template":"","format":"standard","meta":{"footnotes":""},"categories":[2814],"tags":[1111,11,10411,1777,674,1011,27,884,12,882,25],"class_list":{"0":"post-210509","1":"post","2":"type-post","3":"status-publish","4":"format-standard","5":"has-post-thumbnail","7":"category-marseille","8":"tag-actu","9":"tag-actualites","10":"tag-conflits","11":"tag-eu","12":"tag-europe","13":"tag-fr","14":"tag-france","15":"tag-marseille","16":"tag-news","17":"tag-provence-alpes-cote-dazur","18":"tag-republique-francaise"},"share_on_mastodon":{"url":"https:\/\/pubeurope.com\/@fr\/114760129264228420","error":""},"_links":{"self":[{"href":"https:\/\/www.europesays.com\/fr\/wp-json\/wp\/v2\/posts\/210509","targetHints":{"allow":["GET"]}}],"collection":[{"href":"https:\/\/www.europesays.com\/fr\/wp-json\/wp\/v2\/posts"}],"about":[{"href":"https:\/\/www.europesays.com\/fr\/wp-json\/wp\/v2\/types\/post"}],"author":[{"embeddable":true,"href":"https:\/\/www.europesays.com\/fr\/wp-json\/wp\/v2\/users\/2"}],"replies":[{"embeddable":true,"href":"https:\/\/www.europesays.com\/fr\/wp-json\/wp\/v2\/comments?post=210509"}],"version-history":[{"count":0,"href":"https:\/\/www.europesays.com\/fr\/wp-json\/wp\/v2\/posts\/210509\/revisions"}],"wp:featuredmedia":[{"embeddable":true,"href":"https:\/\/www.europesays.com\/fr\/wp-json\/wp\/v2\/media\/210510"}],"wp:attachment":[{"href":"https:\/\/www.europesays.com\/fr\/wp-json\/wp\/v2\/media?parent=210509"}],"wp:term":[{"taxonomy":"category","embeddable":true,"href":"https:\/\/www.europesays.com\/fr\/wp-json\/wp\/v2\/categories?post=210509"},{"taxonomy":"post_tag","embeddable":true,"href":"https:\/\/www.europesays.com\/fr\/wp-json\/wp\/v2\/tags?post=210509"}],"curies":[{"name":"wp","href":"https:\/\/api.w.org\/{rel}","templated":true}]}}