{"id":210511,"date":"2025-06-28T08:49:09","date_gmt":"2025-06-28T08:49:09","guid":{"rendered":"https:\/\/www.europesays.com\/fr\/210511\/"},"modified":"2025-06-28T08:49:09","modified_gmt":"2025-06-28T08:49:09","slug":"six-mises-en-examen-a-marseille-et-plus-dun-million-deuros-de-saisis","status":"publish","type":"post","link":"https:\/\/www.europesays.com\/fr\/210511\/","title":{"rendered":"Six mises en examen \u00e0 Marseille et plus d\u2019un million d\u2019euros de saisis"},"content":{"rendered":"<p>Il ne se trafique pas que des stup\u00e9fiants entre la France, la r\u00e9gion <a href=\"https:\/\/www.20minutes.fr\/dossier\/paca\" class=\"color-ultramarine c-link\" target=\"_blank\" rel=\"noopener\">PACA <\/a>et <a href=\"https:\/\/www.20minutes.fr\/dossier\/espagne\" class=\"color-ultramarine c-link\" target=\"_blank\" rel=\"noopener\">l\u2019Espagne<\/a>. Six personnes ont \u00e9t\u00e9 mises en examen par un juge du p\u00f4le sp\u00e9cialis\u00e9 de <a href=\"https:\/\/www.20minutes.fr\/marseille\/\" class=\"color-ultramarine c-link\" target=\"_blank\" rel=\"noopener\">Marseille <\/a>pour escroquerie et gestion irr\u00e9guli\u00e8re de <a href=\"https:\/\/www.20minutes.fr\/planete\/dechets\/\" class=\"color-ultramarine c-link\" target=\"_blank\" rel=\"noopener\">d\u00e9chets <\/a>en bande organis\u00e9e, a annonc\u00e9 ce vendredi soir le parquet dans un communiqu\u00e9 parvenu \u00e0 20 Minutes.<\/p>\n<p>Cette vaste enqu\u00eate judiciaire men\u00e9e entre les r\u00e9gions PACA et <a href=\"https:\/\/www.20minutes.fr\/dossier\/occitanie\" class=\"color-ultramarine c-link\" target=\"_blank\" rel=\"noopener\">Occitanie<\/a>, et l\u2019Espagne avait d\u00e9but\u00e9 apr\u00e8s <a href=\"https:\/\/www.20minutes.fr\/societe\/4021805-20230204-nice-dechets-metropole-illegalement-exportes-vers-espagne-scandale-vue\" class=\"color-ultramarine c-link\" target=\"_blank\" rel=\"noopener\">la diffusion d\u2019une enqu\u00eate de \u00ab\u00a0M6\u00a0\u00bb, r\u00e9v\u00e9lant que des d\u00e9chets de la m\u00e9tropole de Nice pouvaient avoir \u00e9t\u00e9 export\u00e9s ill\u00e9galement en Espagne<\/a>.<\/p>\n<\/p>\n<p>Au terme de celle-ci, les enqu\u00eateurs ont mis au jour un trafic de plus de 26.000 tonnes de d\u00e9chets, envoy\u00e9s ill\u00e9galement d\u2019Occitanie et PACA vers Saragosse, en Espagne, entre\u00a02021 et\u00a02023.<\/p>\n<p>Les gains pour les soci\u00e9t\u00e9s impliqu\u00e9es sont estim\u00e9s \u00e0 5,5\u00a0millions d\u2019euros, notamment via l\u2019\u00e9vasion de 1,5\u00a0million d\u2019euros de taxe sur les activit\u00e9s polluantes. Pr\u00e8s de 1,3\u00a0million d\u2019euros d\u2019avoirs ont d\u2019ores et d\u00e9j\u00e0 \u00e9t\u00e9 saisis par la justice, dont des v\u00e9hicules de luxe.<\/p>\n","protected":false},"excerpt":{"rendered":"Il ne se trafique pas que des stup\u00e9fiants entre la France, la r\u00e9gion PACA et l\u2019Espagne. Six personnes&hellip;\n","protected":false},"author":2,"featured_media":210512,"comment_status":"","ping_status":"","sticky":false,"template":"","format":"standard","meta":{"footnotes":""},"categories":[2814],"tags":[1111,47,11,2898,3008,3513,123,1777,674,118,7505,8686,1011,27,884,12,2401,2680,883,882,3887,25],"class_list":{"0":"post-210511","1":"post","2":"type-post","3":"status-publish","4":"format-standard","5":"has-post-thumbnail","7":"category-marseille","8":"tag-actu","9":"tag-actualite","10":"tag-actualites","11":"tag-alpes-maritimes","12":"tag-dechets","13":"tag-escroquerie","14":"tag-espagne","15":"tag-eu","16":"tag-europe","17":"tag-faits-divers","18":"tag-faits-divers-marseille","19":"tag-faits-divers-nice","20":"tag-fr","21":"tag-france","22":"tag-marseille","23":"tag-news","24":"tag-nice","25":"tag-occitanie","26":"tag-paca","27":"tag-provence-alpes-cote-dazur","28":"tag-recyclage","29":"tag-republique-francaise"},"share_on_mastodon":{"url":"https:\/\/pubeurope.com\/@fr\/114760133269455667","error":""},"_links":{"self":[{"href":"https:\/\/www.europesays.com\/fr\/wp-json\/wp\/v2\/posts\/210511","targetHints":{"allow":["GET"]}}],"collection":[{"href":"https:\/\/www.europesays.com\/fr\/wp-json\/wp\/v2\/posts"}],"about":[{"href":"https:\/\/www.europesays.com\/fr\/wp-json\/wp\/v2\/types\/post"}],"author":[{"embeddable":true,"href":"https:\/\/www.europesays.com\/fr\/wp-json\/wp\/v2\/users\/2"}],"replies":[{"embeddable":true,"href":"https:\/\/www.europesays.com\/fr\/wp-json\/wp\/v2\/comments?post=210511"}],"version-history":[{"count":0,"href":"https:\/\/www.europesays.com\/fr\/wp-json\/wp\/v2\/posts\/210511\/revisions"}],"wp:featuredmedia":[{"embeddable":true,"href":"https:\/\/www.europesays.com\/fr\/wp-json\/wp\/v2\/media\/210512"}],"wp:attachment":[{"href":"https:\/\/www.europesays.com\/fr\/wp-json\/wp\/v2\/media?parent=210511"}],"wp:term":[{"taxonomy":"category","embeddable":true,"href":"https:\/\/www.europesays.com\/fr\/wp-json\/wp\/v2\/categories?post=210511"},{"taxonomy":"post_tag","embeddable":true,"href":"https:\/\/www.europesays.com\/fr\/wp-json\/wp\/v2\/tags?post=210511"}],"curies":[{"name":"wp","href":"https:\/\/api.w.org\/{rel}","templated":true}]}}