{"id":210513,"date":"2025-06-28T08:50:12","date_gmt":"2025-06-28T08:50:12","guid":{"rendered":"https:\/\/www.europesays.com\/fr\/210513\/"},"modified":"2025-06-28T08:50:12","modified_gmt":"2025-06-28T08:50:12","slug":"unoc-3-les-decisions-ne-sont-pas-a-la-hauteur-de-lurgence","status":"publish","type":"post","link":"https:\/\/www.europesays.com\/fr\/210513\/","title":{"rendered":"UNOC 3 : \u00ab\u00a0Les d\u00e9cisions ne sont pas \u00e0 la hauteur de l&rsquo;urgence&#8230;\u00a0\u00bb"},"content":{"rendered":"<p>Chaque semaine, Lyon Demain et BFM Lyon vous proposent de d\u00e9couvrir des id\u00e9es pour \u00eatre plus respectueux de la plan\u00e8te.\u00a0Cette semaine, notre invit\u00e9 est Lionel Rard, pr\u00e9sident d\u2019Odysseus 3.1. Cette ONG lyonnaise a particip\u00e9 \u00e0 la conf\u00e9rence des Nations Unies sur les Oc\u00e9ans, UNOC 3, qui s\u2019est tenue \u00e0 Nice. L\u2019initiative de la semaine r\u00e9pond au doux nom d\u2019Ops Clean. Une startup lyonnaise qui a mi au point une lessive plus \u00e9colo\u2026 A cocher sur l\u2019agenda week-end : le Festival Entre Rh\u00f4ne et Sa\u00f4ne\u2026<\/p>\n<p>Le th\u00e8me principal de <strong>UNOC 3<\/strong> \u00e9tait \u00ab Acc\u00e9l\u00e9rer l\u2019action et mobiliser tous les acteurs pour conserver et utiliser durablement l\u2019oc\u00e9an \u00bb.<\/p>\n<p>La <a href=\"https:\/\/unocnice2025.org\/\" target=\"_blank\" rel=\"noreferrer noopener\">conf\u00e9rence<\/a> visait \u00e0 soutenir une action urgente et plus pouss\u00e9e pour <strong>conserver et utiliser durablement l\u2019oc\u00e9an, les mers et les ressources marines<\/strong>.<\/p>\n<p>Notre invit\u00e9 est <strong>Lionel Rard<\/strong>, pr\u00e9sident d\u2019<strong><a href=\"https:\/\/odysseus31.com\/\" target=\"_blank\" rel=\"noreferrer noopener\">Odysseus 3.1<\/a><\/strong>. L\u2019ONG qui <strong>explore les fonds marins pour les pr\u00e9server<\/strong>. a aussi particip\u00e9 \u00e0 cette conf\u00e9rence <strong>UNOC 3<\/strong> . C\u2019\u00e9tait \u00e0 Nice du 9 au 13 juin. Toute la <strong>communaut\u00e9 scientifique<\/strong> y \u00e9tait, <strong>64 chefs d\u2019\u00e9tat<\/strong>, et\u2026 <strong>Odysseus 3.1<\/strong>\u2026<\/p>\n<p>Regardez l\u2019\u00e9mission<\/p>\n<p><video controls=\"\" src=\"https:\/\/www.lyondemain.fr\/wp-content\/uploads\/2025\/06\/Planete-Locale-du-mercredi-25-juin-LONG-Odysseus-3-1-presente-.mp4\"\/>Planete Locale du mercredi 25 juin 2025<\/p>\n<p>\u00ab\u00a0C\u2019est une v\u00e9ritable reconnaissance pour notre organisation qui n\u2019a que 8 ans. 80% des d\u00e9chets en mer proviennent des fleuves. Il \u00e9tait loqique que nous participions \u00e0 l\u2019<strong>UNOC<\/strong>. On est intervenu lors de la premi\u00e8re semaine, plus scientifique. Les probl\u00e9matiques ont pu \u00eatre pos\u00e9es sur la table mais ce sont les d\u00e9cisions qui ne vont pas assez vite\u00a0\u00bb explique <strong>Lionel Rard<\/strong>.<\/p>\n<p>Ecoutez aussi : <a href=\"https:\/\/www.lyondemain.fr\/munitions-immergees-odysseus31-casques-bleus\/\" target=\"_blank\" rel=\"noopener\">Munitions immerg\u00e9es : Odysseus 3.1<\/a><a href=\"https:\/\/www.lyondemain.fr\/munitions-immergees-odysseus31-casques-bleus\/\" target=\"_blank\" rel=\"noreferrer noopener\"> <\/a><a href=\"https:\/\/www.lyondemain.fr\/munitions-immergees-odysseus31-casques-bleus\/\" target=\"_blank\" rel=\"noopener\">s\u2019ouvre les portes de l\u2019ONU<\/a><\/p>\n<p>Ops Clean : une lessive \u00e9colo constitu\u00e9e de billes de magn\u00e9sium<\/p>\n<p><strong>Marc Biessy<\/strong> et <strong>Jean-Baptiste Duranton<\/strong> ont cr\u00e9\u00e9 cet startup, dans l\u2019objectif de proposer une<a href=\"https:\/\/opsclean.com\/\" target=\"_blank\" rel=\"noreferrer noopener\"> alternative plus \u00e9cologique aux lessives traditionnelles<\/a>. Quoi de plus simple finalement que de ne pas utiliser de lessive. <strong>Ops Clean<\/strong> est en effet un sachet contenant des <strong>billes de magn\u00e9sium<\/strong>. Ce sachet est loin d\u2019\u00eatre \u00e0 usage unique. On peut l\u2019utiliser 350 fois. Comment \u00e7a marche ? nous avons pos\u00e9 la question \u00e0 <strong>Jean-Baptiste Duranton<\/strong>.<\/p>\n<p>\u00ab\u00a0Le magn\u00e9sium pur\u00e9fi\u00e9 va, au contact de l\u2019eau, r\u00e9agir pour former une sution alcaline, augmentant le pH de l\u2019eau. Avec un pH entre 8.5 et 10,5, On a ainsi des propri\u00e9t\u00e9s d\u00e9tergentes qui permettent de dissoudre les graisses, d\u2019\u00e9liminer les bact\u00e9ries et les salissures du qutidien sans utiliser de produits chimiques\u00a0\u00bb.<\/p>\n<blockquote class=\"instagram-media\" data-instgrm-captioned=\"\" data-instgrm-permalink=\"https:\/\/www.instagram.com\/p\/DLDE31iSAJI\/?utm_source=ig_embed&amp;utm_campaign=loading\" data-instgrm-version=\"14\" style=\" background:#FFF; border:0; border-radius:3px; box-shadow:0 0 1px 0 rgba(0,0,0,0.5),0 1px 10px 0 rgba(0,0,0,0.15); margin: 1px; max-width:540px; min-width:326px; padding:0; width:99.375%; width:-webkit-calc(100% - 2px); width:calc(100% - 2px);\"\/>\n<p>On ne vous cache pas que les grosses taches ne disparaitront pas avec ces billes de magn\u00e9sium. Il faudra encore utiliser des produits d\u00e9tachants pour certains cas difficiles. <\/p>\n<p><strong>Ops Clean<\/strong> d\u00e9veloppe aussi une gamme de produits pour parfumer le linge. <strong>Ops Clean<\/strong> est une start-up lyonnaise install\u00e9e dans l\u2019ancien garage CitroenL La production s\u2019effectue dans des <strong>ESAT<\/strong>, ou dans des <strong>prisons<\/strong>. Donc c\u2019est bon aussi pour l\u2019<strong>insertion<\/strong>. <\/p>\n<p><strong>Ops Clean<\/strong> est distribu\u00e9 dans quelques <strong>magasins bio<\/strong>. Mais surtout sur <strong>Amazon<\/strong>. Une marque lyonnaise dont on devrait entendre parler dans les prochaines ann\u00e9es\u2026<\/p>\n<p>Ecoutez aussi : <a href=\"https:\/\/www.lyondemain.fr\/ztl-presquile-lyon\/\" target=\"_blank\" rel=\"noreferrer noopener\">\u00ab\u00a0La ZTL est une r\u00e9ponse \u00e0 la morosit\u00e9 ambiante\u00a0\u00bb Gr\u00e9gory Doucet<\/a><\/p>\n<p>Festival entre Rh\u00f4ne et Sa\u00f4ne : 4\u00e8me \u00e9dition !<\/p>\n<p><strong>Entre Rh\u00f4ne et Sa\u00f4ne<\/strong>, c\u2019est 3 jours ponctu\u00e9s d\u2019<strong>animations<\/strong>, de <strong>spectacles<\/strong>, de <strong>conf\u00e9rences<\/strong>. Un \u00e9v\u00e9nement festif qui invite aussi \u00e0 prendre conscience.<\/p>\n<p>Avec d\u2019abord, le <strong>village associatif <\/strong>sur les <strong>berges de la Guilloti\u00e8re<\/strong>. Un atelier ludique pour les petits scientifiques en herbe, \u00e0 la d\u00e9couverte des <strong>secrets de l\u2019eau et de la biodiversit\u00e9<\/strong>, et aussi de leur fragilit\u00e9.<\/p>\n<p>Les enfants accompagn\u00e9s d\u2019adulte(s) participeront \u00e0 des exp\u00e9riences en se mettant dans la peau d\u2019un chercheur ou d\u2019une chercheuse dans une <strong>d\u00e9marche d\u2019investigation<\/strong>. C\u2019est <strong>Ebulliscience<\/strong> qui coordonne ainsi ces ateliers samedi des 11h30 le matin.<\/p>\n<p>Un festival qui nous propose aussi de <strong>cuisiner ensemble<\/strong> au bord de l\u2019eau c\u2019est samedi apr\u00e8s-midi toujours sur les <strong>berges de la Guilloti\u00e8re<\/strong> De 14h \u00e0 18h, un <strong>atelier de cuisine<\/strong> et un moment de d\u00e9gustation de 18h \u00e0 19h C\u2019est <strong>La L\u00e9gumerie<\/strong> qui orchestre cette animation autour de <strong>cuisiniers et cuisini\u00e8res b\u00e9n\u00e9voles<\/strong>. \u00c0 l\u2019honneur, les <strong>fruits, l\u00e9gumes, \u00e9pices et herbes aromatiques<\/strong> que les<strong> producteurs<\/strong> du coin cultivent en <strong>bio<\/strong>.<\/p>\n<p>Regardez aussi : <a href=\"https:\/\/www.lyondemain.fr\/petites-serres-villeurgood-festival\/\" target=\"_blank\" rel=\"noreferrer noopener\">Une souscription pour la reconstruction des petites serres du Parc<\/a><\/p>\n<p><img fetchpriority=\"high\" decoding=\"async\" width=\"1200\" height=\"675\" src=\"https:\/\/www.europesays.com\/fr\/wp-content\/uploads\/2025\/06\/UNOC-Planete-Locale-Lionel-Rard.jpg\" alt=\"UNOC \" class=\"wp-image-250222\"  \/><br \/>\nJ\u2019aime \u00e7a\u00a0:<\/p>\n<p>J\u2019aime chargement\u2026<\/p>\n<p><a class=\"sd-link-color\"\/><\/p>\n<p>\n\tArticles similaires\n<\/p>\n<p>\t\t\t\t<img decoding=\"async\" src=\"https:\/\/www.europesays.com\/fr\/wp-content\/uploads\/2025\/06\/1751100611_540_7866158698e17e8ed633c05e8f8e7fe5d9e057ad78661c4dc34e413abb6b9f19\" alt=\"G\u00e9rald Bouchon\"\/><\/p>\n<p>Pionnier des radios libres, passionn\u00e9 de radio, journaliste et dirigeant de m\u00e9dias \u00e9co-responsables..<\/p>\n<p>\t\t\t<script async src=\"\/\/www.instagram.com\/embed.js\"><\/script><\/p>\n","protected":false},"excerpt":{"rendered":"Chaque semaine, Lyon Demain et BFM Lyon vous proposent de d\u00e9couvrir des id\u00e9es pour \u00eatre plus respectueux de&hellip;\n","protected":false},"author":2,"featured_media":210514,"comment_status":"","ping_status":"","sticky":false,"template":"","format":"standard","meta":{"footnotes":""},"categories":[1889],"tags":[1111,11,4733,34973,2430,32025,6211,902,34974,14715,1777,674,849,34975,1011,27,20234,34976,2428,19451,12,12517,34977,34978,899,25,12522],"class_list":{"0":"post-210513","1":"post","2":"type-post","3":"status-publish","4":"format-standard","5":"has-post-thumbnail","7":"category-lyon","8":"tag-actu","9":"tag-actualites","10":"tag-associations","11":"tag-ateliers-de-cuisine","12":"tag-auvergne-rhone-alpes","13":"tag-berges-du-rhone","14":"tag-conference","15":"tag-cuisine","16":"tag-ebulliscience","17":"tag-esat","18":"tag-eu","19":"tag-europe","20":"tag-festival","21":"tag-festival-entre-rhone-et-saone","22":"tag-fr","23":"tag-france","24":"tag-insertion-professionnelle","25":"tag-lessive-ecolo","26":"tag-lyon","27":"tag-magnesium","28":"tag-news","29":"tag-ocean","30":"tag-ops-clean","31":"tag-preservation-de-leau","32":"tag-prisons","33":"tag-republique-francaise","34":"tag-unoc"},"share_on_mastodon":{"url":"https:\/\/pubeurope.com\/@fr\/114760137189999831","error":""},"_links":{"self":[{"href":"https:\/\/www.europesays.com\/fr\/wp-json\/wp\/v2\/posts\/210513","targetHints":{"allow":["GET"]}}],"collection":[{"href":"https:\/\/www.europesays.com\/fr\/wp-json\/wp\/v2\/posts"}],"about":[{"href":"https:\/\/www.europesays.com\/fr\/wp-json\/wp\/v2\/types\/post"}],"author":[{"embeddable":true,"href":"https:\/\/www.europesays.com\/fr\/wp-json\/wp\/v2\/users\/2"}],"replies":[{"embeddable":true,"href":"https:\/\/www.europesays.com\/fr\/wp-json\/wp\/v2\/comments?post=210513"}],"version-history":[{"count":0,"href":"https:\/\/www.europesays.com\/fr\/wp-json\/wp\/v2\/posts\/210513\/revisions"}],"wp:featuredmedia":[{"embeddable":true,"href":"https:\/\/www.europesays.com\/fr\/wp-json\/wp\/v2\/media\/210514"}],"wp:attachment":[{"href":"https:\/\/www.europesays.com\/fr\/wp-json\/wp\/v2\/media?parent=210513"}],"wp:term":[{"taxonomy":"category","embeddable":true,"href":"https:\/\/www.europesays.com\/fr\/wp-json\/wp\/v2\/categories?post=210513"},{"taxonomy":"post_tag","embeddable":true,"href":"https:\/\/www.europesays.com\/fr\/wp-json\/wp\/v2\/tags?post=210513"}],"curies":[{"name":"wp","href":"https:\/\/api.w.org\/{rel}","templated":true}]}}