{"id":210517,"date":"2025-06-28T08:53:19","date_gmt":"2025-06-28T08:53:19","guid":{"rendered":"https:\/\/www.europesays.com\/fr\/210517\/"},"modified":"2025-06-28T08:53:19","modified_gmt":"2025-06-28T08:53:19","slug":"40c-a-paris-et-en-ile-de-france-la-semaine-prochaine-quelles-seront-les-journees-les-plus-chaudes","status":"publish","type":"post","link":"https:\/\/www.europesays.com\/fr\/210517\/","title":{"rendered":"40\u00b0C \u00e0 Paris et en \u00cele-de-France la semaine prochaine ? Quelles seront les journ\u00e9es les plus chaudes ?"},"content":{"rendered":"<p> <img decoding=\"async\" fetchpriority=\"high\" src=\"https:\/\/www.europesays.com\/fr\/wp-content\/uploads\/2025\/06\/dailymotion-x9m0q32_1024.jpg\"  width=\"768\" height=\"432\" id=\"x9m0q32\"\/>  <\/p>\n<p>Une chaleur \u00e9crasante va concerner Paris et la r\u00e9gion parisienne au cours des prochains jours. Les temp\u00e9ratures devraient s\u2019\u00e9chelonner entre 38 et 40 \u00b0C en d\u00e9but de semaine prochaine ! La r\u00e9gion sera plac\u00e9e en vigilance orange canicule \u00e0 partir de demain.<\/p>\n<p>    <img decoding=\"async\" fetchpriority=\"high\" src=\"https:\/\/www.europesays.com\/fr\/wp-content\/uploads\/2025\/04\/marc-hay.jpg\" alt=\"Marc Hay\" width=\"40\" height=\"40\"\/>    <a class=\"nombre text-hv\" href=\"https:\/\/www.tameteo.com\/auteur\/marc-hay\/\" title=\"Marc Hay\" target=\"_blank\" rel=\"noopener\">Marc Hay<\/a>         28\/06\/2025 08:10   3 min   <\/p>\n<p><strong>Paris et l\u2019\u00cele-de-France vont conna\u00eetre des temp\u00e9ratures hors normes au cours des prochains jours. <\/strong>Si, pour l\u2019instant, la chaleur reste raisonnable, les temp\u00e9ratures vont tr\u00e8s vite devenir insupportables. Le responsable ? Ce d\u00f4me de chaleur qui va recouvrir la France, <strong>pi\u00e9geant la chaleur dans les basses couches de l\u2019atmosph\u00e8re et faisant grimper les temp\u00e9ratures jour apr\u00e8s jour.<\/strong><\/p>\n<p><strong>Ces temp\u00e9ratures caniculaires devraient se maintenir au-dessus de la r\u00e9gion parisienne jusqu\u2019\u00e0 mercredi prochain. <\/strong>Le pic de cette vague de chaleur est attendu ce jour-l\u00e0, avec peut-\u00eatre des pointes \u00e0 plus de<strong> 40 \u00b0C <\/strong>sur la r\u00e9gion.<\/p>\n<p>Comment vont \u00e9voluer les temp\u00e9ratures dans les prochains jours ? <strong>Quelles seront les journ\u00e9es les plus chaudes ? <\/strong>Retrouvez nos pr\u00e9visions compl\u00e8tes dans cet article.<\/p>\n<p>La r\u00e9gion parisienne en vigilance orange canicule<\/p>\n<p>Ce samedi, <strong>la r\u00e9gion parisienne est plac\u00e9e en vigilance jaune canicule,<\/strong> \u00e0 l\u2019exception du Val-d\u2019Oise qui reste en vert.<\/p>\n<p>Demain, avec la hausse des temp\u00e9ratures<strong> &#8211; 33 \u00b0C sont pr\u00e9vus \u00e0 <a href=\"https:\/\/www.tameteo.com\/meteo-Europe-France-Ile+de+France-Paris-1-1-135-29-5461.html\" data-mrf-recirculation=\"cuerpo_intext\" target=\"_blank\" rel=\"noopener\">Paris<\/a> &#8211; <\/strong>l\u2019\u00cele-de-France basculera en <strong>vigilance orange canicule.<\/strong><\/p>\n<p><a class=\"imagen \" href=\"https:\/\/www.tameteo.com\/actualites\/previsions\/plus-de-40-c-en-france-meteo-france-place-53-departements-en-vigilance-orange-canicule-quelles-regions-concernees.html\" title=\"Plus de 40\u00b0C en France : M\u00e9t\u00e9o-France place 53 d\u00e9partements en vigilance orange canicule ! Quelles r\u00e9gions concern\u00e9es ?\" target=\"_blank\" rel=\"noopener\"><img loading=\"lazy\" decoding=\"async\" fetchpriority=\"low\" class=\"lazy img-body non-editable\" src=\"https:\/\/www.europesays.com\/fr\/wp-content\/uploads\/2025\/06\/plus-de-40-c-en-france-meteo-france-place-53-departements-en-vigilance-orange-canicule-quelles-regio.png\"  width=\"320\" height=\"225\" alt=\"Plus de 40\u00b0C en France : M\u00e9t\u00e9o-France place 53 d\u00e9partements en vigilance orange canicule ! Quelles r\u00e9gions concern\u00e9es ?\"\/><\/a><\/p>\n<p><strong>Cette vigilance devrait se poursuivre jusqu\u2019\u00e0 mercredi ou jeudi prochain, <\/strong>le pic de chaleur \u00e9tant pour l\u2019instant attendu mercredi apr\u00e8s-midi en r\u00e9gion parisienne.<\/p>\n<p>Plus de 35 degr\u00e9s lundi <\/p>\n<p>Apr\u00e8s un week-end d\u00e9j\u00e0 chaud et des nuits parfois difficiles \u00e0 supporter, en raison de temp\u00e9ratures restant \u00e9lev\u00e9es, <strong>la chaleur montera d\u2019un cran sur la r\u00e9gion en d\u00e9but de semaine prochaine.<\/strong><\/p>\n<p><img loading=\"lazy\" decoding=\"async\" fetchpriority=\"low\" class=\"lazy \" src=\"https:\/\/www.europesays.com\/fr\/wp-content\/uploads\/2025\/06\/canicule-40-c-a-paris-et-en-ile-de-france-la-semaine-prochaine-quelles-seront-les-journees-les-plus-.png\"  width=\"768\" height=\"432\" alt=\"Plus de 35 degr\u00e9s en \u00cele-de-France lundi.\" title=\"Plus de 35 degr\u00e9s en \u00cele-de-France lundi.\" data-image=\"ti3617do0w0r\"\/>Plus de 35 degr\u00e9s en \u00cele-de-France lundi. <\/p>\n<p>Lundi apr\u00e8s-midi,<strong> des pointes au-del\u00e0 de 35 \u00b0C sont attendues en <a href=\"https:\/\/www.tameteo.com\/meteo-Europe-France-Ile+de+France-1-1-135-29.html\" data-mrf-recirculation=\"cuerpo_intext\" target=\"_blank\" rel=\"noopener\">\u00cele-de-France<\/a>. <\/strong>Et cette journ\u00e9e ne sera que le d\u00e9but d\u2019une s\u00e9quence qui s\u2019annonce difficile pour la r\u00e9gion.<\/p>\n<p>Pr\u00e8s de 40 degr\u00e9s ensuite ? <\/p>\n<p>Si la fin de la canicule \u00e9tait encore envisag\u00e9e hier pour mardi,<strong> elle devrait finalement se prolonger jusqu\u2019\u00e0 mercredi, <\/strong>avant l\u2019arriv\u00e9e d\u2019un air moins chaud par l\u2019Atlantique.<\/p>\n<p><a class=\"imagen \" href=\"https:\/\/www.tameteo.com\/actualites\/previsions\/nouvelle-canicule-avant-un-risque-d-orages-violents-en-france-decouvrez-les-previsions-meteo-risque-intemperies.html\" title=\"Nouvelle canicule... avant un risque d&#039;orages violents en France ? D\u00e9couvrez les pr\u00e9visions m\u00e9t\u00e9o\" target=\"_blank\" rel=\"noopener\"><img loading=\"lazy\" decoding=\"async\" fetchpriority=\"low\" class=\"lazy img-body non-editable\" src=\"https:\/\/www.europesays.com\/fr\/wp-content\/uploads\/2025\/06\/nouvelle-canicule-avant-un-risque-d-orages-violents-en-france-decouvrez-les-previsions-meteo-1751016.png\"  width=\"320\" height=\"225\" alt=\"Nouvelle canicule... avant un risque d'orages violents en France ? D\u00e9couvrez les pr\u00e9visions m\u00e9t\u00e9o\"\/><\/a><\/p>\n<p>Mardi apr\u00e8s-midi, <strong>des pointes proches de 38 \u00b0C sont attendues \u00e0 Paris et en r\u00e9gion parisienne.<\/strong><\/p>\n<p><img loading=\"lazy\" decoding=\"async\" fetchpriority=\"low\" class=\"lazy \" src=\"https:\/\/www.europesays.com\/fr\/wp-content\/uploads\/2025\/06\/1751100799_351_canicule-40-c-a-paris-et-en-ile-de-france-la-semaine-prochaine-quelles-seront-les-journees-les-plus-.png\"  width=\"768\" height=\"432\" alt=\"40\u00b0C mercredi prochain \u00e0 Paris ?\" title=\"40\u00b0C mercredi prochain \u00e0 Paris ?\" data-image=\"zgmwh3pcxyvi\"\/>40\u00b0C mercredi prochain \u00e0 Paris ?<\/p>\n<p><strong>La journ\u00e9e de mercredi pourrait \u00eatre la plus chaude de l\u2019\u00e9pisode, avec 40 \u00b0C pr\u00e9vus l\u2019apr\u00e8s-midi selon le mod\u00e8le europ\u00e9en.<\/strong><\/p>\n<p>Nous affinerons les pr\u00e9visions dans nos prochains articles, <strong>tant sur la dur\u00e9e de cette canicule que sur les valeurs attendues dans la r\u00e9gion.<\/strong><\/p>\n<p>Les temp\u00e9ratures devraient ensuite retrouver un niveau plus respirable, mais il faudra pour cela attendre la journ\u00e9e de jeudi. <strong>Cette canicule devrait donc durer quatre longues journ\u00e9es en \u00cele-de-France, <\/strong>avec des temp\u00e9ratures qui, selon les derni\u00e8res pr\u00e9visions, pourraient approcher voire d\u00e9passer la barre symbolique des 40 degr\u00e9s.<\/p>\n","protected":false},"excerpt":{"rendered":"Une chaleur \u00e9crasante va concerner Paris et la r\u00e9gion parisienne au cours des prochains jours. Les temp\u00e9ratures devraient&hellip;\n","protected":false},"author":2,"featured_media":210518,"comment_status":"","ping_status":"","sticky":false,"template":"","format":"standard","meta":{"footnotes":""},"categories":[1592],"tags":[1111,11,6698,13208,1777,674,34979,1011,27,662,2487,12,626,25],"class_list":{"0":"post-210517","1":"post","2":"type-post","3":"status-publish","4":"format-standard","5":"has-post-thumbnail","7":"category-ile-de-france","8":"tag-actu","9":"tag-actualites","10":"tag-canicule","11":"tag-chaleur","12":"tag-eu","13":"tag-europe","14":"tag-fournaise","15":"tag-fr","16":"tag-france","17":"tag-ile-de-france","18":"tag-meteo","19":"tag-news","20":"tag-paris","21":"tag-republique-francaise"},"share_on_mastodon":{"url":"https:\/\/pubeurope.com\/@fr\/114760149169860427","error":""},"_links":{"self":[{"href":"https:\/\/www.europesays.com\/fr\/wp-json\/wp\/v2\/posts\/210517","targetHints":{"allow":["GET"]}}],"collection":[{"href":"https:\/\/www.europesays.com\/fr\/wp-json\/wp\/v2\/posts"}],"about":[{"href":"https:\/\/www.europesays.com\/fr\/wp-json\/wp\/v2\/types\/post"}],"author":[{"embeddable":true,"href":"https:\/\/www.europesays.com\/fr\/wp-json\/wp\/v2\/users\/2"}],"replies":[{"embeddable":true,"href":"https:\/\/www.europesays.com\/fr\/wp-json\/wp\/v2\/comments?post=210517"}],"version-history":[{"count":0,"href":"https:\/\/www.europesays.com\/fr\/wp-json\/wp\/v2\/posts\/210517\/revisions"}],"wp:featuredmedia":[{"embeddable":true,"href":"https:\/\/www.europesays.com\/fr\/wp-json\/wp\/v2\/media\/210518"}],"wp:attachment":[{"href":"https:\/\/www.europesays.com\/fr\/wp-json\/wp\/v2\/media?parent=210517"}],"wp:term":[{"taxonomy":"category","embeddable":true,"href":"https:\/\/www.europesays.com\/fr\/wp-json\/wp\/v2\/categories?post=210517"},{"taxonomy":"post_tag","embeddable":true,"href":"https:\/\/www.europesays.com\/fr\/wp-json\/wp\/v2\/tags?post=210517"}],"curies":[{"name":"wp","href":"https:\/\/api.w.org\/{rel}","templated":true}]}}