{"id":210521,"date":"2025-06-28T08:55:22","date_gmt":"2025-06-28T08:55:22","guid":{"rendered":"https:\/\/www.europesays.com\/fr\/210521\/"},"modified":"2025-06-28T08:55:22","modified_gmt":"2025-06-28T08:55:22","slug":"psg-quelles-sont-les-dates-des-clasicos-contre-lom-et-des-derbys-face-au-paris-fc-en-2025-2026","status":"publish","type":"post","link":"https:\/\/www.europesays.com\/fr\/210521\/","title":{"rendered":"PSG : quelles sont les dates des clasicos contre l\u2019OM et des derbys face au Paris FC en 2025-2026 ?"},"content":{"rendered":"<p class=\"paragraph text_align_left lp-f-body-02\">21 septembre 2025 et 8 f\u00e9vrier 2026 : ce sont les dates des deux clasicos pour la saison prochaine de <a href=\"https:\/\/www.leparisien.fr\/sports\/football\/ligue-1\/\" target=\"_blank\" rel=\"noreferrer nofollow noopener\">Ligue 1<\/a>. Ainsi, le <a href=\"https:\/\/www.leparisien.fr\/sports\/football\/ligue-1\/\" target=\"_blank\" rel=\"noreferrer nofollow noopener\">PSG<\/a> se rendra fin septembre au V\u00e9lodrome et il accueillera les Phoc\u00e9ens d\u00e9but f\u00e9vrier. Une semaine plut\u00f4t, l\u2019OM aura d\u2019ailleurs d\u00e9j\u00e0 voyag\u00e9 jusque dans la capitale puisque le club phoc\u00e9en <a href=\"https:\/\/www.leparisien.fr\/sports\/football\/ligue-1\/paris-fc-le-calendrier-complet-de-la-saison-2025-2026-de-ligue-1-27-06-2025-66OO3MPDXRBRZNZS6IAOU7YOGU.php\" target=\"_blank\" rel=\"noreferrer nofollow noopener\">affrontera le Paris FC<\/a> le 1er f\u00e9vrier.<\/p>\n<p class=\"paragraph text_align_left lp-f-body-02\">Dans <a href=\"https:\/\/www.leparisien.fr\/sports\/football\/ligue-1\/psg-le-calendrier-complet-de-la-saison-2025-2026-de-ligue-1-pour-paris-27-06-2025-EGME273NB5CTLOHANEHND7W73E.php\" target=\"_blank\" rel=\"noreferrer nofollow noopener\">le calendrier du Paris Saint-Germain<\/a> d\u00e9voil\u00e9 ce vendredi, on note aussi la date du derby francilien face au <a href=\"https:\/\/www.leparisien.fr\/sports\/football\/paris-fc\/\" target=\"_blank\" rel=\"noreferrer nofollow noopener\">Paris FC<\/a>. Il faudra attendre le 4 janvier 2026 pour la premi\u00e8re manche qui se d\u00e9roulera au Parc des Princes.<\/p>\n<p class=\"paragraph text_align_left lp-f-body-02\">Pour faire les quelques m\u00e8tres qui le s\u00e9pare du Stade Jean-Bouin, la nouvelle enceinte du Paris FC, le PSG devra attendre quatre mois et le 16 mai, date du match retour et de la derni\u00e8re journ\u00e9e de championnat.<\/p>\n","protected":false},"excerpt":{"rendered":"21 septembre 2025 et 8 f\u00e9vrier 2026 : ce sont les dates des deux clasicos pour la saison&hellip;\n","protected":false},"author":2,"featured_media":210522,"comment_status":"","ping_status":"","sticky":false,"template":"","format":"standard","meta":{"footnotes":""},"categories":[1888],"tags":[1111,1928,11,1927,1777,674,63,1011,27,66,12,1926,626,1925,25,60],"class_list":{"0":"post-210521","1":"post","2":"type-post","3":"status-publish","4":"format-standard","5":"has-post-thumbnail","7":"category-paris","8":"tag-actu","9":"tag-actu-paris","10":"tag-actualites","11":"tag-actualites-paris","12":"tag-eu","13":"tag-europe","14":"tag-football","15":"tag-fr","16":"tag-france","17":"tag-ligue-1","18":"tag-news","19":"tag-news-paris","20":"tag-paris","21":"tag-paris-news","22":"tag-republique-francaise","23":"tag-sports"},"share_on_mastodon":{"url":"https:\/\/pubeurope.com\/@fr\/114760156656206054","error":""},"_links":{"self":[{"href":"https:\/\/www.europesays.com\/fr\/wp-json\/wp\/v2\/posts\/210521","targetHints":{"allow":["GET"]}}],"collection":[{"href":"https:\/\/www.europesays.com\/fr\/wp-json\/wp\/v2\/posts"}],"about":[{"href":"https:\/\/www.europesays.com\/fr\/wp-json\/wp\/v2\/types\/post"}],"author":[{"embeddable":true,"href":"https:\/\/www.europesays.com\/fr\/wp-json\/wp\/v2\/users\/2"}],"replies":[{"embeddable":true,"href":"https:\/\/www.europesays.com\/fr\/wp-json\/wp\/v2\/comments?post=210521"}],"version-history":[{"count":0,"href":"https:\/\/www.europesays.com\/fr\/wp-json\/wp\/v2\/posts\/210521\/revisions"}],"wp:featuredmedia":[{"embeddable":true,"href":"https:\/\/www.europesays.com\/fr\/wp-json\/wp\/v2\/media\/210522"}],"wp:attachment":[{"href":"https:\/\/www.europesays.com\/fr\/wp-json\/wp\/v2\/media?parent=210521"}],"wp:term":[{"taxonomy":"category","embeddable":true,"href":"https:\/\/www.europesays.com\/fr\/wp-json\/wp\/v2\/categories?post=210521"},{"taxonomy":"post_tag","embeddable":true,"href":"https:\/\/www.europesays.com\/fr\/wp-json\/wp\/v2\/tags?post=210521"}],"curies":[{"name":"wp","href":"https:\/\/api.w.org\/{rel}","templated":true}]}}