{"id":210529,"date":"2025-06-28T08:59:10","date_gmt":"2025-06-28T08:59:10","guid":{"rendered":"https:\/\/www.europesays.com\/fr\/210529\/"},"modified":"2025-06-28T08:59:10","modified_gmt":"2025-06-28T08:59:10","slug":"ukraine-gaza-iran-emmanuel-macron-peine-a-faire-aboutir-ses-initiatives-diplomatiques-lexpress","status":"publish","type":"post","link":"https:\/\/www.europesays.com\/fr\/210529\/","title":{"rendered":"Ukraine, Gaza, Iran&#8230; Emmanuel Macron peine \u00e0 faire aboutir ses initiatives diplomatiques \u2013 L&rsquo;Express"},"content":{"rendered":"<p class=\"paragraph article-body-paragraph article__item   article-body-paragraph--first \">Ils se sont reparl\u00e9. <a href=\"https:\/\/www.lexpress.fr\/idees-et-debats\/ce-que-le-vol-de-la-statue-demmanuel-macron-a-grevin-dit-de-notre-epoque-par-gerald-bronner-DVQWRSPA2RG7PH3H553GRM2KDI\/\" target=\"_self\" rel=\"noopener\" title=\"https:\/\/www.lexpress.fr\/idees-et-debats\/ce-que-le-vol-de-la-statue-demmanuel-macron-a-grevin-dit-de-notre-epoque-par-gerald-bronner-DVQWRSPA2RG7PH3H553GRM2KDI\/\">Emmanuel Macron<\/a> et Donald Trump ont \u00e9chang\u00e9 jeudi, apr\u00e8s leurs tensions publiques du G7 et un <a href=\"https:\/\/www.lexpress.fr\/monde\/europe\/apres-le-sommet-de-lotan-le-plus-dur-commence-pour-les-allies-des-etats-unis-GMA5REKHERFUZHOA3LJHZRNLRM\/\" target=\"_self\" rel=\"noopener\" title=\"https:\/\/www.lexpress.fr\/monde\/europe\/apres-le-sommet-de-lotan-le-plus-dur-commence-pour-les-allies-des-etats-unis-GMA5REKHERFUZHOA3LJHZRNLRM\/\">sommet de l&rsquo;Otan<\/a> sans t\u00eate-\u00e0-t\u00eate qui avaient sembl\u00e9 symboliser les difficult\u00e9s du pr\u00e9sident fran\u00e7ais, engag\u00e9 sur plusieurs fronts diplomatiques qui peinent \u00e0 aboutir. Lors du retour du tonitruant milliardaire \u00e0 la Maison-Blanche en janvier, \u00ab\u00a0il y a eu un \u00e9lectrochoc du c\u00f4t\u00e9 des Europ\u00e9ens\u00a0\u00bb et \u00ab\u00a0Emmanuel Macron s&rsquo;est pos\u00e9 en t\u00eate de file pour essayer de faire en sorte <a href=\"https:\/\/www.lexpress.fr\/economie\/politique-economique\/defense-leurope-doit-acheter-du-materiel-europeen-par-nicolas-bouzou-BDLIG7LVGBCSPOCIJ2ZZ6SCKAE\/\" target=\"_self\" rel=\"noopener\" title=\"https:\/\/www.lexpress.fr\/economie\/politique-economique\/defense-leurope-doit-acheter-du-materiel-europeen-par-nicolas-bouzou-BDLIG7LVGBCSPOCIJ2ZZ6SCKAE\/\">que cet \u00e9lectrochoc soit durable<\/a>\u00ab\u00a0, analyse Lukas Aubin, de l&rsquo;Institut de relations internationales et strat\u00e9giques (Iris). \u00ab\u00a0On a l&rsquo;impression en ce moment que le souffl\u00e9 retombe\u00a0\u00bb, dit ce chercheur \u00e0 l&rsquo;AFP.<\/p>\n<p class=\"paragraph article-body-paragraph article__item   \">Selon lui, \u00ab\u00a0le <a href=\"https:\/\/www.lexpress.fr\/idees-et-debats\/francois-heisbourg-avec-donald-trump-lempire-americain-est-en-train-de-se-suicider-BEX3AIERKRCUFL6Z36J7H2MBFA\/\" target=\"_self\" rel=\"noopener\" title=\"https:\/\/www.lexpress.fr\/idees-et-debats\/francois-heisbourg-avec-donald-trump-lempire-americain-est-en-train-de-se-suicider-BEX3AIERKRCUFL6Z36J7H2MBFA\/\">caract\u00e8re impr\u00e9visible de Donald Trump<\/a> rend les Europ\u00e9ens un peu h\u00e9sitants\u00a0\u00bb, oscillant entre la n\u00e9cessit\u00e9 de prendre en main leur d\u00e9fense, comme le pr\u00f4ne la France de longue date, et la tentation de s&rsquo;en remettre encore un peu au soutien des Etats-Unis si leur pr\u00e9sident continue d&rsquo;afficher de meilleures dispositions \u00e0 leur \u00e9gard, comme cette semaine \u00e0 l&rsquo;Otan.<\/p>\n<p><strong class=\"article-body-link-list__item text-gray-800 article-body-link-list__item--one-item\">LIRE AUSSI : <a class=\"article-body-link-list__item-link\" href=\"https:\/\/www.lexpress.fr\/idees-et-debats\/david-graham-the-atlantic-le-plus-inquietant-avec-trump-cest-quil-ny-a-plus-grand-monde-pour-le-2LFW5GIKBBG7TO2Z7X6FF7Y5IU\/\" target=\"_blank\" rel=\"noreferrer noopener\">David Graham (\u00ab\u00a0The Atlantic\u00a0\u00bb) : \u00ab\u00a0Le plus inqui\u00e9tant avec Trump, c\u2019est qu\u2019il n\u2019y a plus grand monde pour le raisonner\u2026\u00a0\u00bb<\/a><\/strong><\/p>\n<p class=\"paragraph article-body-paragraph article__item   \">Les efforts volontaristes d&rsquo;Emmanuel Macron en faveur de l&rsquo;Ukraine butent sur un dirigeant am\u00e9ricain visiblement peu press\u00e9 d&rsquo;imposer \u00e0 la Russie ces \u00ab\u00a0sanctions massives\u00a0\u00bb que la France et ses alli\u00e9s europ\u00e9ens brandissent en vain depuis leur visite \u00e0 Kiev le 10 mai. Quant \u00e0 ses mots tr\u00e8s durs contre le blocus humanitaire isra\u00e9lien pour Gaza, ils ont \u00e9t\u00e9 rel\u00e9gu\u00e9s au second plan par la guerre entre l&rsquo;Iran et Isra\u00ebl, qui a surtout retard\u00e9 sa grande initiative cens\u00e9e acc\u00e9l\u00e9rer la cr\u00e9ation d&rsquo;un Etat palestinien.<\/p>\n<p class=\"paragraph article-body-paragraph article__item   \">Le dirigeant fran\u00e7ais a dit \u00ab\u00a0esp\u00e9rer\u00a0\u00bb pouvoir convoquer \u00e0 nouveau en juillet la conf\u00e9rence \u00e0 l&rsquo;ONU sur la solution dite \u00ab\u00a0\u00e0 deux Etats\u00a0\u00bb qu&rsquo;il doit copr\u00e9sider avec l&rsquo;Arabie saoudite. Mais plusieurs diplomates redoutent un coup d&rsquo;\u00e9p\u00e9e dans l&rsquo;eau si elle intervient \u00e0 contre-temps.<\/p>\n<p>Le \u00ab\u00a0t\u00eate-\u00e0-t\u00eate\u00a0\u00bb n&rsquo;a pas eu lieu<\/p>\n<p class=\"paragraph article-body-paragraph article__item   \">Cette passe difficile a co\u00efncid\u00e9 avec un apparent refroidissement de sa relation avec Donald Trump, qui l&rsquo;a publiquement rabrou\u00e9 en quittant le sommet du G7 au Canada, il y a dix jours. \u00ab\u00a0Volontairement ou pas, <a href=\"https:\/\/www.lexpress.fr\/monde\/proche-moyen-orient\/israel-iran-donald-trump-reproche-a-emmanuel-macron-de-navoir-rien-compris-a-ses-intentions-ZZRSBVIISNDKJICHBZ5HE3ULRE\/\" target=\"_self\" rel=\"noopener\" title=\"https:\/\/www.lexpress.fr\/monde\/proche-moyen-orient\/israel-iran-donald-trump-reproche-a-emmanuel-macron-de-navoir-rien-compris-a-ses-intentions-ZZRSBVIISNDKJICHBZ5HE3ULRE\/\">Emmanuel ne comprend jamais rien<\/a>\u00ab\u00a0, avait l\u00e2ch\u00e9 le r\u00e9publicain new-yorkais. Le Fran\u00e7ais a eu beau minimiser une \u00ab\u00a0p\u00e9rip\u00e9tie\u00a0\u00bb, le sommet de l&rsquo;Alliance atlantique qui a suivi cette semaine \u00e0 La Haye n&rsquo;a pas permis de mettre en sc\u00e8ne cette complicit\u00e9 qu&rsquo;il s&rsquo;effor\u00e7ait d&rsquo;entretenir depuis le d\u00e9but de l&rsquo;ann\u00e9e. Le \u00ab\u00a0t\u00eate-\u00e0-t\u00eate\u00a0\u00bb esp\u00e9r\u00e9 par Emmanuel Macron n&rsquo;a pas eu lieu aux Pays-Bas, et aucune image des deux hommes c\u00f4te-\u00e0-c\u00f4te n&rsquo;a filtr\u00e9.<\/p>\n<p class=\"paragraph article-body-paragraph article__item   \">Au contraire, s&rsquo;il a salu\u00e9 la \u00ab\u00a0cr\u00e9dibilit\u00e9\u00a0\u00bb de Washington \u00e0 la suite des frappes am\u00e9ricaines \u00ab\u00a0efficaces\u00a0\u00bb sur le nucl\u00e9aire iranien et du cessez-le-feu impos\u00e9 \u00e0 Isra\u00ebl et \u00e0 l&rsquo;Iran, le pr\u00e9sident fran\u00e7ais a \u00e9t\u00e9 l&rsquo;un des rares dirigeants l&rsquo;Otan \u00e0 <a href=\"https:\/\/www.lexpress.fr\/monde\/la-passe-darmes-entre-donald-trump-et-emmanuel-macron-vous-pensez-quils-viendraient-nous-aider-2VHAKGVS2ZB53JJQMAGC4AFZXI\/\" target=\"_self\" rel=\"noopener\" title=\"https:\/\/www.lexpress.fr\/monde\/la-passe-darmes-entre-donald-trump-et-emmanuel-macron-vous-pensez-quils-viendraient-nous-aider-2VHAKGVS2ZB53JJQMAGC4AFZXI\/\">\u00e9lever le ton face \u00e0 Donald Trump<\/a> en lui disant que \u00ab\u00a0se faire la guerre commerciale\u00a0\u00bb entre alli\u00e9s \u00e9tait \u00ab\u00a0<a href=\"https:\/\/www.lexpress.fr\/economie\/guerre-commerciale-de-donald-trump-la-reponse-demmanuel-macron-6Q334DJQTFDXPJ3SSNM3ZYQGCQ\/\" target=\"_self\" rel=\"noopener\" title=\"https:\/\/www.lexpress.fr\/economie\/guerre-commerciale-de-donald-trump-la-reponse-demmanuel-macron-6Q334DJQTFDXPJ3SSNM3ZYQGCQ\/\">une aberration<\/a>\u00ab\u00a0.<\/p>\n<p class=\"paragraph article-body-paragraph article__item   \">L&rsquo;Elys\u00e9e a donc tenu \u00e0 faire savoir que le pr\u00e9sident am\u00e9ricain avait finalement appel\u00e9 jeudi son homologue fran\u00e7ais au t\u00e9l\u00e9phone pour un long entretien sur l&rsquo;Ukraine et le Moyen-Orient. A Paris, on s&rsquo;agace aussi des commentaires qui ont accompagn\u00e9 le sommet de l&rsquo;Otan, centr\u00e9s sur les louanges flagorneuses du chef de l&rsquo;Alliance Mark Rutte \u00e0 l&rsquo;\u00e9gard de Donald Trump, et sur l&rsquo;impression de marginalisation du dossier ukrainien.<\/p>\n<p>\u00ab\u00a0Trump ne veut pas jouer\u00a0\u00bb<\/p>\n<p class=\"paragraph article-body-paragraph article__item   \">L&rsquo;entourage d&rsquo;Emmanuel Macron pr\u00e9f\u00e8re voir le verre \u00e0 moiti\u00e9 plein d&rsquo;une Europe qui se r\u00e9arme enfin pour \u00eatre plus ind\u00e9pendante, et d&rsquo;un pr\u00e9sident am\u00e9ricain qui a rencontr\u00e9 son homologue ukrainien Volodymyr Zelensky sans dire non \u00e0 un soutien accru. Au sommet de l&rsquo;Etat, on estime que jusqu&rsquo;ici, la strat\u00e9gie pr\u00e9sidentielle a plut\u00f4t march\u00e9, permettant \u00ab\u00a0d&#8217;emp\u00eacher\u00a0\u00bb Donald Trump de \u00ab\u00a0pousser l&rsquo;Ukraine \u00e0 la capitulation\u00a0\u00bb. Mais depuis, les efforts pour mettre fin \u00e0 cette guerre sont dans l&rsquo;impasse.<\/p>\n<p><strong class=\"article-body-link-list__item text-gray-800 article-body-link-list__item--one-item\">LIRE AUSSI : <a class=\"article-body-link-list__item-link\" href=\"https:\/\/www.lexpress.fr\/monde\/europe\/iran-israel-rarement-les-europeens-nont-paru-aussi-impuissants-UJTTUNKYIZEK5PSSQ5MD4GQP7A\/\" target=\"_blank\" rel=\"noreferrer noopener\">Iran-Isra\u00ebl : rarement les Europ\u00e9ens n\u2019ont paru aussi impuissants<\/a><\/strong><\/p>\n<p class=\"paragraph article-body-paragraph article__item   \">\u00ab\u00a0Macron a tent\u00e9 de dire \u00e0 Trump: &lsquo;je te donne une carte \u00e0 jouer avec la Russie&rsquo;, mais le probl\u00e8me c&rsquo;est que Trump ne veut pas jouer. Tant qu&rsquo;il n&rsquo;est pas pr\u00eat \u00e0 faire pression sur Moscou, les cartes de Macron sont vaines\u00a0\u00bb, constate C\u00e9lia Belin, cheffe du bureau parisien du Conseil europ\u00e9en pour les relations internationales (ECFR). <\/p>\n<p class=\"paragraph article-body-paragraph article__item    article__text__endpicto\">Pour cette chercheuse, le conflit Iran-Isra\u00ebl a montr\u00e9 que \u00ab\u00a0Trump ne respecte que les faits accomplis qui lui apportent imm\u00e9diatement un b\u00e9n\u00e9fice sur le terrain\u00a0\u00bb. \u00ab\u00a0Si la France et l&rsquo;Europe arrivent \u00e0 trouver une mani\u00e8re de changer la donne tout seuls, et que le pr\u00e9sident am\u00e9ricain y voit un b\u00e9n\u00e9fice, peut-\u00eatre qu&rsquo;il montera \u00e0 bord.\u00a0\u00bb<\/p>\n","protected":false},"excerpt":{"rendered":"Ils se sont reparl\u00e9. Emmanuel Macron et Donald Trump ont \u00e9chang\u00e9 jeudi, apr\u00e8s leurs tensions publiques du G7&hellip;\n","protected":false},"author":2,"featured_media":210530,"comment_status":"","ping_status":"","sticky":false,"template":"","format":"standard","meta":{"footnotes":""},"categories":[1590],"tags":[11,1777,674,74,12,31,220],"class_list":{"0":"post-210529","1":"post","2":"type-post","3":"status-publish","4":"format-standard","5":"has-post-thumbnail","7":"category-ukraine","8":"tag-actualites","9":"tag-eu","10":"tag-europe","11":"tag-monde","12":"tag-news","13":"tag-proche-et-moyen-orient","14":"tag-ukraine"},"share_on_mastodon":{"url":"https:\/\/pubeurope.com\/@fr\/114760172594041936","error":""},"_links":{"self":[{"href":"https:\/\/www.europesays.com\/fr\/wp-json\/wp\/v2\/posts\/210529","targetHints":{"allow":["GET"]}}],"collection":[{"href":"https:\/\/www.europesays.com\/fr\/wp-json\/wp\/v2\/posts"}],"about":[{"href":"https:\/\/www.europesays.com\/fr\/wp-json\/wp\/v2\/types\/post"}],"author":[{"embeddable":true,"href":"https:\/\/www.europesays.com\/fr\/wp-json\/wp\/v2\/users\/2"}],"replies":[{"embeddable":true,"href":"https:\/\/www.europesays.com\/fr\/wp-json\/wp\/v2\/comments?post=210529"}],"version-history":[{"count":0,"href":"https:\/\/www.europesays.com\/fr\/wp-json\/wp\/v2\/posts\/210529\/revisions"}],"wp:featuredmedia":[{"embeddable":true,"href":"https:\/\/www.europesays.com\/fr\/wp-json\/wp\/v2\/media\/210530"}],"wp:attachment":[{"href":"https:\/\/www.europesays.com\/fr\/wp-json\/wp\/v2\/media?parent=210529"}],"wp:term":[{"taxonomy":"category","embeddable":true,"href":"https:\/\/www.europesays.com\/fr\/wp-json\/wp\/v2\/categories?post=210529"},{"taxonomy":"post_tag","embeddable":true,"href":"https:\/\/www.europesays.com\/fr\/wp-json\/wp\/v2\/tags?post=210529"}],"curies":[{"name":"wp","href":"https:\/\/api.w.org\/{rel}","templated":true}]}}