{"id":210535,"date":"2025-06-28T09:02:09","date_gmt":"2025-06-28T09:02:09","guid":{"rendered":"https:\/\/www.europesays.com\/fr\/210535\/"},"modified":"2025-06-28T09:02:09","modified_gmt":"2025-06-28T09:02:09","slug":"lallemagne-agit-contre-deepseek","status":"publish","type":"post","link":"https:\/\/www.europesays.com\/fr\/210535\/","title":{"rendered":"L&rsquo;Allemagne agit contre DeepSeek"},"content":{"rendered":"<p>                    <img decoding=\"async\" style=\"aspect-ratio:16\/9\" src=\"https:\/\/www.europesays.com\/fr\/wp-content\/uploads\/2025\/06\/DeepSeek-1.jpg\" width=\"100%\" loading=\"eager\"\/><\/p>\n<p>                            <a href=\"https:\/\/fr.businessam.be\/author\/redactie\/\" class=\"author-thumbnail\" style=\"border: 2px inset #00000099;\" rel=\"nofollow noopener\" target=\"_blank\"><img loading=\"lazy\" decoding=\"async\" src=\"https:\/\/www.europesays.com\/fr\/wp-content\/uploads\/2025\/06\/1751101329_898_cropped-favicon-192x192.png\" width=\"80\" height=\"80\" alt=\"Business AM\"\/><\/a>\ue05bpar <a href=\"https:\/\/fr.businessam.be\/author\/redactie\/\" rel=\"nofollow noopener\" target=\"_blank\">Business AM<\/a><br \/>\ue010publi\u00e9 le samedi 28 juin 2025 \u00e0 10:31 \u2022 <br \/>\ue00c3 min de lecture<\/p>\n<p>Principaux renseignements<\/p>\n<ul class=\"wp-block-list\">\n<li><strong>L\u2019autorit\u00e9 allemande de protection des donn\u00e9es a signal\u00e9 DeepSeek \u00e0 Apple et Google en raison de possibles violations de la vie priv\u00e9e. <\/strong><\/li>\n<li><strong>DeepSeek est accus\u00e9 de ne pas avoir mis en place des mesures de protection suffisantes pour les donn\u00e9es des utilisateurs allemands, conform\u00e9ment aux normes de l\u2019UE.<\/strong><\/li>\n<li><strong>L\u2019entreprise reconna\u00eet qu\u2019elle stocke les donn\u00e9es des utilisateurs sur des serveurs chinois, ce qui soul\u00e8ve des inqui\u00e9tudes quant aux droits d\u2019acc\u00e8s et \u00e0 la protection des donn\u00e9es.<\/strong><\/li>\n<\/ul>\n<p>\u00ab\u00a0Les pr\u00e9occupations concernant la protection des donn\u00e9es ont conduit l\u2019Allemagne \u00e0 agir contre <a href=\"https:\/\/fr.businessam.be\/la-startup-chinoise-dia-deepseek-lance-un-nouveau-modele-linguistique-puissant\/\" target=\"_blank\" rel=\"noreferrer noopener nofollow\">DeepSeek<\/a>, une startup chinoise d\u2019IA. L\u2019autorit\u00e9 de protection des donn\u00e9es du pays a signal\u00e9 l\u2019entreprise \u00e0 Apple et Google, car l\u2019application pourrait comporter des violations de la vie priv\u00e9e. Ces g\u00e9ants de la technologie doivent maintenant \u00e9valuer s\u2019ils doivent retirer DeepSeek de leurs magasins d\u2019applications allemands. C\u2019est ce que rapporte Reuters.<\/p>\n<p>La commissaire charg\u00e9e de la protection des donn\u00e9es a soulign\u00e9 l\u2019incapacit\u00e9 de DeepSeek \u00e0 d\u00e9montrer que les normes de l\u2019UE pr\u00e9voient des garanties suffisantes pour les donn\u00e9es des utilisateurs allemands. Elle a insist\u00e9 sur les droits d\u2019acc\u00e8s \u00e9tendus que les autorit\u00e9s chinoises poss\u00e8dent sur les donn\u00e9es personnelles des entreprises chinoises. Ce d\u00e9veloppement fait suite \u00e0 des rapports r\u00e9cents selon lesquels DeepSeek contribue aux efforts militaires et de renseignement de la Chine.  DeepSeek, qui a attir\u00e9 l\u2019attention en janvier en affirmant que son mod\u00e8le d\u2019IA rivalisait avec des homologues am\u00e9ricains tels que ChatGPT \u00e0 un co\u00fbt inf\u00e9rieur, reconna\u00eet qu\u2019elle stocke les donn\u00e9es des utilisateurs telles que les demandes d\u2019IA et les fichiers t\u00e9l\u00e9charg\u00e9s sur des serveurs situ\u00e9s en Chine.<\/p>\n<p>Action des autorit\u00e9s allemandes contre DeepSeek<\/p>\n<p>Les mesures prises par les autorit\u00e9s allemandes \u00e0 l\u2019encontre de DeepSeek d\u00e9coulent de pr\u00e9occupations selon lesquelles l\u2019application pourrait collecter des informations sensibles sans mesures de protection appropri\u00e9es. Cela a fait sourciller les d\u00e9fenseurs de la vie priv\u00e9e qui soutiennent que les utilisateurs ont le droit de savoir comment leurs donn\u00e9es sont trait\u00e9es et prot\u00e9g\u00e9es.<\/p>\n<p>DeepSeek reconna\u00eet avoir stock\u00e9 les donn\u00e9es des utilisateurs sur des serveurs en Chine, mais insiste sur le fait qu\u2019il respecte toutes les r\u00e8gles et normes applicables. Cependant, la r\u00e9v\u00e9lation des liens de l\u2019entreprise avec l\u2019arm\u00e9e chinoise et les services de renseignement a encore compliqu\u00e9 la situation, alimentant la m\u00e9fiance des autorit\u00e9s et des d\u00e9fenseurs de la vie priv\u00e9e.<\/p>\n","protected":false},"excerpt":{"rendered":"\ue05bpar Business AM\ue010publi\u00e9 le samedi 28 juin 2025 \u00e0 10:31 \u2022 \ue00c3 min de lecture Principaux renseignements L\u2019autorit\u00e9&hellip;\n","protected":false},"author":2,"featured_media":210536,"comment_status":"","ping_status":"","sticky":false,"template":"","format":"standard","meta":{"footnotes":""},"categories":[1587],"tags":[11,672,1804,1805,1803,1777,674,1801,12,1802],"class_list":{"0":"post-210535","1":"post","2":"type-post","3":"status-publish","4":"format-standard","5":"has-post-thumbnail","7":"category-allemagne","8":"tag-actualites","9":"tag-allemagne","10":"tag-bundesrepublik-deutschland","11":"tag-de","12":"tag-deutschland","13":"tag-eu","14":"tag-europe","15":"tag-germany","16":"tag-news","17":"tag-republique-federale-dallemagne"},"share_on_mastodon":{"url":"https:\/\/pubeurope.com\/@fr\/114760184279086211","error":""},"_links":{"self":[{"href":"https:\/\/www.europesays.com\/fr\/wp-json\/wp\/v2\/posts\/210535","targetHints":{"allow":["GET"]}}],"collection":[{"href":"https:\/\/www.europesays.com\/fr\/wp-json\/wp\/v2\/posts"}],"about":[{"href":"https:\/\/www.europesays.com\/fr\/wp-json\/wp\/v2\/types\/post"}],"author":[{"embeddable":true,"href":"https:\/\/www.europesays.com\/fr\/wp-json\/wp\/v2\/users\/2"}],"replies":[{"embeddable":true,"href":"https:\/\/www.europesays.com\/fr\/wp-json\/wp\/v2\/comments?post=210535"}],"version-history":[{"count":0,"href":"https:\/\/www.europesays.com\/fr\/wp-json\/wp\/v2\/posts\/210535\/revisions"}],"wp:featuredmedia":[{"embeddable":true,"href":"https:\/\/www.europesays.com\/fr\/wp-json\/wp\/v2\/media\/210536"}],"wp:attachment":[{"href":"https:\/\/www.europesays.com\/fr\/wp-json\/wp\/v2\/media?parent=210535"}],"wp:term":[{"taxonomy":"category","embeddable":true,"href":"https:\/\/www.europesays.com\/fr\/wp-json\/wp\/v2\/categories?post=210535"},{"taxonomy":"post_tag","embeddable":true,"href":"https:\/\/www.europesays.com\/fr\/wp-json\/wp\/v2\/tags?post=210535"}],"curies":[{"name":"wp","href":"https:\/\/api.w.org\/{rel}","templated":true}]}}