{"id":210541,"date":"2025-06-28T09:05:10","date_gmt":"2025-06-28T09:05:10","guid":{"rendered":"https:\/\/www.europesays.com\/fr\/210541\/"},"modified":"2025-06-28T09:05:10","modified_gmt":"2025-06-28T09:05:10","slug":"en-direct-iran-funerailles-nationales-pour-les-hauts-grades-et-scientifiques-tues-par-israel","status":"publish","type":"post","link":"https:\/\/www.europesays.com\/fr\/210541\/","title":{"rendered":"EN DIRECT &#8211; Iran : fun\u00e9railles nationales pour les hauts grad\u00e9s et scientifiques tu\u00e9s par Isra\u00ebl"},"content":{"rendered":"<p>Dans la nuit, l&rsquo;Iran a condamn\u00e9 les propos tenus vendredi par Donald Trump, qui a affirm\u00e9 avoir mis \u00ab\u00a0une racl\u00e9e\u00a0\u00bb \u00e0 l&rsquo;Iran et \u00e9vit\u00e9 \u00e0 son guide supr\u00eame Ali Khamenei \u00ab\u00a0une mort affreuse et ignominieuse\u00a0\u00bb. \u00ab\u00a0Si le pr\u00e9sident Trump souhaite r\u00e9ellement conclure un accord, il devrait mettre de c\u00f4t\u00e9 son ton irrespectueux et inacceptable \u00e0 l&rsquo;\u00e9gard du guide supr\u00eame iranien, le grand ayatollah Khamenei, et cesser de blesser ses millions de partisans sinc\u00e8res\u00a0\u00bb, a \u00e9crit le ministre iranien des Affaires \u00e9trang\u00e8res, Abbas Araghchi, sur son compte X.\u00a0<\/p>\n<p>\u00ab\u00a0Le grand et puissant peuple iranien, qui a montr\u00e9 au monde que le r\u00e9gime isra\u00e9lien n&rsquo;avait PAS D&rsquo;AUTRE CHOIX que de courir vers &lsquo;papa&rsquo; pour \u00e9viter d&rsquo;\u00eatre an\u00e9anti par nos missiles, n&rsquo;appr\u00e9cie gu\u00e8re les menaces et les insultes\u00a0\u00bb, a poursuivi le chef de la diplomatie iranienne. \u00ab\u00a0La bonne volont\u00e9 engendre la bonne volont\u00e9, et le respect engendre le respect.\u00a0\u00bb<\/p>\n","protected":false},"excerpt":{"rendered":"Dans la nuit, l&rsquo;Iran a condamn\u00e9 les propos tenus vendredi par Donald Trump, qui a affirm\u00e9 avoir mis&hellip;\n","protected":false},"author":2,"featured_media":210542,"comment_status":"","ping_status":"","sticky":false,"template":"","format":"standard","meta":{"footnotes":""},"categories":[2],"tags":[1111,11,22405,1921,75,73,1011,27,1922,3019,664,31267,34980,12,25,133,1920],"class_list":{"0":"post-210541","1":"post","2":"type-post","3":"status-publish","4":"format-standard","5":"has-post-thumbnail","7":"category-actualites","8":"tag-actu","9":"tag-actualites","10":"tag-ali-khamenei","11":"tag-article-video","12":"tag-donald-trump","13":"tag-etats-unis","14":"tag-fr","15":"tag-france","16":"tag-info","17":"tag-iran","18":"tag-israel","19":"tag-israel-iran","20":"tag-la-fin-de-la-guerre-de-12-jours","21":"tag-news","22":"tag-republique-francaise","23":"tag-video","24":"tag-video-international"},"share_on_mastodon":{"url":"https:\/\/pubeurope.com\/@fr\/114760196378680636","error":""},"_links":{"self":[{"href":"https:\/\/www.europesays.com\/fr\/wp-json\/wp\/v2\/posts\/210541","targetHints":{"allow":["GET"]}}],"collection":[{"href":"https:\/\/www.europesays.com\/fr\/wp-json\/wp\/v2\/posts"}],"about":[{"href":"https:\/\/www.europesays.com\/fr\/wp-json\/wp\/v2\/types\/post"}],"author":[{"embeddable":true,"href":"https:\/\/www.europesays.com\/fr\/wp-json\/wp\/v2\/users\/2"}],"replies":[{"embeddable":true,"href":"https:\/\/www.europesays.com\/fr\/wp-json\/wp\/v2\/comments?post=210541"}],"version-history":[{"count":0,"href":"https:\/\/www.europesays.com\/fr\/wp-json\/wp\/v2\/posts\/210541\/revisions"}],"wp:featuredmedia":[{"embeddable":true,"href":"https:\/\/www.europesays.com\/fr\/wp-json\/wp\/v2\/media\/210542"}],"wp:attachment":[{"href":"https:\/\/www.europesays.com\/fr\/wp-json\/wp\/v2\/media?parent=210541"}],"wp:term":[{"taxonomy":"category","embeddable":true,"href":"https:\/\/www.europesays.com\/fr\/wp-json\/wp\/v2\/categories?post=210541"},{"taxonomy":"post_tag","embeddable":true,"href":"https:\/\/www.europesays.com\/fr\/wp-json\/wp\/v2\/tags?post=210541"}],"curies":[{"name":"wp","href":"https:\/\/api.w.org\/{rel}","templated":true}]}}