{"id":210547,"date":"2025-06-28T09:08:14","date_gmt":"2025-06-28T09:08:14","guid":{"rendered":"https:\/\/www.europesays.com\/fr\/210547\/"},"modified":"2025-06-28T09:08:14","modified_gmt":"2025-06-28T09:08:14","slug":"un-triple-et-deux-bogeys-laissent-thomas-levet-a-quai-a-lu-s-open-senior-dans-le-colorado","status":"publish","type":"post","link":"https:\/\/www.europesays.com\/fr\/210547\/","title":{"rendered":"Un triple et deux bogeys laissent Thomas Levet \u00e0 quai \u00e0 l&rsquo;U.S. Open Senior dans le Colorado"},"content":{"rendered":"<p>\t\t\t\t\t\t<img width=\"770\" height=\"556\" src=\"https:\/\/www.europesays.com\/fr\/wp-content\/uploads\/2025\/06\/levet-harrington-us-open-senior-770x556.jpg\" class=\"img-responsive wp-post-image\" alt=\"Thomas Levet Photo by Octavio Passos \/ GETTY IMAGES EUROPE \/ Getty Images via AFP\" decoding=\"async\" fetchpriority=\"high\"  \/>\t\t\t\t\t<\/p>\n<p>\t\t\t\t\t\t Partager cet article <\/p>\n<p class=\"screen-reader-text juiz_sps_maybe_hidden_text\">Partager la publication \u00ab\u00a0Un triple et deux bogeys laissent Thomas Levet \u00e0 quai \u00e0 l\u2019U.S. Open Senior dans le Colorado\u00a0\u00bb<\/p>\n<p><strong>Avec deux birdies sur les neuf premiers trous de son deuxi\u00e8me tour au Broadmoor Golf Club de Colorado Springs, Thomas Levet s\u2019\u00e9tait replac\u00e9 dans le groupe de joueurs en position de franchir le cut du 4e Majeur de la saison.\u00a0 Malheureusement, une fin de partie compliqu\u00e9e a mis fin \u00e0 ses espoirs.<\/strong><\/p>\n<p>\u00a0<\/p>\n<p>Apr\u00e8s son 74 de la veille, <strong>Thomas Levet<\/strong> semblait bien parti pour franchir le cut de l\u2019<strong>U.S. Senior Open<\/strong> vendredi dans le Colorado.<\/p>\n<p>Pass\u00e9 en 37 \u00e0 l\u2019aller, il a entrevu encore un trou la possibilit\u00e9 de jouer ce week-end. Mais un triple bogey sur le trou le plus difficile du trac\u00e9 sign\u00e9 <strong>Donald Ross<\/strong>, le par 4 du trou 11, a repouss\u00e9 le Fran\u00e7ais trop loin.\u00a0<\/p>\n<p>\u00a0<\/p>\n<p><img loading=\"lazy\" decoding=\"async\" class=\"alignnone size-large wp-image-177830\" src=\"data:image\/svg+xml,%3Csvg%20xmlns=\" http:=\"\" alt=\"\" width=\"770\" height=\"243\" data-lazy- data-lazy- data-lazy-src=\"https:\/\/www.europesays.com\/fr\/wp-content\/uploads\/2025\/06\/carte-levet-770x243.jpg\"\/><\/p>\n<p>\u00a0<\/p>\n<p>Deux autres bogeys conc\u00e9d\u00e9s en fin de partie ont enterr\u00e9 ses derni\u00e8res chances. A +10 total, Levet boucle son tournoi \u00e0 cinq coups du cut.<\/p>\n<p>\t\t\t\t\t<a id=\"163834\" href=\"https:\/\/www.kressgolf.com\/\" target=\"_blank\" rel=\"sponsorised nofollow noopener\"><img decoding=\"async\" src=\"data:image\/svg+xml,%3Csvg%20xmlns=\" http:=\"\" class=\"img-responsive\" alt=\"\" data-lazy-src=\"https:\/\/www.europesays.com\/fr\/wp-content\/uploads\/2025\/04\/positec-e01-kress-rtkn-demo-1170x275-1.jpeg\"\/><\/a><\/p>\n<p><a href=\"https:\/\/www.pgatour.com\/pgatour-champions\/leaderboard\" target=\"_blank\" rel=\"noopener nofollow\">Tous les scores &gt;&gt;<\/a><\/p>\n<p>\u00a0<\/p>\n<p>En t\u00eate \u00e0 \u2013 6, <strong>Padraig<\/strong> <strong>Harrington<\/strong> et <strong>Mark<\/strong> <strong>Hensby<\/strong> ont \u00e9t\u00e9 rejoints par le vainqueur de <strong>The Open 2009<\/strong> \u00e0 Turnberry, <strong>Stewart<\/strong> <strong>Cink<\/strong>. Le capitaine de l\u2019\u00e9quipe europ\u00e9enne de <strong>Ryder Cup 2018<\/strong> \u00e0 Paris, <strong>Thomas Bj\u00f8rn<\/strong>, occupe la 4e place \u00e0 trois coups du trio de t\u00eate.<\/p>\n<p>Ils ne sont que neuf \u00e0 afficher un score sous le par apr\u00e8s 36 trous.<\/p>\n<p>\u00a0<\/p>\n<p>Langer et Cabrera priv\u00e9s de week-end\u00a0<\/p>\n<p>Six des huit anciens champions en lice ont manqu\u00e9 le cut\u00a0: <strong>Bernhard Langer<\/strong>, <strong>Olin Browne<\/strong>, <strong>Jeff Maggert<\/strong>, <strong>Gene Sauers<\/strong>, <strong>Fred Funk<\/strong> et <strong>Brad Bryant<\/strong>, qui, \u00e0 70\u00a0ans, \u00e9tait le plus \u00e2g\u00e9 des concurrents.<\/p>\n<p>\t\t\t\t\t<a id=\"177253\" href=\"https:\/\/www.noyangolf.com\/fr\/\" target=\"_blank\" rel=\"sponsorised nofollow noopener\"><img decoding=\"async\" src=\"data:image\/svg+xml,%3Csvg%20xmlns=\" http:=\"\" class=\"img-responsive\" alt=\"\" data-lazy-src=\"https:\/\/www.europesays.com\/fr\/wp-content\/uploads\/2025\/06\/noyan-e01-where-golf-meets-excellence-1170x275-1.jpg\"\/><\/a><\/p>\n<p>C\u2019est seulement la deuxi\u00e8me fois en 17\u00a0d\u00e9parts que Langer ne participe pas au week-end (2022).<\/p>\n<p>Parmi les autres joueurs \u00e0 ne pas avoir franchi l\u2019\u00e9cueil du cut, citons <strong>Angel Cabrera<\/strong>, vainqueur des deux premiers Majeurs de la saison chez les plus de 50 ans.<\/p>\n<p>\u00a0<\/p>\n<p>\u00a0<\/p>\n<p>\u00a9Octavio Passos \/ GETTY IMAGES EUROPE \/ Getty Images via AFP<\/p>\n","protected":false},"excerpt":{"rendered":"Partager cet article Partager la publication \u00ab\u00a0Un triple et deux bogeys laissent Thomas Levet \u00e0 quai \u00e0 l\u2019U.S.&hellip;\n","protected":false},"author":2,"featured_media":210548,"comment_status":"","ping_status":"","sticky":false,"template":"","format":"standard","meta":{"footnotes":""},"categories":[1418],"tags":[1011,27,1472,60],"class_list":{"0":"post-210547","1":"post","2":"type-post","3":"status-publish","4":"format-standard","5":"has-post-thumbnail","7":"category-golf","8":"tag-fr","9":"tag-france","10":"tag-golf","11":"tag-sports"},"share_on_mastodon":{"url":"https:\/\/pubeurope.com\/@fr\/114760207913790515","error":""},"_links":{"self":[{"href":"https:\/\/www.europesays.com\/fr\/wp-json\/wp\/v2\/posts\/210547","targetHints":{"allow":["GET"]}}],"collection":[{"href":"https:\/\/www.europesays.com\/fr\/wp-json\/wp\/v2\/posts"}],"about":[{"href":"https:\/\/www.europesays.com\/fr\/wp-json\/wp\/v2\/types\/post"}],"author":[{"embeddable":true,"href":"https:\/\/www.europesays.com\/fr\/wp-json\/wp\/v2\/users\/2"}],"replies":[{"embeddable":true,"href":"https:\/\/www.europesays.com\/fr\/wp-json\/wp\/v2\/comments?post=210547"}],"version-history":[{"count":0,"href":"https:\/\/www.europesays.com\/fr\/wp-json\/wp\/v2\/posts\/210547\/revisions"}],"wp:featuredmedia":[{"embeddable":true,"href":"https:\/\/www.europesays.com\/fr\/wp-json\/wp\/v2\/media\/210548"}],"wp:attachment":[{"href":"https:\/\/www.europesays.com\/fr\/wp-json\/wp\/v2\/media?parent=210547"}],"wp:term":[{"taxonomy":"category","embeddable":true,"href":"https:\/\/www.europesays.com\/fr\/wp-json\/wp\/v2\/categories?post=210547"},{"taxonomy":"post_tag","embeddable":true,"href":"https:\/\/www.europesays.com\/fr\/wp-json\/wp\/v2\/tags?post=210547"}],"curies":[{"name":"wp","href":"https:\/\/api.w.org\/{rel}","templated":true}]}}