{"id":210549,"date":"2025-06-28T09:10:10","date_gmt":"2025-06-28T09:10:10","guid":{"rendered":"https:\/\/www.europesays.com\/fr\/210549\/"},"modified":"2025-06-28T09:10:10","modified_gmt":"2025-06-28T09:10:10","slug":"vannes-cetait-une-benediction-pour-le-top-14-eric-bayle-patron-du-rugby-sur-canal-voit-le-rcv-sinscrire-dans-la-grande-histoire-du-rugby","status":"publish","type":"post","link":"https:\/\/www.europesays.com\/fr\/210549\/","title":{"rendered":"\u00ab\u00a0Vannes, c\u2019\u00e9tait une b\u00e9n\u00e9diction pour le Top\u00a014\u00a0\u00bb\u00a0: \u00c9ric Bayle, patron du rugby sur Canal\u00a0+, voit le RCV s\u2019inscrire dans la grande histoire du rugby fran\u00e7ais"},"content":{"rendered":"<p>Quand le rugby est devenu professionnel, imaginiez-vous que son d\u00e9veloppement atteigne le niveau actuel\u00a0?<\/p>\n<p>Ah non, absolument pas. Quand on a commenc\u00e9, en faisant un match un samedi sur deux en alternance avec le basket, si on m\u2019avait dit que 30 ans plus tard, le championnat de France de rugby s\u2019appellerait le Top 14 et occuperait les deux prime time du samedi et dimanche sur Canal +, pr\u00e9c\u00e9d\u00e9s de deux \u00e9missions en clair\u2026 Je pense que j\u2019aurais pris mon interlocuteur pour un fou. \u00c0 l\u2019\u00e9poque, il y avait tr\u00e8s peu de rugby \u00e0 la t\u00e9l\u00e9vision. J\u2019ai 60 ans et, dans ma jeunesse, je ne voyais que le Tournoi des 5 Nations, un ou deux tests internationaux et la finale du championnat. Et 30 ans plus tard, entre le Top 14 et la Pro D2, on a 15 matchs en direct.<\/p>\n<p>Comment expliquer l\u2019explosion m\u00e9diatique du rugby contrairement au basket\u00a0?<\/p>\n<p>Selon moi, le rugby a toujours \u00e9t\u00e9 historiquement le deuxi\u00e8me sport pr\u00e9f\u00e9r\u00e9 des Fran\u00e7ais. Quand l\u2019\u00e9quipe de France jouait dans les ann\u00e9es 50-60 \u00e0 Colombes, il y avait 50 ou 60 000 spectateurs. Le basket n\u2019a jamais \u00e9t\u00e9 aussi populaire. Et le rugby est quand m\u00eame un sport extr\u00eamement t\u00e9l\u00e9g\u00e9nique. Enfin, Canal + a r\u00e9volutionn\u00e9 la couverture du sport, du foot d\u2019abord, et du rugby vite apr\u00e8s. Il y avait une mythification des vestiaires, donc on a propos\u00e9 \u00e0 l\u2019abonn\u00e9 une exp\u00e9rience innovante en rentrant dans les coulisses des \u00e9quipes. \u00c7a a sans doute \u00e9t\u00e9 un des \u00e9l\u00e9ments d\u00e9clencheurs de la popularit\u00e9 d\u2019un sport qui ne demandait qu\u2019\u00e0 passer \u00e0 la t\u00e9l\u00e9.<\/p>\n<p>En 1998, le Stade Fran\u00e7ais a \u00e9t\u00e9 sacr\u00e9 champion de France en \u00e9tant promu. Dans votre documentaire, Bernard Laporte, entra\u00eeneur de l\u2019\u00e9poque, dit que dans le Top 14 actuel \u00ab\u00a0\u00e7a n\u2019existera plus\u00a0\u00bb.<\/p>\n<p>Oui, \u00e7a semble tr\u00e8s difficile, mais Montpellier, qui a une histoire r\u00e9cente, a \u00e9t\u00e9 <a href=\"https:\/\/www.letelegramme.fr\/sports\/rugby\/top-14-anthony-bouthier-tous-les-jours-quelqu-un-relancait-la-fete-286735.php\" target=\"_blank\" rel=\"noopener\">champion (2022)<\/a>, l\u2019Union Bordeaux B\u00e8gles a \u00e9t\u00e9 fond\u00e9e il y a \u00e0 peine une quinzaine d\u2019ann\u00e9es (2006), et a \u00e9t\u00e9 championne d\u2019Europe et va disputer la finale (de Top 14). J\u2019ai attendu 30 ans avant de commenter l\u2019Aviron Bayonnais en phase finale du championnat (demi-finaliste cette saison) alors qu\u2019il \u00e9tait en Pro D2 il y a trois ans. Le championnat n\u2019a jamais \u00e9t\u00e9 aussi comp\u00e9titif. Il y a eu sept champions diff\u00e9rents sur les dix derni\u00e8res ann\u00e9es.<\/p>\n<p>Le niveau est tr\u00e8s dense en haut de tableau mais n\u2019y a-t-il pas un risque que \u00e7a devienne une ligue quasi ferm\u00e9e avec le foss\u00e9 qui existe entre Top 14 et Pro D2\u00a0?<\/p>\n<p>Ce ne sera pas une ligue ferm\u00e9e parce qu\u2019il y a un club qui monte chaque ann\u00e9e. Le championnat professionnel est un championnat \u00e0 deux divisions. La Pro D2 est incroyable. L\u2019ann\u00e9e prochaine, il va y avoir <a href=\"https:\/\/www.letelegramme.fr\/sports\/rugby\/rc-vannes\/\" target=\"_blank\" rel=\"noopener\">Vannes<\/a> qui a fait une saison exceptionnelle de promu en Top 14. Il va y avoir Grenoble, Brive, Biarritz, Agen, B\u00e9ziers, que des grands noms du championnat de France de rugby. Donc la Pro D2, qui cartonne sur les antennes de Canal, est un championnat fantastique \u00e0 suivre aussi. Et, chaque ann\u00e9e, il y a une nouvelle \u00e9quipe en Top 14, ce sera Montauban l\u2019ann\u00e9e prochaine. Mais Perpignan et Bayonne sont des \u00e9quipes qui ont fait l\u2019ascenseur r\u00e9cemment et qui sont aujourd\u2019hui comp\u00e9titives.<\/p>\n<p>Selon vous, quelles seront les prochaines \u00e9volutions du Top 14\u00a0?<\/p>\n<p>C\u2019est un championnat qui est jeune. Le Top 14 n\u2019a que 20 ans, le rugby professionnel a 30 ans, \u00e7a reste jeune et c\u2019est en perp\u00e9tuelle \u00e9volution. Les stades s\u2019agrandissent, le public est de plus en plus nombreux. Cette ann\u00e9e, on a battu des records\u00a0: d\u2019essais marqu\u00e9s, d\u2019affluence\u2026 Je crois que c\u2019est plus 6\u00a0% en Top 14 et en Pro D2. D\u2019audience (en phase r\u00e9guli\u00e8re) et les demi-finales viennent de faire, avec 1,2 million (de t\u00e9l\u00e9spectateurs) chacune, des records d\u2019audience sur les demi-finales depuis onze ans. La dynamique est l\u00e0.<\/p>\n<p>Il y a 30 ans, imaginiez-vous un club breton acc\u00e9der \u00e0 la premi\u00e8re division\u00a0?<\/p>\n<p>Non, mais c\u2019\u00e9tait formidable. On regrette qu\u2019ils descendent, on esp\u00e8re qu\u2019ils vont vite remonter et on les suivra de tr\u00e8s pr\u00e8s la saison prochaine en Pro D2. Mais on a beaucoup travaill\u00e9 avec Vannes cette saison parce que c\u2019\u00e9tait une b\u00e9n\u00e9diction pour le Top 14. On a fait deux prime time le dimanche soir \u00e0 Vannes (contre Toulouse et Clermont). On a mis en avant l\u2019hymne breton, le bagad qui accompagnait les joueurs \u00e0 la sortie des vestiaires, le silence du stade sur les buteurs. C\u2019\u00e9tait une touche de fra\u00eecheur remarquable et qui a \u00e9largi le territoire du Top 14, ce qui est le v\u0153u des instances, de la Ligue et de la f\u00e9d\u00e9, depuis des ann\u00e9es. D\u2019ailleurs, Antoine Dupont leur rend hommage dans le doc, il parle de la fra\u00eecheur que \u00e7a a amen\u00e9e. C\u2019\u00e9tait quelque chose de nouveau comme il n\u2019en arrive pas tous les ans.<\/p>\n<p>Que manque-t-il au RCV pour qu\u2019il s\u2019installe d\u00e9finitivement en Top 14\u00a0?<\/p>\n<p>Il ne manque pas grand-chose. Une saison, \u00e7a tient \u00e0 rien, \u00e7a tient \u00e0 votre comportement, \u00e0 vos r\u00e9sultats. Les r\u00e9sultats de Vannes ont \u00e9t\u00e9 solides, ils ont gagn\u00e9 deux fois \u00e0 l\u2019ext\u00e9rieur chez des gros (La Rochelle et Racing 92). C\u2019\u00e9tait vraiment impressionnant. La r\u00e9ussite qu\u2019ils n\u2019ont pas eue, c\u2019est qu\u2019aucune \u00e9quipe n\u2019a flanch\u00e9. \u00c7a m\u2019a rappel\u00e9 Bayonne, il y a une dizaine d\u2019ann\u00e9es (13e avec 52 points en 2015 quand les deux derniers \u00e9taient rel\u00e9gu\u00e9s), quand Joe Rokocoko (ancien All Black) y jouait. Cette ann\u00e9e, si Vannes avait eu la chance qu\u2019un de ses rivaux craque, il se serait maintenu sans probl\u00e8me.<\/p>\n<p>Vous attendiez-vous \u00e0 ce qu\u2019ils soient aussi comp\u00e9titifs\u00a0?<\/p>\n<p>Non, on pouvait redouter qu\u2019ils craquent comme c\u2019est arriv\u00e9 \u00e0 beaucoup de promus. \u00c7a a \u00e9t\u00e9 un promu plus qu\u2019honorable. Ces derni\u00e8res ann\u00e9es, Vannes est le seul promu o\u00f9 Canal est all\u00e9 faire deux prime time. \u00c0 la fois parce qu\u2019il y avait la d\u00e9couverte de la Bretagne, \u00e7a c\u2019\u00e9tait pour le premier contre Toulouse, mais le deuxi\u00e8me, contre Clermont, c\u2019est parce qu\u2019ils \u00e9taient dans le coup.<\/p>\n<p>Et les audiences ont-elles \u00e9t\u00e9 au rendez-vous\u00a0?<\/p>\n<p>Oui, je n\u2019ai pas le d\u00e9tail, mais ils \u00e9taient dans la tr\u00e8s bonne moyenne des matchs du dimanche soir, moyenne par ailleurs en augmentations par rapport \u00e0 l\u2019ann\u00e9e derni\u00e8re. J\u2019ai m\u00eame \u00e9t\u00e9 surpris de l\u2019audience de Vannes &#8211; Clermont. Autant Vannes &#8211; Toulouse, on se doutait que \u00e7a allait tr\u00e8s bien marcher. Vannes &#8211; Clermont, on s\u2019est dit, \u00ab\u00a0l\u00e0, on prend un petit risque quand m\u00eame\u00a0\u00bb. Et de m\u00e9moire, on avait fait plus de 500\u00a0000 abonn\u00e9s, c\u2019\u00e9tait dans la bonne moyenne.<\/p>\n<p class=\"tech\">(*) Le documentaire \u00ab\u00a0L\u2019odyss\u00e9e du Top 14\u00a0\u00bb est diffus\u00e9 dimanche 29 juin \u00e0 21\u00a0h sur Canal +.<\/p>\n<p class=\"noflex\"><strong>Le Top 14 2024-2025 en chiffres<\/strong><br \/>576\u00a0000, en moyenne le nombre de t\u00e9l\u00e9spectateurs sur la case du dimanche soir (10\u00a0% de plus que sur la saison 23-24)<br \/>772\u00a0000, le record de la saison r\u00e9guli\u00e8re \u00e0 l\u2019occasion de Toulouse &#8211; Bordeaux B\u00e8gles (J4)<br \/>1,87 million, le nombre total de t\u00e9l\u00e9spectateurs lors des matchs de saison r\u00e9guli\u00e8re (deuxi\u00e8me saison historique, + 17\u00a0% en dix ans, \ufeff)<\/p>\n","protected":false},"excerpt":{"rendered":"Quand le rugby est devenu professionnel, imaginiez-vous que son d\u00e9veloppement atteigne le niveau actuel\u00a0? Ah non, absolument pas.&hellip;\n","protected":false},"author":2,"featured_media":210550,"comment_status":"","ping_status":"","sticky":false,"template":"","format":"standard","meta":{"footnotes":""},"categories":[1416],"tags":[11,765,3166,1011,27,2308,3164,3167,479,1468,60,478,3165],"class_list":{"0":"post-210549","1":"post","2":"type-post","3":"status-publish","4":"format-standard","5":"has-post-thumbnail","7":"category-rugby","8":"tag-actualites","9":"tag-en-continu","10":"tag-en-continu-sports","11":"tag-fr","12":"tag-france","13":"tag-pro-d2","14":"tag-rc-vannes","15":"tag-rcv","16":"tag-rugby","17":"tag-rugby-football","18":"tag-sports","19":"tag-top-14","20":"tag-vannes"},"share_on_mastodon":{"url":"https:\/\/pubeurope.com\/@fr\/114760215694982913","error":""},"_links":{"self":[{"href":"https:\/\/www.europesays.com\/fr\/wp-json\/wp\/v2\/posts\/210549","targetHints":{"allow":["GET"]}}],"collection":[{"href":"https:\/\/www.europesays.com\/fr\/wp-json\/wp\/v2\/posts"}],"about":[{"href":"https:\/\/www.europesays.com\/fr\/wp-json\/wp\/v2\/types\/post"}],"author":[{"embeddable":true,"href":"https:\/\/www.europesays.com\/fr\/wp-json\/wp\/v2\/users\/2"}],"replies":[{"embeddable":true,"href":"https:\/\/www.europesays.com\/fr\/wp-json\/wp\/v2\/comments?post=210549"}],"version-history":[{"count":0,"href":"https:\/\/www.europesays.com\/fr\/wp-json\/wp\/v2\/posts\/210549\/revisions"}],"wp:featuredmedia":[{"embeddable":true,"href":"https:\/\/www.europesays.com\/fr\/wp-json\/wp\/v2\/media\/210550"}],"wp:attachment":[{"href":"https:\/\/www.europesays.com\/fr\/wp-json\/wp\/v2\/media?parent=210549"}],"wp:term":[{"taxonomy":"category","embeddable":true,"href":"https:\/\/www.europesays.com\/fr\/wp-json\/wp\/v2\/categories?post=210549"},{"taxonomy":"post_tag","embeddable":true,"href":"https:\/\/www.europesays.com\/fr\/wp-json\/wp\/v2\/tags?post=210549"}],"curies":[{"name":"wp","href":"https:\/\/api.w.org\/{rel}","templated":true}]}}