{"id":210555,"date":"2025-06-28T09:14:09","date_gmt":"2025-06-28T09:14:09","guid":{"rendered":"https:\/\/www.europesays.com\/fr\/210555\/"},"modified":"2025-06-28T09:14:09","modified_gmt":"2025-06-28T09:14:09","slug":"sergio-perez-revele-une-verite-choquante-sur-la-dynamique-chez-red-bull-affirmant-quils-pourraient-facilement-courir-uniquement-avec-max","status":"publish","type":"post","link":"https:\/\/www.europesays.com\/fr\/210555\/","title":{"rendered":"Sergio Perez r\u00e9v\u00e8le une v\u00e9rit\u00e9 choquante sur la dynamique chez Red Bull, affirmant qu'\u00a0\u00bbils pourraient facilement courir uniquement avec Max\u00a0\u00bb."},"content":{"rendered":"<p><strong>Perspectives sur les M\u00e9canismes Internes de Red Bull<\/strong><\/p>\n<p>Le monde de la Formule 1 est souvent envelopp\u00e9 d\u2019un voile de secret, pourtant les r\u00e9centes r\u00e9v\u00e9lations de Sergio Perez sur Red Bull Racing percent ce voile, offrant un aper\u00e7u de la comp\u00e9tition f\u00e9roce et des dynamiques d\u2019\u00e9quipe au sein de l\u2019une des organisations les plus redoutables du sport automobile. Sa d\u00e9claration provocante selon laquelle le directeur de l\u2019\u00e9quipe Christian Horner l\u2019a inform\u00e9 que l\u2019\u00e9quipe pourrait raisonnablement courir avec seulement Max Verstappen soul\u00e8ve des questions cruciales sur la strat\u00e9gie de l\u2019\u00e9quipe et la hi\u00e9rarchie des pilotes dans un environnement aussi comp\u00e9titif.<\/p>\n<p><strong>Le D\u00e9fi d\u2019un Si\u00e8ge Second Rotatif<\/strong><\/p>\n<p>Depuis le d\u00e9part de Daniel Ricciardo, le deuxi\u00e8me si\u00e8ge de Red Bull aux c\u00f4t\u00e9s de Verstappen est devenu synonyme d\u2019incoh\u00e9rence, voyant d\u00e9filer une multitude de pilotes qui n\u2019ont pas r\u00e9ussi \u00e0 r\u00e9pondre aux attentes \u00e9lev\u00e9es fix\u00e9es par la direction de l\u2019\u00e9quipe, en particulier Horner et le conseiller Helmut Marko. Perez, apportant une richesse d\u2019exp\u00e9rience de son temps dans le sport, a r\u00e9ussi \u00e0 occuper le si\u00e8ge le plus longtemps, naviguant \u00e0 travers les complexit\u00e9s qui accompagnent la course aux c\u00f4t\u00e9s de Verstappen, qui est largement reconnu comme l\u2019un des \u00e9lites du sport.<\/p>\n<p>Se rem\u00e9morant sa premi\u00e8re rencontre avec Horner \u00e0 la fin de 2020, Perez a d\u00e9crit un \u00e9change r\u00e9v\u00e9lateur. \u00ab\u00a0Il m\u2019a dit qu\u2019ils ne mettaient que deux voitures sur la piste parce qu\u2019ils devaient, sinon ils pourraient facilement courir avec juste Max.\u00a0\u00bb Cette admission franche met non seulement en lumi\u00e8re le poids plac\u00e9 sur Verstappen, mais peint \u00e9galement un tableau vivant de la nature impitoyable qui pr\u00e9vaut au sein des dynamiques d\u2019\u00e9quipe. <\/p>\n<p><strong>Le Chemin Moins Fr\u00e9quent\u00e9<\/strong><\/p>\n<p>En rejoignant Red Bull, Perez a \u00e9t\u00e9 confront\u00e9 \u00e0 la t\u00e2che redoutable de s\u2019adapter \u00e0 un nouvel environnement d\u2019\u00e9quipe tout en se mesurant \u00e0 un pilote de la trempe de Verstappen. Les premi\u00e8res courses ont servi de champ de bataille pour prouver sa valeur. Contre toute attente, Perez s\u2019est qualifi\u00e9 devant Verstappen lors de sa deuxi\u00e8me course et a c\u00e9l\u00e9br\u00e9 une victoire remarquable lors de la cinqui\u00e8me, signifiant un d\u00e9but marquant \u00e0 son mandat.<\/p>\n<p>Pourtant, ce voyage n\u2019a pas \u00e9t\u00e9 sans ses difficult\u00e9s. Perez a r\u00e9fl\u00e9chi avec \u00e9motion \u00e0 son exp\u00e9rience, notant : \u00ab\u00a0Oui, ils m\u2019ont gard\u00e9 sur la piste pendant quatre ans, mais m\u2019ont pay\u00e9 pendant six.\u00a0\u00bb Cette citation r\u00e9v\u00e8le les sacrifices et les d\u00e9fis significatifs qu\u2019il a endur\u00e9s dans sa qu\u00eate de succ\u00e8s au sein des rangs de Red Bull. Son mandat encapsule les hauts et les bas de la Formule 1, soulignant le travail acharn\u00e9 auquel les pilotes font face dans leur qu\u00eate d\u2019accomplissement.  <\/p>\n<p><strong>R\u00e9flexions sur le paysage comp\u00e9titif de la Formule 1<\/strong>  <\/p>\n<p>L\u2019introspection de Sergio Perez sur ses exp\u00e9riences chez Red Bull sert de puissant rappel des r\u00e9alit\u00e9s stark de la vie en Formule 1. La qu\u00eate incessante de succ\u00e8s au sein de ce sport oblige les pilotes \u00e0 confronter non seulement leur niveau de comp\u00e9tence mais aussi les relations complexes et les attentes \u00e9tablies par leurs \u00e9quipes. Le parcours de Perez illustre finalement l\u2019\u00e9quilibre d\u00e9licat entre comp\u00e9tition et collaboration, refl\u00e9tant les th\u00e8mes plus larges de r\u00e9silience et d\u2019ambition qui d\u00e9finissent l\u2019esprit de la course.  <\/p>\n<p>Alors que Red Bull continue de naviguer dans le paysage f\u00e9roce de la Formule 1, les r\u00e9flexions de P\u00e9rez soulignent les dynamiques qui animent \u00e0 la fois la performance individuelle et celle de l\u2019\u00e9quipe. Dans un sport en constante \u00e9volution o\u00f9 le succ\u00e8s est souvent mesur\u00e9 en fractions de seconde, l\u2019histoire continue de chaque pilote contribue \u00e0 la riche tapisserie de l\u2019histoire de la Formule 1 et aux fascinantes complexit\u00e9s de son fonctionnement interne.<\/p>\n<p>\n\tRelated<\/p>\n","protected":false},"excerpt":{"rendered":"Perspectives sur les M\u00e9canismes Internes de Red Bull Le monde de la Formule 1 est souvent envelopp\u00e9 d\u2019un&hellip;\n","protected":false},"author":2,"featured_media":210556,"comment_status":"","ping_status":"","sticky":false,"template":"","format":"standard","meta":{"footnotes":""},"categories":[1412],"tags":[1451,1452,1453,1454,1455,1011,27,13450,60],"class_list":{"0":"post-210555","1":"post","2":"type-post","3":"status-publish","4":"format-standard","5":"has-post-thumbnail","7":"category-f1","8":"tag-f1","9":"tag-formula-1","10":"tag-formula1","11":"tag-formule-1","12":"tag-formule1","13":"tag-fr","14":"tag-france","15":"tag-sergio-perez","16":"tag-sports"},"share_on_mastodon":{"url":"https:\/\/pubeurope.com\/@fr\/114760231708927217","error":""},"_links":{"self":[{"href":"https:\/\/www.europesays.com\/fr\/wp-json\/wp\/v2\/posts\/210555","targetHints":{"allow":["GET"]}}],"collection":[{"href":"https:\/\/www.europesays.com\/fr\/wp-json\/wp\/v2\/posts"}],"about":[{"href":"https:\/\/www.europesays.com\/fr\/wp-json\/wp\/v2\/types\/post"}],"author":[{"embeddable":true,"href":"https:\/\/www.europesays.com\/fr\/wp-json\/wp\/v2\/users\/2"}],"replies":[{"embeddable":true,"href":"https:\/\/www.europesays.com\/fr\/wp-json\/wp\/v2\/comments?post=210555"}],"version-history":[{"count":0,"href":"https:\/\/www.europesays.com\/fr\/wp-json\/wp\/v2\/posts\/210555\/revisions"}],"wp:featuredmedia":[{"embeddable":true,"href":"https:\/\/www.europesays.com\/fr\/wp-json\/wp\/v2\/media\/210556"}],"wp:attachment":[{"href":"https:\/\/www.europesays.com\/fr\/wp-json\/wp\/v2\/media?parent=210555"}],"wp:term":[{"taxonomy":"category","embeddable":true,"href":"https:\/\/www.europesays.com\/fr\/wp-json\/wp\/v2\/categories?post=210555"},{"taxonomy":"post_tag","embeddable":true,"href":"https:\/\/www.europesays.com\/fr\/wp-json\/wp\/v2\/tags?post=210555"}],"curies":[{"name":"wp","href":"https:\/\/api.w.org\/{rel}","templated":true}]}}