{"id":210563,"date":"2025-06-28T09:18:10","date_gmt":"2025-06-28T09:18:10","guid":{"rendered":"https:\/\/www.europesays.com\/fr\/210563\/"},"modified":"2025-06-28T09:18:10","modified_gmt":"2025-06-28T09:18:10","slug":"les-plus-belles-photos-de-sport-a-lhonneur-au-gruissan-sport-photo","status":"publish","type":"post","link":"https:\/\/www.europesays.com\/fr\/210563\/","title":{"rendered":"Les plus belles photos de sport \u00e0 l&rsquo;honneur au Gruissan Sport Photo\u00a0!"},"content":{"rendered":"<p class=\"ed__a-p ed__bdy__l\"><img loading=\"lazy\" decoding=\"async\" src=\"data:image\/svg+xml,%3Csvg xmlns='http:\/\/www.w3.org\/2000\/svg'%3E%3C\/svg%3E\" draggable=\"false\" width=\"1061\" height=\"533\" class=\"ed__title-xxs\" alt=\"Le Grussian SPORT PHOTO.\" style=\"background-color: #f2f2f2; aspect-ratio:1061\/533;\"\/><\/p>\n<p class=\"ed__a-p ed__bdy__l\">Le Grussian SPORT PHOTO est un festival international de photographie de sport qui se d\u00e9roule jusqu&rsquo;au 14 septembre prochain au Bois de l&rsquo;\u00c9tang \u00e0 Gruissan, une commune d&rsquo;Occitanie \u00e0 c\u00f4t\u00e9 de Narbonne. Ce sont pas moins de 200 photographies de sport qui seront expos\u00e9es gratuitement en ext\u00e9rieur au public. L&rsquo;ann\u00e9e derni\u00e8re, le festival a vu passer plus de 200 000 visiteurs ! Bien entendu, il est possible de contempler des images extraordinaires r\u00e9alis\u00e9es \u00e0 l&rsquo;occasion des derniers Jeux Olympiques de Paris 2024.<\/p>\n<p>        Publicit\u00e9, votre contenu continue ci-dessous<\/p>\n<p class=\"ed__a-p ed__bdy__l\"><img loading=\"lazy\" decoding=\"async\" src=\"data:image\/svg+xml,%3Csvg xmlns='http:\/\/www.w3.org\/2000\/svg'%3E%3C\/svg%3E\" draggable=\"false\" width=\"963\" height=\"641\" class=\"ed__title-xxs\" alt=\"\" style=\"background-color: #f2f2f2; aspect-ratio:963\/641;\"\/><\/p>\n<p class=\"ed__a-p ed__bdy__l\">Ce festival est associ\u00e9 \u00e0 une comp\u00e9tition, un concours international de la photo de sport. L&rsquo;ann\u00e9e derni\u00e8re, pas moins de 394 photographes issus de 54 pays ont pr\u00e9sent\u00e9 5614 photos et 166 reportages. La comp\u00e9tition d\u00e9cerne un grand prix, et des prix de la meilleure photo dans diff\u00e9rentes cat\u00e9gories : photo d&rsquo;action, reportage, photo insolite, sports extr\u00eames et meilleure photo.<\/p>\n<p class=\"ed__a-p ed__bdy__l\"><img loading=\"lazy\" decoding=\"async\" src=\"data:image\/svg+xml,%3Csvg xmlns='http:\/\/www.w3.org\/2000\/svg'%3E%3C\/svg%3E\" draggable=\"false\" width=\"957\" height=\"637\" class=\"ed__title-xxs\" alt=\"\" style=\"background-color: #f2f2f2; aspect-ratio:957\/637;\"\/><\/p>\n<p class=\"ed__a-p ed__bdy__l\">L&rsquo;ann\u00e9e derni\u00e8re, c&rsquo;est le photographe Lilou Valero qui a remport\u00e9 le grand prix avec une image r\u00e9alis\u00e9e pendant les jeux, sur la vague de Teahupo\u2019o pour les huiti\u00e8mes de finale de l&rsquo;\u00e9preuve de surf. Il s&rsquo;agit d&rsquo;un moment de c\u00e9l\u00e9bration de Gabriel Medina, qui sort de la vague en l\u00e9vitation et exprime sa joie avec le bras point\u00e9 vers le ciel.<\/p>\n<p class=\"ed__a-p ed__bdy__l\"><img loading=\"lazy\" decoding=\"async\" src=\"data:image\/svg+xml,%3Csvg xmlns='http:\/\/www.w3.org\/2000\/svg'%3E%3C\/svg%3E\" draggable=\"false\" width=\"938\" height=\"636\" class=\"ed__title-xxs\" alt=\"Grand Prix 2024\" style=\"background-color: #f2f2f2; aspect-ratio:938\/636;\"\/><\/p>\n<p>Grand Prix 2024<\/p>\n<p>\u00a9 Lilou Valero<\/p>\n<\/p>\n<p class=\"ed__a-p ed__bdy__l\">Le Grussian SPORT PHOTO est \u00e0 d\u00e9couvrir en acc\u00e8s libre jusqu&rsquo;au 14 septembre 2025.<\/p>\n<p>        Publicit\u00e9, votre contenu continue ci-dessous<\/p>\n<p class=\"ed__a-p ed__bdy__l\">Envie de faire encore plus d\u2019\u00e9conomies ? D\u00e9couvrez <a href=\"https:\/\/www.lesnumeriques.com\/codes-promo.html\" rel=\"nofollow noopener\" target=\"_blank\">nos codes promo<\/a> s\u00e9lectionn\u00e9s pour vous.<\/p>\n","protected":false},"excerpt":{"rendered":"Le Grussian SPORT PHOTO est un festival international de photographie de sport qui se d\u00e9roule jusqu&rsquo;au 14 septembre&hellip;\n","protected":false},"author":2,"featured_media":210564,"comment_status":"","ping_status":"","sticky":false,"template":"","format":"standard","meta":{"footnotes":""},"categories":[1358],"tags":[1348,1384,1385,1386,58,59,1011,27],"class_list":{"0":"post-210563","1":"post","2":"type-post","3":"status-publish","4":"format-standard","5":"has-post-thumbnail","7":"category-arts-et-design","8":"tag-arts","9":"tag-arts-and-design","10":"tag-arts-et-design","11":"tag-design","12":"tag-divertissement","13":"tag-entertainment","14":"tag-fr","15":"tag-france"},"share_on_mastodon":{"url":"https:\/\/pubeurope.com\/@fr\/114760247462329182","error":""},"_links":{"self":[{"href":"https:\/\/www.europesays.com\/fr\/wp-json\/wp\/v2\/posts\/210563","targetHints":{"allow":["GET"]}}],"collection":[{"href":"https:\/\/www.europesays.com\/fr\/wp-json\/wp\/v2\/posts"}],"about":[{"href":"https:\/\/www.europesays.com\/fr\/wp-json\/wp\/v2\/types\/post"}],"author":[{"embeddable":true,"href":"https:\/\/www.europesays.com\/fr\/wp-json\/wp\/v2\/users\/2"}],"replies":[{"embeddable":true,"href":"https:\/\/www.europesays.com\/fr\/wp-json\/wp\/v2\/comments?post=210563"}],"version-history":[{"count":0,"href":"https:\/\/www.europesays.com\/fr\/wp-json\/wp\/v2\/posts\/210563\/revisions"}],"wp:featuredmedia":[{"embeddable":true,"href":"https:\/\/www.europesays.com\/fr\/wp-json\/wp\/v2\/media\/210564"}],"wp:attachment":[{"href":"https:\/\/www.europesays.com\/fr\/wp-json\/wp\/v2\/media?parent=210563"}],"wp:term":[{"taxonomy":"category","embeddable":true,"href":"https:\/\/www.europesays.com\/fr\/wp-json\/wp\/v2\/categories?post=210563"},{"taxonomy":"post_tag","embeddable":true,"href":"https:\/\/www.europesays.com\/fr\/wp-json\/wp\/v2\/tags?post=210563"}],"curies":[{"name":"wp","href":"https:\/\/api.w.org\/{rel}","templated":true}]}}