{"id":210573,"date":"2025-06-28T09:23:10","date_gmt":"2025-06-28T09:23:10","guid":{"rendered":"https:\/\/www.europesays.com\/fr\/210573\/"},"modified":"2025-06-28T09:23:10","modified_gmt":"2025-06-28T09:23:10","slug":"la-famille-soupconne-cette-boisson-detre-responsable","status":"publish","type":"post","link":"https:\/\/www.europesays.com\/fr\/210573\/","title":{"rendered":"la famille soup\u00e7onne cette boisson d&rsquo;\u00eatre responsable"},"content":{"rendered":"<p>On est au mois d&rsquo;avril 2025. Dylan Thomas Wakefield, un p\u00e8re de famille de 29 ans qui habite dans l&rsquo;East Yorkshire (une r\u00e9gion de Grande-Bretagne), se r\u00e9veille en pleine nuit : il souffre d&rsquo;une <strong>douleur abdominale intense et lancinante<\/strong>.<\/p>\n<p>Une pancr\u00e9atite aigu\u00eb qui a entra\u00een\u00e9 la mort du p\u00e8re de famille<\/p>\n<p>Inquiet, le Britannique file aux Urgences o\u00f9 il re\u00e7oit initialement un diagnostic de gastrite. Mais quelques heures plus tard, les m\u00e9decins revoient leur copie : en r\u00e9alit\u00e9, <strong>Dylan Thomas Wakefield est atteint d&rsquo;une pancr\u00e9atite aigu\u00eb<\/strong>, c&rsquo;est-\u00e0-dire d&rsquo;une inflammation du pancr\u00e9as, cet organe qui est notamment charg\u00e9 de fabriquer l&rsquo;insuline. Un traitement est mis en place, mais il ne suffit pas : la pression art\u00e9rielle du p\u00e8re de famille diminue dangereusement, \u00e0 tel point qu&rsquo;il est plac\u00e9 sous coma artificiel. Apr\u00e8s une l\u00e9g\u00e8re am\u00e9lioration (au bout de quelques jours \u00e0 l&rsquo;h\u00f4pital), l&rsquo;\u00e9tat de sant\u00e9 de Dylan Thomas Wakefield n&rsquo;en finit pas de se d\u00e9t\u00e9riorer :<strong> il d\u00e9c\u00e8de \u00e0 la fin du mois de mai 2025.<\/strong><\/p>\n<p>La consommation excessive d&rsquo;alcool est impliqu\u00e9e dans environ un tiers des cas<\/p>\n<p>Pour la famille du Britannique, <strong>c&rsquo;est l&rsquo;alcool le coupable<\/strong>. \u00ab\u00a0Dylan \u00e9tait un bon buveur, et il \u00e9tait propri\u00e9taire d&rsquo;un bar\u00a0\u00bb explique son fr\u00e8re, interrog\u00e9 par nos confr\u00e8res du Daily Mail. Une hypoth\u00e8se qui n&rsquo;a toutefois pas \u00e9t\u00e9 confirm\u00e9e par les m\u00e9decins. Selon le manuel MSD, \u00ab\u00a0<strong>la consommation d&rsquo;alcool est \u00e0 l&rsquo;origine de 25 % \u00e0 35 % des cas de pancr\u00e9atite aigu\u00eb<\/strong>. Le risque (&#8230;)<a href=\"https:\/\/www.topsante.com\/medecine\/addictions\/alcoolisme\/un-pere-de-29-ans-decede-dune-pancreatite-aigue-la-famille-soupconne-cette-boisson-detre-responsable-919142?utm_campaign=partenariat&amp;utm_source=yahoo-articles&amp;utm_medium=flux\" rel=\"nofollow noopener\" target=\"_blank\" data-ylk=\"slk:Lire la suite sur Top Sant\u00e9;elm:context_link;itc:0;sec:content-canvas\" class=\"link \">Lire la suite sur Top Sant\u00e9<\/a><a href=\"https:\/\/www.topsante.com\/nutrition_et_recettes\/bien_choisir_ses_aliments\/vous-pouvez-manger-du-nutella-de-temps-en-temps-a-condition-de-choisir-ce-pain-estime-une-nutritionniste-919244?utm_campaign=partenariat&amp;utm_source=yahoo-articles&amp;utm_medium=flux\" rel=\"nofollow noopener\" target=\"_blank\" data-ylk=\"slk:Vous pouvez manger du Nutella de temps en temps \u00e0 condition de choisir ce pain, estime une nutritionniste;elm:context_link;itc:0;sec:content-canvas\" class=\"link \">Vous pouvez manger du Nutella de temps en temps \u00e0 condition de choisir ce pain, estime une nutritionniste<\/a><br \/><a href=\"https:\/\/www.topsante.com\/nutrition_et_recettes\/bien_choisir_ses_aliments\/les-4-pires-thes-glaces-pour-la-sante-selon-60-millions-de-consommateurs-919229?utm_campaign=partenariat&amp;utm_source=yahoo-articles&amp;utm_medium=flux\" rel=\"nofollow noopener\" target=\"_blank\" data-ylk=\"slk:Les 4 pires th\u00e9s glac\u00e9s pour la sant\u00e9 selon 60 Millions de consommateurs;elm:context_link;itc:0;sec:content-canvas\" class=\"link \">Les 4 pires th\u00e9s glac\u00e9s pour la sant\u00e9 selon 60 Millions de consommateurs<\/a><br \/><a href=\"https:\/\/www.topsante.com\/nutrition_et_recettes\/bien_choisir_ses_aliments\/ce-pain-est-incontestablement-le-pire-pour-la-sante-selon-un-celebre-medecin-919285?utm_campaign=partenariat&amp;utm_source=yahoo-articles&amp;utm_medium=flux\" rel=\"nofollow noopener\" target=\"_blank\" data-ylk=\"slk:Ce pain est incontestablement le pire pour la sant\u00e9 selon un c\u00e9l\u00e8bre m\u00e9decin;elm:context_link;itc:0;sec:content-canvas\" class=\"link \">Ce pain est incontestablement le pire pour la sant\u00e9 selon un c\u00e9l\u00e8bre m\u00e9decin<\/a><br \/><a href=\"https:\/\/www.topsante.com\/beaute_soins\/solaire_bronzage\/protection_solaire\/les-3-cremes-solaires-deconseillees-par-60-millions-de-consommateurs-en-2025-919272?utm_campaign=partenariat&amp;utm_source=yahoo-articles&amp;utm_medium=flux\" rel=\"nofollow noopener\" target=\"_blank\" data-ylk=\"slk:Les 3 cr\u00e8mes solaires d\u00e9conseill\u00e9es par 60 Millions de consommateurs en 2025;elm:context_link;itc:0;sec:content-canvas\" class=\"link \">Les 3 cr\u00e8mes solaires d\u00e9conseill\u00e9es par 60 Millions de consommateurs en 2025<\/a><br \/><a href=\"https:\/\/www.topsante.com\/beaute_soins\/solaire_bronzage\/protection_solaire\/apres-avoir-mis-de-la-creme-solaire-combien-de-temps-devez-vous-attendre-pour-vous-baigner-la-reponse-dun-dermatologue-919224?utm_campaign=partenariat&amp;utm_source=yahoo-articles&amp;utm_medium=flux\" rel=\"nofollow noopener\" target=\"_blank\" data-ylk=\"slk:Apr\u00e8s avoir mis de la cr\u00e8me solaire, combien de temps devez-vous attendre pour vous baigner ? La r\u00e9ponse d\u2019un dermatologue;elm:context_link;itc:0;sec:content-canvas\" class=\"link \">Apr\u00e8s avoir mis de la cr\u00e8me solaire, combien de temps devez-vous attendre pour vous baigner ? La r\u00e9ponse d\u2019un dermatologue<\/a><\/p>\n","protected":false},"excerpt":{"rendered":"On est au mois d&rsquo;avril 2025. Dylan Thomas Wakefield, un p\u00e8re de famille de 29 ans qui habite&hellip;\n","protected":false},"author":2,"featured_media":210574,"comment_status":"","ping_status":"","sticky":false,"template":"","format":"standard","meta":{"footnotes":""},"categories":[10],"tags":[34983,1011,27,72,34982,71],"class_list":{"0":"post-210573","1":"post","2":"type-post","3":"status-publish","4":"format-standard","5":"has-post-thumbnail","7":"category-sante","8":"tag-dylan-thomas","9":"tag-fr","10":"tag-france","11":"tag-health","12":"tag-pancreatite-aigue","13":"tag-sante"},"share_on_mastodon":{"url":"https:\/\/pubeurope.com\/@fr\/114760266834834506","error":""},"_links":{"self":[{"href":"https:\/\/www.europesays.com\/fr\/wp-json\/wp\/v2\/posts\/210573","targetHints":{"allow":["GET"]}}],"collection":[{"href":"https:\/\/www.europesays.com\/fr\/wp-json\/wp\/v2\/posts"}],"about":[{"href":"https:\/\/www.europesays.com\/fr\/wp-json\/wp\/v2\/types\/post"}],"author":[{"embeddable":true,"href":"https:\/\/www.europesays.com\/fr\/wp-json\/wp\/v2\/users\/2"}],"replies":[{"embeddable":true,"href":"https:\/\/www.europesays.com\/fr\/wp-json\/wp\/v2\/comments?post=210573"}],"version-history":[{"count":0,"href":"https:\/\/www.europesays.com\/fr\/wp-json\/wp\/v2\/posts\/210573\/revisions"}],"wp:featuredmedia":[{"embeddable":true,"href":"https:\/\/www.europesays.com\/fr\/wp-json\/wp\/v2\/media\/210574"}],"wp:attachment":[{"href":"https:\/\/www.europesays.com\/fr\/wp-json\/wp\/v2\/media?parent=210573"}],"wp:term":[{"taxonomy":"category","embeddable":true,"href":"https:\/\/www.europesays.com\/fr\/wp-json\/wp\/v2\/categories?post=210573"},{"taxonomy":"post_tag","embeddable":true,"href":"https:\/\/www.europesays.com\/fr\/wp-json\/wp\/v2\/tags?post=210573"}],"curies":[{"name":"wp","href":"https:\/\/api.w.org\/{rel}","templated":true}]}}