{"id":210589,"date":"2025-06-28T09:31:13","date_gmt":"2025-06-28T09:31:13","guid":{"rendered":"https:\/\/www.europesays.com\/fr\/210589\/"},"modified":"2025-06-28T09:31:13","modified_gmt":"2025-06-28T09:31:13","slug":"saint-chamond-guinguettes-espaces-verts-modes-doux-voici-ce-que-veulent-les-habitants-dici-2050","status":"publish","type":"post","link":"https:\/\/www.europesays.com\/fr\/210589\/","title":{"rendered":"Saint-Chamond. Guinguettes, espaces verts, modes doux&#8230; Voici ce que veulent les habitants d&rsquo;ici 2050"},"content":{"rendered":"<p>\u00ab\u00a0Cette ville, vous l\u2019aimez\u00a0!\u00a0\u00bb Lors de la douzaine d\u2019ateliers tenus pour la concertation citoyenne Horizon 2035, le m\u00e9diateur Bernard Jacquand a pu constater un fort attachement des habitants \u00e0 leur ville. Et aussi une volont\u00e9 de participation active. \u00ab\u00a0Un gisement d\u2019implication citoyenne qui ne demande qu\u2019\u00e0 \u00eatre exploit\u00e9\u00a0\u00bb, se r\u00e9jouit le m\u00e9diateur.<\/p>\n<p>M\u00eame si pour le coup, reconna\u00eet le maire, <a href=\"https:\/\/www.leprogres.fr\/p\/axel-dugua\" target=\"_blank\" rel=\"nofollow noopener\">Axel Dugua<\/a>, la participation n\u2019a pas \u00e9t\u00e9 \u00e0 la hauteur des attentes avec 109 participants, auxquels on peut ajouter 24 personnes qui ont r\u00e9pondu en ligne. Soit un total de 133 participants.<\/p>\n<p>Mais Bernard Jacquand, rappelant que des sondages nationaux se basent sur un millier de personnes, estime avoir eu un panel suffisamment repr\u00e9sentatif gr\u00e2ce \u00e0 \u00ab\u00a0la diversit\u00e9 des personnes et leur implication\u00a0\u00bb. \u00ab\u00a0Si je refaisais des ateliers, j\u2019aurais 90\u00a0% de redite.\u00a0\u00bb<\/p>\n<p>La volont\u00e9 d\u2019un \u00e9v\u00e9nement qui \u00ab\u00a0signe\u00a0\u00bb la ville, son identit\u00e9<\/p>\n<p>Le m\u00e9diateur a ainsi pu&#8230;<\/p>\n","protected":false},"excerpt":{"rendered":"\u00ab\u00a0Cette ville, vous l\u2019aimez\u00a0!\u00a0\u00bb Lors de la douzaine d\u2019ateliers tenus pour la concertation citoyenne Horizon 2035, le m\u00e9diateur&hellip;\n","protected":false},"author":2,"featured_media":210590,"comment_status":"","ping_status":"","sticky":false,"template":"","format":"standard","meta":{"footnotes":""},"categories":[9653],"tags":[1111,11,2430,1687,33,7539,436,1777,674,1011,27,12,316,25,9669,9670,4001,104],"class_list":{"0":"post-210589","1":"post","2":"type-post","3":"status-publish","4":"format-standard","5":"has-post-thumbnail","7":"category-saint-etienne","8":"tag-actu","9":"tag-actualites","10":"tag-auvergne-rhone-alpes","11":"tag-culture-loisirs","12":"tag-economie","13":"tag-edition-loire-sud","14":"tag-environnement","15":"tag-eu","16":"tag-europe","17":"tag-fr","18":"tag-france","19":"tag-news","20":"tag-politique","21":"tag-republique-francaise","22":"tag-saint-chamond","23":"tag-saint-chamond-ville","24":"tag-saint-etienne","25":"tag-societe"},"share_on_mastodon":{"url":"https:\/\/pubeurope.com\/@fr\/114760298271161389","error":""},"_links":{"self":[{"href":"https:\/\/www.europesays.com\/fr\/wp-json\/wp\/v2\/posts\/210589","targetHints":{"allow":["GET"]}}],"collection":[{"href":"https:\/\/www.europesays.com\/fr\/wp-json\/wp\/v2\/posts"}],"about":[{"href":"https:\/\/www.europesays.com\/fr\/wp-json\/wp\/v2\/types\/post"}],"author":[{"embeddable":true,"href":"https:\/\/www.europesays.com\/fr\/wp-json\/wp\/v2\/users\/2"}],"replies":[{"embeddable":true,"href":"https:\/\/www.europesays.com\/fr\/wp-json\/wp\/v2\/comments?post=210589"}],"version-history":[{"count":0,"href":"https:\/\/www.europesays.com\/fr\/wp-json\/wp\/v2\/posts\/210589\/revisions"}],"wp:featuredmedia":[{"embeddable":true,"href":"https:\/\/www.europesays.com\/fr\/wp-json\/wp\/v2\/media\/210590"}],"wp:attachment":[{"href":"https:\/\/www.europesays.com\/fr\/wp-json\/wp\/v2\/media?parent=210589"}],"wp:term":[{"taxonomy":"category","embeddable":true,"href":"https:\/\/www.europesays.com\/fr\/wp-json\/wp\/v2\/categories?post=210589"},{"taxonomy":"post_tag","embeddable":true,"href":"https:\/\/www.europesays.com\/fr\/wp-json\/wp\/v2\/tags?post=210589"}],"curies":[{"name":"wp","href":"https:\/\/api.w.org\/{rel}","templated":true}]}}