{"id":210603,"date":"2025-06-28T09:40:14","date_gmt":"2025-06-28T09:40:14","guid":{"rendered":"https:\/\/www.europesays.com\/fr\/210603\/"},"modified":"2025-06-28T09:40:14","modified_gmt":"2025-06-28T09:40:14","slug":"ce-sont-de-bons-gars","status":"publish","type":"post","link":"https:\/\/www.europesays.com\/fr\/210603\/","title":{"rendered":"\u00ab Ce sont de bons gars \u00bb"},"content":{"rendered":"<p>            Par<br \/>\n        <strong><br \/>\n            <a href=\"https:\/\/actu.fr\/auteur\/jessie-leclerc\" title=\"Consulter tous les articles de Jessie Leclerc\" target=\"_blank\" rel=\"noopener\">Jessie Leclerc<\/a><br \/>\n        <\/strong><\/p>\n<p>        Publi\u00e9 le<\/p>\n<p>            28 juin 2025 \u00e0 11h04        <\/p>\n<p>In\u00e9dit. Les fr\u00e8res Lebrun jouent <a href=\"https:\/\/actu.fr\/normandie\/rouen_76540\" target=\"_blank\" rel=\"noopener\">\u00e0 Rouen (Seine-Maritime)<\/a>. Ce dimanche 29 juin 2025, le Kindarena, grande salle de comp\u00e9titions sportives de la M\u00e9tropole, devient le temple du tennis de table pour accueillir la <strong>finale du championnat de France de Pro A masculine par \u00e9quipe<\/strong>. Pour la premi\u00e8re fois disput\u00e9e sur un match unique, cette confrontation met aux prises l\u2019Alliance N\u00eemes-Montpellier d\u2019<a href=\"https:\/\/actu.fr\/occitanie\/montpellier_34172\/montpellier-les-freres-lebrun-devoilent-les-coulisses-et-les-secrets-de-leur-aventure-olympique_61582919.html\" target=\"_blank\" rel=\"noopener\">Alexis et F\u00e9lix Lebrun<\/a> \u00e0 l\u2019\u00e9quipe bretonne pleine de promesses d\u2019Hennebont. Une rencontre d\u00e9cisive.<\/p>\n<p>Une comp\u00e9tition majeure<\/p>\n<p class=\" wall-content\">La finale de Pro A Messieurs est au tennis de table ce que la Coupe de France est au football. Pas rien. C\u2019est donc un \u00e9v\u00e9nement d\u2019envergure qui se tient dans la salle C\u00e9line-Dumerc du Kindarena dimanche 29\u00a0juin 2025.<\/p>\n<p class=\" wall-content\">Organis\u00e9e par <strong>le SPO Rouen tennis de table<\/strong>, cette finale promet d\u2019envoyer du lourd. La F\u00e9d\u00e9ration a confi\u00e9 au club local, qui a d\u00e9j\u00e0 organis\u00e9 les Championnats de France en 2018, la tenue de cette prestigieuse rencontre.<\/p>\n<p class=\" wall-content\">\u00ab\u2009Pour nous, c\u2019est un honneur que notre dossier soit retenu pour organiser cet \u00e9v\u00e9nement, qui plus est sur plusieurs ann\u00e9es\u2009\u00bb, explique Christophe Le Corvec, membre du comit\u00e9 de direction du SPO Rouen Tennis de Table. En effet, le club affirme avoir l\u2019assurance d\u2019organiser l\u2019\u00e9v\u00e9nement dans les ann\u00e9es \u00e0 venir, pour une dur\u00e9e encore ind\u00e9termin\u00e9e.<\/p>\n<p class=\" wall-content\">Ce club h\u00f4te, fort de 200 licenci\u00e9s dont cinq professionnels, voit dans cette comp\u00e9tition une occasion de faire de Rouen un berceau <a href=\"https:\/\/actu.fr\/normandie\/bois-guillaume_76108\/jeux-paralympiques-derniere-ligne-droite-pour-la-championne-alexandra-saint-pierre-de-bois-guillaume_61334224.html\" target=\"_blank\" rel=\"noopener\">du tennis de table<\/a>. \u00ab\u2009On souhaite vivement que le tennis de table vive ici, avec des partenaires r\u00e9guliers\u2009\u00bb, insiste Christophe Le Corv\u00e9es.<\/p>\n<p class=\" wall-content\">Pr\u00e8s de <strong>70\u00a0b\u00e9n\u00e9voles<\/strong> seront mobilis\u00e9s pour accueillir public, staff et sportifs.<\/p>\n<p>Les fr\u00e8res Lebrun\u2009: stars du ping-pong fran\u00e7ais<\/p>\n<p class=\" wall-content\">F\u00e9lix, 18\u00a0ans, et Alix Lebrun, 21\u00a0ans, sont les\u00a0<a href=\"https:\/\/actu.fr\/normandie\/franqueville-saint-pierre_76475\/tennis-de-table-les-clubs-de-seine-maritime-s-attendent-a-une-vague-d-inscriptions_61595415.html\" target=\"_blank\" rel=\"noopener\">nouvelles ic\u00f4nes du tennis<\/a> de table tricolore. Mis en lumi\u00e8re lors des Jeux Olympiques de Paris 2024, ils sont respectivement 7e et 12e mondiaux. Un duo explosif. Leurs belles performances ont propuls\u00e9 <strong>l\u2019Alliance N\u00eemes-Montpellier<\/strong> en t\u00eate de liste de la comp\u00e9tition.<\/p>\n<p class=\" wall-content\">Les deux jeunes sont tr\u00e8s attendus. \u00ab\u2009Les licenci\u00e9s du club en parlent entre eux, ils ont h\u00e2te. Certains se projettent en eux\u2009\u00bb, affirme Christophe Le Corvec. Et pour lui cela est justifi\u00e9\u2009: \u00ab\u2009Les fr\u00e8res Lebrun sont sympas. J\u2019ai d\u00e9j\u00e0 \u00e9chang\u00e9 avec eux \u00e0 plusieurs reprises, notamment avant qu\u2019ils ne soient connus.\u2009\u00bb Mais ils n\u2019ont pas pris la grosse t\u00eate\u2009: \u00ab\u2009Quand je les ai vus au JO, dans le public, ils se sont arr\u00eat\u00e9s pour me dire bonjour. Ce sont de bons gars.\u2009\u00bb<\/p>\n<p>Hennebont\u2009: une \u00e9quipe \u00e0 prendre au s\u00e9rieux<\/p>\n<p class=\" wall-content\">Mais la finale ne sera pas une formalit\u00e9. En face, <strong>Hennebont<\/strong> ne manque pas de talents. \u00ab\u2009On a, par exemple, Omar Assar, meilleur joueur africain, le Cor\u00e9en Lim Jonghoon et le Russe Vladimir Sidorenko\u2009\u00bb, d\u00e9taille le membre du SPO. \u00c0 noter que le Russe de 23 ans est le seul joueur de la saison \u00e0 avoir battu les deux fr\u00e8res fran\u00e7ais.<\/p>\n<p class=\" wall-content\">Pour lui, \u00ab\u2009les joueurs d\u2019Hennebont sont moins forts, mais ont bien plus d\u2019exp\u00e9rience \u00e0 l\u2019international que les fr\u00e8res Lebrun qui ont commenc\u00e9 il y a trois ans\u2009\u00bb.<\/p>\n<p>Un public attendu nombreux<\/p>\n<p class=\" wall-content\">Selon Christophe Le Corvec, <a href=\"https:\/\/actu.fr\/normandie\/deville-les-rouen_76216\/catherine-est-la-fan-numero-1-du-rouen-metropole-basket-c-est-mon-oxygene-ma-deuxieme-famille_62498188.html\" target=\"_blank\" rel=\"noopener\">le public<\/a> attendu est \u00ab\u2009tr\u00e8s h\u00e9t\u00e9rog\u00e8ne\u2009\u00bb. \u00ab\u2009Avec les adeptes de ce sport, de la M\u00e9tropole et m\u00eame de r\u00e9gion parisienne, on retrouve aussi des gens qui viennent simplement voir les fr\u00e8res Lebrun qui sont devenus des personnages m\u00e9diatiques importants.\u2009\u00bb<\/p>\n<p class=\" wall-content\">\u00c0 quelques jours de l\u2019\u00e9v\u00e8nement, il reste moins de 400 places disponibles sur les pr\u00e8s de 6\u2009000 si\u00e8ges que compte la salle. Le SPO de Rouen \u00ab\u2009esp\u00e8re faire le plein\u2009\u00bb.<\/p>\n<p><strong>Infos pratiques\u2009:<\/strong><br \/>\nDimanche 29\u00a0juin. Salle C\u00e9line Dumerc, \u00e0 partir de 14h30. Cat\u00e9gorie or compl\u00e8te. Places restantes de 15 \u00e0 25\u00a0euros <a href=\"https:\/\/www.kindarena.fr\/fr\/product\/296\/kindarena\/finales_championnat_de_france_par_equipes_2025\" target=\"_blank\" rel=\"noopener\">ici<\/a>. Places VIP \u00e0 100\u00a0euros par mail \u00e0 <a href=\"https:\/\/actu.fr\/cdn-cgi\/l\/email-protection\" class=\"__cf_email__\" data-cfemail=\"91e2e1fee3e5f4fffff8e2f5f4e5f0f3fdf4d1f7e3f4f4bff7e3\" target=\"_blank\" rel=\"noopener\">[email\u00a0protected]<\/a>.<br \/>\nLe parking Mont-Riboudet sera gratuit\u2009: de 12h00 \u00e0 23h00 le dimanche 29\u00a0juin 2025. \/ Transports en commun\u2009: Arr\u00eat Mont-Riboudet.<br \/>\nPMR en fauteuil roulant\u2009: prendre contact avec le service billetterie par mail \u00e0 <a href=\"https:\/\/actu.fr\/cdn-cgi\/l\/email-protection\" class=\"__cf_email__\" data-cfemail=\"accec5c0c0c9d8d8c9dec5c9ecc7c5c2c8cddec9c2cd82cade\" target=\"_blank\" rel=\"noopener\">[email\u00a0protected]<\/a> ou par t\u00e9l\u00e9phone au 02\u200932\u200910\u200973\u200973, pour assister \u00e0 l\u2019\u00e9v\u00e9nement.Suivez l\u2019actualit\u00e9 de Rouen <a href=\"https:\/\/www.whatsapp.com\/channel\/0029VaKfnf99hXF2ddApFB1D\" target=\"_blank\" rel=\"noopener\">sur notre cha\u00eene WhatsApp<\/a> et <a href=\"https:\/\/www.tiktok.com\/@76actu.fr?lang=fr\" target=\"_blank\" rel=\"noopener\">sur notre compte TikTok<\/a><\/p>\n<p class=\" wall-content\">Suivez toute l\u2019actualit\u00e9 de vos villes et m\u00e9dias favoris en vous inscrivant \u00e0 <a href=\"https:\/\/moncompte.actu.fr\" title=\"D\u00e9couvez Mon Actu\" rel=\"nofollow noopener\" data-trk=\"{&quot;cta&quot;:{&quot;action&quot;:&quot;https:\\\/\\\/moncompte.actu.fr&quot;,&quot;category&quot;:&quot;mon compte&quot;,&quot;from&quot;:&quot;article footer&quot;,&quot;name&quot;:&quot;Mon actu&quot;,&quot;type&quot;:&quot;cta&quot;}}\" target=\"_blank\">Mon Actu<\/a>.<\/p>\n<p>                    <script async src=\"\/\/www.tiktok.com\/embed.js\"><\/script><\/p>\n","protected":false},"excerpt":{"rendered":"Par Jessie Leclerc Publi\u00e9 le 28 juin 2025 \u00e0 11h04 In\u00e9dit. Les fr\u00e8res Lebrun jouent \u00e0 Rouen (Seine-Maritime).&hellip;\n","protected":false},"author":2,"featured_media":210604,"comment_status":"","ping_status":"","sticky":false,"template":"","format":"standard","meta":{"footnotes":""},"categories":[9587],"tags":[1111,11,1777,674,1011,27,7941,34987,12,5161,25,9590,517,60,16149],"class_list":{"0":"post-210603","1":"post","2":"type-post","3":"status-publish","4":"format-standard","5":"has-post-thumbnail","7":"category-rouen","8":"tag-actu","9":"tag-actualites","10":"tag-eu","11":"tag-europe","12":"tag-fr","13":"tag-france","14":"tag-jo-paris-2024","15":"tag-kindarena","16":"tag-news","17":"tag-normandie","18":"tag-republique-francaise","19":"tag-rouen","20":"tag-sport","21":"tag-sports","22":"tag-tennis-de-table"},"share_on_mastodon":{"url":"","error":""},"_links":{"self":[{"href":"https:\/\/www.europesays.com\/fr\/wp-json\/wp\/v2\/posts\/210603","targetHints":{"allow":["GET"]}}],"collection":[{"href":"https:\/\/www.europesays.com\/fr\/wp-json\/wp\/v2\/posts"}],"about":[{"href":"https:\/\/www.europesays.com\/fr\/wp-json\/wp\/v2\/types\/post"}],"author":[{"embeddable":true,"href":"https:\/\/www.europesays.com\/fr\/wp-json\/wp\/v2\/users\/2"}],"replies":[{"embeddable":true,"href":"https:\/\/www.europesays.com\/fr\/wp-json\/wp\/v2\/comments?post=210603"}],"version-history":[{"count":0,"href":"https:\/\/www.europesays.com\/fr\/wp-json\/wp\/v2\/posts\/210603\/revisions"}],"wp:featuredmedia":[{"embeddable":true,"href":"https:\/\/www.europesays.com\/fr\/wp-json\/wp\/v2\/media\/210604"}],"wp:attachment":[{"href":"https:\/\/www.europesays.com\/fr\/wp-json\/wp\/v2\/media?parent=210603"}],"wp:term":[{"taxonomy":"category","embeddable":true,"href":"https:\/\/www.europesays.com\/fr\/wp-json\/wp\/v2\/categories?post=210603"},{"taxonomy":"post_tag","embeddable":true,"href":"https:\/\/www.europesays.com\/fr\/wp-json\/wp\/v2\/tags?post=210603"}],"curies":[{"name":"wp","href":"https:\/\/api.w.org\/{rel}","templated":true}]}}