{"id":210605,"date":"2025-06-28T09:43:19","date_gmt":"2025-06-28T09:43:19","guid":{"rendered":"https:\/\/www.europesays.com\/fr\/210605\/"},"modified":"2025-06-28T09:43:19","modified_gmt":"2025-06-28T09:43:19","slug":"on-vous-attendait-des-policiers-suspectes-davoir-renseigne-des-dealers-a","status":"publish","type":"post","link":"https:\/\/www.europesays.com\/fr\/210605\/","title":{"rendered":"\u00ab\u00a0On vous attendait\u00a0!\u00a0\u00bb\u00a0: des policiers suspect\u00e9s d\u2019avoir renseign\u00e9 des dealers \u00e0"},"content":{"rendered":"<p>Une enqu\u00eate pr\u00e9liminaire a \u00e9t\u00e9 ouverte par la justice apr\u00e8s l\u2019\u00e9chec d\u2019une importante op\u00e9ration de d\u00e9mant\u00e8lement d\u2019un point de deal de <a href=\"https:\/\/nimes.maville.com\/\/\" target=\"_self\" rel=\"nofollow noopener\">Grenoble (Is\u00e8re)<\/a> men\u00e9e le 8\u00a0octobre 2024. D\u2019apr\u00e8s une information r\u00e9v\u00e9l\u00e9e par\u00a0 <a href=\"https:\/\/www.ledauphine.com\/faits-divers-justice\/2025\/06\/26\/isere-info-le-dauphine-libere-y-a-t-il-des-policiers-corrompus-a-grenoble-une-enquete-est-ouverte\" target=\"_blank\" rel=\"nofollow noopener\">Le Dauphin\u00e9 Lib\u00e9r\u00e9<\/a>\u00a0jeudi 26\u00a0juin 2025, une fuite d\u2019informations\u00a0aurait\u00a0compromis\u00a0l\u2019intervention.\u00a0<\/p>\n<p>\u00ab\u00a0Il n\u2019y a pas eu de fuites massives\u00a0\u00bb<\/p>\n<p>L\u2019objectif de ce coup de filet \u00e9tait d\u2019atteindre les donneurs d\u2019ordre du\u00a0trafic de stup\u00e9fiants. Pendant plusieurs mois, les enqu\u00eateurs du service local de police judiciaire ont traqu\u00e9 les moindres faits et gestes des mis en cause. Mais le jour de l\u2019op\u00e9ration, grosse d\u00e9sillusion. Les lieux ont \u00e9t\u00e9 <strong>\u00ab\u00a0nettoy\u00e9s\u00a0\u00bb<\/strong> et les principaux suspects ont pris la fuite avant leur arriv\u00e9e, indiquent nos confr\u00e8res.<\/p>\n<p>Interpell\u00e9, l\u2019un des suspects\u00a0a avou\u00e9 aux forces de l\u2019ordre qu\u2019ils \u00e9taient au courant de leur intervention.\u00a0<strong>\u00ab\u00a0On vous attendait\u00a0!\u00a0\u00bb<\/strong> leur aurait-il gliss\u00e9.\u00a0Rapidement, la piste d\u2019une fuite interne a \u00e9t\u00e9 fortement envisag\u00e9e. Sept mois plus tard, l\u2019enqu\u00eate est toujours en cours mais le directeur interd\u00e9partemental de la police nationale de l\u2019Is\u00e8re a affirm\u00e9 qu&rsquo;<strong>\u00ab\u00a0il n\u2019y a pas eu de fuites massives\u00a0\u00bb<\/strong>.<\/p>\n<p>\u00a0<\/p>\n","protected":false},"excerpt":{"rendered":"Une enqu\u00eate pr\u00e9liminaire a \u00e9t\u00e9 ouverte par la justice apr\u00e8s l\u2019\u00e9chec d\u2019une importante op\u00e9ration de d\u00e9mant\u00e8lement d\u2019un point&hellip;\n","protected":false},"author":2,"featured_media":210606,"comment_status":"","ping_status":"","sticky":false,"template":"","format":"standard","meta":{"footnotes":""},"categories":[9566],"tags":[1111,11,4742,2430,16054,1777,674,1011,27,10623,2731,12,6890,34989,25,3213,34988,10624],"class_list":{"0":"post-210605","1":"post","2":"type-post","3":"status-publish","4":"format-standard","5":"has-post-thumbnail","7":"category-grenoble","8":"tag-actu","9":"tag-actualites","10":"tag-attendait","11":"tag-auvergne-rhone-alpes","12":"tag-dealers","13":"tag-eu","14":"tag-europe","15":"tag-fr","16":"tag-france","17":"tag-golfe","18":"tag-grenoble","19":"tag-news","20":"tag-policiers","21":"tag-renseigne","22":"tag-republique-francaise","23":"tag-saint","24":"tag-suspectes","25":"tag-tropez"},"share_on_mastodon":{"url":"","error":""},"_links":{"self":[{"href":"https:\/\/www.europesays.com\/fr\/wp-json\/wp\/v2\/posts\/210605","targetHints":{"allow":["GET"]}}],"collection":[{"href":"https:\/\/www.europesays.com\/fr\/wp-json\/wp\/v2\/posts"}],"about":[{"href":"https:\/\/www.europesays.com\/fr\/wp-json\/wp\/v2\/types\/post"}],"author":[{"embeddable":true,"href":"https:\/\/www.europesays.com\/fr\/wp-json\/wp\/v2\/users\/2"}],"replies":[{"embeddable":true,"href":"https:\/\/www.europesays.com\/fr\/wp-json\/wp\/v2\/comments?post=210605"}],"version-history":[{"count":0,"href":"https:\/\/www.europesays.com\/fr\/wp-json\/wp\/v2\/posts\/210605\/revisions"}],"wp:featuredmedia":[{"embeddable":true,"href":"https:\/\/www.europesays.com\/fr\/wp-json\/wp\/v2\/media\/210606"}],"wp:attachment":[{"href":"https:\/\/www.europesays.com\/fr\/wp-json\/wp\/v2\/media?parent=210605"}],"wp:term":[{"taxonomy":"category","embeddable":true,"href":"https:\/\/www.europesays.com\/fr\/wp-json\/wp\/v2\/categories?post=210605"},{"taxonomy":"post_tag","embeddable":true,"href":"https:\/\/www.europesays.com\/fr\/wp-json\/wp\/v2\/tags?post=210605"}],"curies":[{"name":"wp","href":"https:\/\/api.w.org\/{rel}","templated":true}]}}