{"id":210612,"date":"2025-06-28T09:47:15","date_gmt":"2025-06-28T09:47:15","guid":{"rendered":"https:\/\/www.europesays.com\/fr\/210612\/"},"modified":"2025-06-28T09:47:15","modified_gmt":"2025-06-28T09:47:15","slug":"un-spectacle-immersif-illuminera-le-coeur-de-la-cathedrale-de-strasbourg","status":"publish","type":"post","link":"https:\/\/www.europesays.com\/fr\/210612\/","title":{"rendered":"un spectacle immersif illuminera le coeur de la cath\u00e9drale de Strasbourg !"},"content":{"rendered":"<p>    <img loading=\"lazy\" width=\"1800\" height=\"900\" src=\"https:\/\/www.europesays.com\/fr\/wp-content\/uploads\/2025\/04\/jeanne-callthepolice.jpg\" class=\"attachment-full size-full\" alt=\"\" id=\"imageLove\" decoding=\"async\"  \/><\/p>\n<p id=\"breadcrumbs\"><a href=\"https:\/\/pokaa.fr\/\" rel=\"nofollow noopener\" target=\"_blank\">Accueil<\/a> \/ <a href=\"https:\/\/pokaa.fr\/categories\/ses-sorties\/\" rel=\"nofollow noopener\" target=\"_blank\">Sorties<\/a> \/ Luminiscence : un spectacle immersif illuminera le coeur de la cath\u00e9drale de Strasbourg !<\/p>\n<p>                    Sorties<\/p>\n<p><strong>Chaque \u00e9t\u00e9 \u00e0 Strasbourg, on se r\u00e9jouit de retrouver les illuminations de la cath\u00e9drale, qui font r\u00eaver petit(e)s et grand(e)s. Et si on vous disait que cette ann\u00e9e, vous pouvez pousser l\u2019exp\u00e9rience encore plus loin ? \u00c0 partir du 29 ao\u00fbt, les Concerts immersifs avec l\u2019orchestre Luminiscence<\/strong> <strong>s\u2019installent \u00e0 l\u2019int\u00e9rieur de M\u00f4man, pour nous proposer un moment hors du temps m\u00ealant mapping, musique live et narration. On vous dit tout.<\/strong><\/p>\n<p>Si l\u2019int\u00e9rieur de la cath\u00e9drale de Strasbourg vous \u00e9merveille toute l\u2019ann\u00e9e, vous n\u2019\u00eates pas au bout de vos surprises\u00a0: \u00e0 partir <strong>du 29 ao\u00fbt, Luminiscence <\/strong>s\u2019installe pour vous (re)faire d\u00e9couvrir M\u00f4man comme vous ne l\u2019avez jamais vue.<\/p>\n<p>Le principe\u00a0? <strong>Une vid\u00e9o mapping \u00e0 360 degr\u00e9s,<\/strong> qui va faire vibrer tous les d\u00e9tails architecturaux de la cath\u00e9drale. Vo\u00fbtes, sculptures, vitraux : chaque recoin va prendre vie, et ce n\u2019est pas tout ! Le spectacle est l\u00e0 pour r\u00e9galer les yeux, mais pas que : <strong>un ch\u0153ur musical<\/strong> sera l\u00e0 pour vous faire vibrer \u00e0 travers les diff\u00e9rents tableaux, pour passer <strong>une heure compl\u00e8tement en suspension.<\/strong><\/p>\n<p>    <img width=\"800\" height=\"492\" src=\"https:\/\/www.europesays.com\/fr\/wp-content\/uploads\/2025\/06\/cathedrale-mapping-luminiscence-spectacle-immersif-3-800x492.png\" class=\"attachment-image-size-L size-image-size-L\" alt=\"Cath\u00e9drale mapping Luminiscence spectacle immersif (3)\" decoding=\"async\" loading=\"lazy\"  \/>         \u00a9 Luminiscence \/ Document remis <\/p>\n<p>Raconter M\u00f4man en 4 actes<\/p>\n<p><strong>Un Concert immersif avec l\u2019orchestre Luminiscence<\/strong>, c\u2019est un spectacle pour faire r\u00eaver petit(e)s et grand(e)s, mais aussi et avant tout, <strong>une ode \u00e0 M\u00f4man.<\/strong> C\u2019est \u00e0 travers <strong>4 actes<\/strong> que vous pourrez (re)d\u00e9couvrir l\u2019histoire de cette grande dame, chacun se d\u00e9roulant <strong>entre mapping, moments narratifs ou musicaux.<\/strong><\/p>\n<p>On d\u00e9marre avec la mise en images de <strong>sa construction par les b\u00e2tisseurs<\/strong>, qui, \u00e0 partir d\u2019une chapelle de bois, ont \u00e9lev\u00e9 un des plus imposants monuments d\u2019Europe. On se r\u00e9gale ensuite avec les r\u00e9cits que portent les diff\u00e9rents vitraux, et <strong>on se d\u00e9lecte de toutes les histoires que la cath\u00e9drale a, elle aussi, \u00e0 nous raconter.<\/strong><\/p>\n<p>    <img width=\"800\" height=\"491\" src=\"https:\/\/www.europesays.com\/fr\/wp-content\/uploads\/2025\/06\/cathedrale-mapping-luminiscence-spectacle-immersif-4-800x491.png\" class=\"attachment-image-size-L size-image-size-L\" alt=\"Cath\u00e9drale mapping Luminiscence spectacle immersif (4)\" decoding=\"async\" loading=\"lazy\"  \/>         \u00a9 Luminiscence \/ Document remis <\/p>\n<p>Le troisi\u00e8me acte vise \u00e0 montrer le versant artistique de la cath\u00e9drale<strong>, en mettant en lumi\u00e8re ses diff\u00e9rentes influences architecturales, mais aussi son acoustique \u00e0 couper le souffle,<\/strong> et la mani\u00e8re dont elle fait r\u00e9sonner la musique.<\/p>\n<p>De quoi vibrer jusqu\u2019au <strong>dernier acte, ultime cons\u00e9cration d\u2019un monument qui a surv\u00e9cu<\/strong> \u00e0 de nombreux temps troubles, avant de devenir <strong>le symbole d\u2019une Europe r\u00e9concili\u00e9e.<\/strong><\/p>\n<p>    <img width=\"800\" height=\"532\" src=\"https:\/\/www.europesays.com\/fr\/wp-content\/uploads\/2025\/06\/cathedrale-mapping-luminiscence-spectacle-immersif-5-800x532.png\" class=\"attachment-image-size-L size-image-size-L\" alt=\"Cath\u00e9drale mapping Luminiscence spectacle immersif (5)\" decoding=\"async\" loading=\"lazy\"  \/>         \u00a9 Luminiscence \/ Document remis <\/p>\n<p>Une heure en apesanteur, tous les week-ends entre fin ao\u00fbt et fin octobre<\/p>\n<p>Pour profiter de cette exp\u00e9rience immersive \u00e0 couper le souffle<strong>, rendez-vous chaque vendredi et samedi \u00e0 partir du 29 ao\u00fbt, et ce jusqu\u2019\u00e0 la fin du mois d\u2019octobre. La r\u00e9servation d\u2019un billet en ligne <a href=\"https:\/\/luminiscence.com\/strasbourg\/\" target=\"_blank\" rel=\"noopener nofollow\">par ici<\/a> est fortement recommand\u00e9e, <\/strong>m\u00eame s\u2019il est possible d\u2019acheter ses places le jour m\u00eame, dans la limite des disponibilit\u00e9s.<\/p>\n<p>Pour \u00eatre s\u00fbr(e) de ne pas louper une miette, <strong>une liste d\u2019attente est ouverte jusqu\u2019au 2 juillet \u00e0 12h. Les inscrit(e)s pourront acc\u00e9der \u00e0 la billetterie en avant-premi\u00e8re, et b\u00e9n\u00e9ficier de 10% de remise\u00a0:<\/strong> alors, vous venez voir M\u00f4man comme vous ne l\u2019avez jamais connue\u00a0?<\/p>\n<p>    <img width=\"800\" height=\"528\" src=\"https:\/\/www.europesays.com\/fr\/wp-content\/uploads\/2025\/06\/cathedrale-mapping-luminiscence-spectacle-immersif-1-800x528.png\" class=\"attachment-image-size-L size-image-size-L\" alt=\"Cath\u00e9drale mapping Luminiscence spectacle immersif (1)\" decoding=\"async\" loading=\"lazy\"  \/>         \u00a9 Luminiscence \/ Document remis <\/p>\n<p>            Concerts immersifs avec l&rsquo;orchestre Luminiscence<\/p>\n<p>            Quoi ? <\/p>\n<p>Spectacle immersif son, lumi\u00e8res et orchestre<\/p>\n<p>                Quand ?<\/p>\n<p>Les vendredis et samedis soirs, du 29 ao\u00fbt \u00e0 la fin du mois d\u2019octobre<\/p>\n<p>            o\u00f9 ?<\/p>\n<p>Cath\u00e9drale de Strasbourg<\/p>\n<p>                Plus d&rsquo;infos ?<\/p>\n<p><a href=\"https:\/\/luminiscence.com\/\" target=\"_blank\" rel=\"noopener nofollow\">Site web de Luminiscence<\/a><br \/><a href=\"https:\/\/luminiscence.com\/strasbourg\/\" target=\"_blank\" rel=\"noopener nofollow\">Inscription sur la liste d\u2019attente<\/a><\/p>\n<p>D\u00e8s 23\u20ac : le spectacle dure environ 60 minutes, et est accessible pour tous les \u00e2ges. L\u2019entr\u00e9e est gratuite pour les enfants de 4 ans et moins, qui peuvent tenir sur les genoux d\u2019un(e) adulte.<\/p>\n","protected":false},"excerpt":{"rendered":"Accueil \/ Sorties \/ Luminiscence : un spectacle immersif illuminera le coeur de la cath\u00e9drale de Strasbourg !&hellip;\n","protected":false},"author":2,"featured_media":210613,"comment_status":"","ping_status":"","sticky":false,"template":"","format":"standard","meta":{"footnotes":""},"categories":[2820],"tags":[1111,11,1777,674,1011,27,775,34990,34991,34992,12,25,34993,640],"class_list":{"0":"post-210612","1":"post","2":"type-post","3":"status-publish","4":"format-standard","5":"has-post-thumbnail","7":"category-strasbourg","8":"tag-actu","9":"tag-actualites","10":"tag-eu","11":"tag-europe","12":"tag-fr","13":"tag-france","14":"tag-grand-est","15":"tag-luminiscence","16":"tag-mapping","17":"tag-musique-live","18":"tag-news","19":"tag-republique-francaise","20":"tag-spectacle-immersif","21":"tag-strasbourg"},"share_on_mastodon":{"url":"","error":""},"_links":{"self":[{"href":"https:\/\/www.europesays.com\/fr\/wp-json\/wp\/v2\/posts\/210612","targetHints":{"allow":["GET"]}}],"collection":[{"href":"https:\/\/www.europesays.com\/fr\/wp-json\/wp\/v2\/posts"}],"about":[{"href":"https:\/\/www.europesays.com\/fr\/wp-json\/wp\/v2\/types\/post"}],"author":[{"embeddable":true,"href":"https:\/\/www.europesays.com\/fr\/wp-json\/wp\/v2\/users\/2"}],"replies":[{"embeddable":true,"href":"https:\/\/www.europesays.com\/fr\/wp-json\/wp\/v2\/comments?post=210612"}],"version-history":[{"count":0,"href":"https:\/\/www.europesays.com\/fr\/wp-json\/wp\/v2\/posts\/210612\/revisions"}],"wp:featuredmedia":[{"embeddable":true,"href":"https:\/\/www.europesays.com\/fr\/wp-json\/wp\/v2\/media\/210613"}],"wp:attachment":[{"href":"https:\/\/www.europesays.com\/fr\/wp-json\/wp\/v2\/media?parent=210612"}],"wp:term":[{"taxonomy":"category","embeddable":true,"href":"https:\/\/www.europesays.com\/fr\/wp-json\/wp\/v2\/categories?post=210612"},{"taxonomy":"post_tag","embeddable":true,"href":"https:\/\/www.europesays.com\/fr\/wp-json\/wp\/v2\/tags?post=210612"}],"curies":[{"name":"wp","href":"https:\/\/api.w.org\/{rel}","templated":true}]}}