{"id":210622,"date":"2025-06-28T09:52:17","date_gmt":"2025-06-28T09:52:17","guid":{"rendered":"https:\/\/www.europesays.com\/fr\/210622\/"},"modified":"2025-06-28T09:52:17","modified_gmt":"2025-06-28T09:52:17","slug":"kielce-berlin-sporting-un-groupe-releve-pour-le-hbc-nantes-en-ligue-des-champions","status":"publish","type":"post","link":"https:\/\/www.europesays.com\/fr\/210622\/","title":{"rendered":"Kielce, Berlin, Sporting\u2026 Un groupe relev\u00e9 pour le HBC Nantes en Ligue des Champions"},"content":{"rendered":"<p>            Par<br \/>\n        <strong><br \/>\n            <a href=\"https:\/\/actu.fr\/auteur\/thomas-bernard\" title=\"Consulter tous les articles de Thomas Bernard\" rel=\"nofollow noopener\" target=\"_blank\">Thomas Bernard<\/a><br \/>\n        <\/strong><\/p>\n<p>        Publi\u00e9 le<\/p>\n<p>            28 juin 2025 \u00e0 11h28        <\/p>\n<p>R\u00e9cent <a href=\"https:\/\/actu.fr\/pays-de-la-loire\/nantes_44109\/en-images-une-grosse-deception-au-coeur-des-supporters-du-hbc-nantes-a-la-h-arena_62773947.html\" rel=\"nofollow noopener\" target=\"_blank\">troisi\u00e8me de l\u2019\u00e9dition 2024\/2025 de la Ligue des Champions<\/a>, le HBC Nantes retrouvera les parquets europ\u00e9ens la saison prochaine. Ce vendredi 27\u00a0juin, le tirage au sort de la prestigieuse comp\u00e9tition continentale a eu lieu \u00e0 Vienne. D\u00e9couvrez le groupe du H.<\/p>\n<p>Un groupe relev\u00e9<\/p>\n<p class=\" wall-content\">Les co\u00e9quipiers de Nicolas Tournat ont h\u00e9rit\u00e9 d\u2019un groupe relev\u00e9 en tombant dans la poule A. Les Nantais retrouveront les clubs d\u2019<strong>Aalborg<\/strong> (Danemark), <strong>Kielce<\/strong> (Pologne) et <strong>Kolstad<\/strong> (Norv\u00e8ge).<\/p>\n<p class=\" wall-content\">\n<p class=\" wall-content\">Les hommes des Gr\u00e9gory Cojean recroiseront la route <strong>du Sporting Portugal<\/strong>, qu\u2019ils avaient battu pour rejoindre le Final Four, mais surtout<strong> le Fusche Berlin<\/strong>. Le club allemand s\u2019\u00e9tait largement impos\u00e9 face aux Violets lors de la derni\u00e8re demi-finale de Ligue des Champions.<\/p>\n<p class=\" wall-content\">Le club hongrois de<strong> Vezprem<\/strong> et l\u2019\u00e9quipe roumaine du <strong>Dinamo Bucarest<\/strong> sont \u00e9galement dans la poule du HBC Nantes.<\/p>\n<p class=\" wall-content\">La phase de groupe de la comp\u00e9tition europ\u00e9enne se d\u00e9roulera 10\u00a0septembre 2025 au 12\u00a0mars 2026. Le Final Four se d\u00e9roulera le week-end du 13 et 14\u00a0juin 2026.<\/p>\n<p>Vid\u00e9os : en ce moment sur Actu<\/p>\n<p class=\" wall-content\">Suivez toute l\u2019actualit\u00e9 de vos villes et m\u00e9dias favoris en vous inscrivant \u00e0 <a href=\"https:\/\/moncompte.actu.fr\" title=\"D\u00e9couvez Mon Actu\" rel=\"nofollow noopener\" data-trk=\"{&quot;cta&quot;:{&quot;action&quot;:&quot;https:\\\/\\\/moncompte.actu.fr&quot;,&quot;category&quot;:&quot;mon compte&quot;,&quot;from&quot;:&quot;article footer&quot;,&quot;name&quot;:&quot;Mon actu&quot;,&quot;type&quot;:&quot;cta&quot;}}\" target=\"_blank\">Mon Actu<\/a>.<\/p>\n","protected":false},"excerpt":{"rendered":"Par Thomas Bernard Publi\u00e9 le 28 juin 2025 \u00e0 11h28 R\u00e9cent troisi\u00e8me de l\u2019\u00e9dition 2024\/2025 de la Ligue&hellip;\n","protected":false},"author":2,"featured_media":210623,"comment_status":"","ping_status":"","sticky":false,"template":"","format":"standard","meta":{"footnotes":""},"categories":[2818],"tags":[1111,11,1777,674,1011,27,1792,447,766,12,2636,25,60],"class_list":{"0":"post-210622","1":"post","2":"type-post","3":"status-publish","4":"format-standard","5":"has-post-thumbnail","7":"category-nantes","8":"tag-actu","9":"tag-actualites","10":"tag-eu","11":"tag-europe","12":"tag-fr","13":"tag-france","14":"tag-handball","15":"tag-ligue-des-champions","16":"tag-nantes","17":"tag-news","18":"tag-pays-de-la-loire","19":"tag-republique-francaise","20":"tag-sports"},"share_on_mastodon":{"url":"","error":""},"_links":{"self":[{"href":"https:\/\/www.europesays.com\/fr\/wp-json\/wp\/v2\/posts\/210622","targetHints":{"allow":["GET"]}}],"collection":[{"href":"https:\/\/www.europesays.com\/fr\/wp-json\/wp\/v2\/posts"}],"about":[{"href":"https:\/\/www.europesays.com\/fr\/wp-json\/wp\/v2\/types\/post"}],"author":[{"embeddable":true,"href":"https:\/\/www.europesays.com\/fr\/wp-json\/wp\/v2\/users\/2"}],"replies":[{"embeddable":true,"href":"https:\/\/www.europesays.com\/fr\/wp-json\/wp\/v2\/comments?post=210622"}],"version-history":[{"count":0,"href":"https:\/\/www.europesays.com\/fr\/wp-json\/wp\/v2\/posts\/210622\/revisions"}],"wp:featuredmedia":[{"embeddable":true,"href":"https:\/\/www.europesays.com\/fr\/wp-json\/wp\/v2\/media\/210623"}],"wp:attachment":[{"href":"https:\/\/www.europesays.com\/fr\/wp-json\/wp\/v2\/media?parent=210622"}],"wp:term":[{"taxonomy":"category","embeddable":true,"href":"https:\/\/www.europesays.com\/fr\/wp-json\/wp\/v2\/categories?post=210622"},{"taxonomy":"post_tag","embeddable":true,"href":"https:\/\/www.europesays.com\/fr\/wp-json\/wp\/v2\/tags?post=210622"}],"curies":[{"name":"wp","href":"https:\/\/api.w.org\/{rel}","templated":true}]}}