{"id":210628,"date":"2025-06-28T09:55:08","date_gmt":"2025-06-28T09:55:08","guid":{"rendered":"https:\/\/www.europesays.com\/fr\/210628\/"},"modified":"2025-06-28T09:55:08","modified_gmt":"2025-06-28T09:55:08","slug":"haute-garonne-neuf-communes-reconnues-en-etat-de-catastrophe-naturelle-apres-des-inondations","status":"publish","type":"post","link":"https:\/\/www.europesays.com\/fr\/210628\/","title":{"rendered":"Haute-Garonne. Neuf communes reconnues en \u00e9tat de catastrophe naturelle apr\u00e8s des inondations"},"content":{"rendered":"<p>            Par<br \/>\n        <strong><br \/>\n            <a href=\"https:\/\/actu.fr\/auteur\/marie-lamarque\" title=\"Consulter tous les articles de Marie Lamarque\" rel=\"nofollow noopener\" target=\"_blank\">Marie Lamarque<\/a><br \/>\n        <\/strong><\/p>\n<p>        Publi\u00e9 le<\/p>\n<p>            28 juin 2025 \u00e0 11h31        <\/p>\n<p>De fortes pluies avaient caus\u00e9 des d\u00e9g\u00e2ts au sud de <a href=\"https:\/\/actu.fr\/toulouse\/\" rel=\"nofollow noopener\" target=\"_blank\">Toulouse<\/a> en mai dernier. <a href=\"https:\/\/actu.fr\/occitanie\/mauressac_31330\/coulees-de-boue-eau-qui-passe-au-dessus-d-une-digue-des-inondations-liees-aux-pluies-au-sud-de-toulouse_62596877.html\" rel=\"nofollow noopener\" target=\"_blank\">Des inondations avaient \u00e9t\u00e9 recens\u00e9es<\/a>, ainsi que des coul\u00e9es de boue, des chutes de branches, des foss\u00e9s gorg\u00e9s d\u2019eau\u2026<\/p>\n<p class=\" wall-content\"><strong>Neuf communes de Haute-Garonne ont \u00e9t\u00e9 reconnues en \u00e9tat de catastrophe naturelle<\/strong> par arr\u00eat\u00e9 minist\u00e9riel paru <a href=\"https:\/\/www.legifrance.gouv.fr\/jorf\/id\/JORFTEXT000051800531\" rel=\"nofollow noopener\" target=\"_blank\">au Journal Officiel ce vendredi 27 juin 2025<\/a>. Un statut qui va permettre aux habitants sinistr\u00e9s de faire la d\u00e9claration de leur sinistre aupr\u00e8s de leur assurance <strong>dans un d\u00e9lai de 30 jours<\/strong>.<\/p>\n<p>Les neuf communes concern\u00e9es<\/p>\n<p class=\" wall-content\">Voici les neuf communes concern\u00e9es pour le ph\u00e9nom\u00e8ne \u00ab inondation et coul\u00e9e de boue \u00bb :<\/p>\n<ul class=\" wall-content\">\n<li><strong>Boudrac, Cazaril-Tambour\u00e8s, Larroque, Nizan-Gess<\/strong> : \u00e0 la suite des intemp\u00e9ries du 3 mai dernier ;<\/li>\n<li><strong>Castillon-de-Saint-Martory, Cier-de-Rivi\u00e8re<\/strong> : \u00e0 la suite des intemp\u00e9ries du 4 mai dernier ;<\/li>\n<li><strong>Ciadoux et Saman<\/strong> : \u00e0 la suite des intemp\u00e9ries des 3 et 4 mai derniers ;<\/li>\n<li><strong>Bourg-Saint-Bernard<\/strong> : \u00e0 la suite des intemp\u00e9ries du 14 mai dernier.<\/li>\n<\/ul>\n<p class=\" wall-content\">Leurs habitants pourront ainsi rendre compte des d\u00e9g\u00e2ts caus\u00e9s par les mouvements de terrain, les inondations et coul\u00e9es de boue et les inondations par remont\u00e9e de nappes phr\u00e9atiques.<\/p>\n<p>Vid\u00e9os : en ce moment sur Actu<strong>Infos pratiques<\/strong><br \/>\nPour plus d\u2019informations <a href=\"https:\/\/www.haute-garonne.gouv.fr\/Actions-de-l-Etat\/Risques-naturels-et-technologiques\/Risques-naturels\/Catastrophes-naturelles\" rel=\"nofollow noopener\" target=\"_blank\">sur la proc\u00e9dure de reconnaissance de l\u2019\u00e9tat de catastrophe naturelle en cliquant ici<\/a>.<\/p>\n<p class=\" wall-content\">Suivez toute l\u2019actualit\u00e9 de vos villes et m\u00e9dias favoris en vous inscrivant \u00e0 <a href=\"https:\/\/moncompte.actu.fr\" title=\"D\u00e9couvez Mon Actu\" rel=\"nofollow noopener\" data-trk=\"{&quot;cta&quot;:{&quot;action&quot;:&quot;https:\\\/\\\/moncompte.actu.fr&quot;,&quot;category&quot;:&quot;mon compte&quot;,&quot;from&quot;:&quot;article footer&quot;,&quot;name&quot;:&quot;Mon actu&quot;,&quot;type&quot;:&quot;cta&quot;}}\" target=\"_blank\">Mon Actu<\/a>.<\/p>\n","protected":false},"excerpt":{"rendered":"Par Marie Lamarque Publi\u00e9 le 28 juin 2025 \u00e0 11h31 De fortes pluies avaient caus\u00e9 des d\u00e9g\u00e2ts au&hellip;\n","protected":false},"author":2,"featured_media":210629,"comment_status":"","ping_status":"","sticky":false,"template":"","format":"standard","meta":{"footnotes":""},"categories":[2816],"tags":[1111,11,4732,1777,674,1011,27,12,2680,25,104,2312],"class_list":{"0":"post-210628","1":"post","2":"type-post","3":"status-publish","4":"format-standard","5":"has-post-thumbnail","7":"category-toulouse","8":"tag-actu","9":"tag-actualites","10":"tag-catastrophe-naturelle","11":"tag-eu","12":"tag-europe","13":"tag-fr","14":"tag-france","15":"tag-news","16":"tag-occitanie","17":"tag-republique-francaise","18":"tag-societe","19":"tag-toulouse"},"share_on_mastodon":{"url":"","error":""},"_links":{"self":[{"href":"https:\/\/www.europesays.com\/fr\/wp-json\/wp\/v2\/posts\/210628","targetHints":{"allow":["GET"]}}],"collection":[{"href":"https:\/\/www.europesays.com\/fr\/wp-json\/wp\/v2\/posts"}],"about":[{"href":"https:\/\/www.europesays.com\/fr\/wp-json\/wp\/v2\/types\/post"}],"author":[{"embeddable":true,"href":"https:\/\/www.europesays.com\/fr\/wp-json\/wp\/v2\/users\/2"}],"replies":[{"embeddable":true,"href":"https:\/\/www.europesays.com\/fr\/wp-json\/wp\/v2\/comments?post=210628"}],"version-history":[{"count":0,"href":"https:\/\/www.europesays.com\/fr\/wp-json\/wp\/v2\/posts\/210628\/revisions"}],"wp:featuredmedia":[{"embeddable":true,"href":"https:\/\/www.europesays.com\/fr\/wp-json\/wp\/v2\/media\/210629"}],"wp:attachment":[{"href":"https:\/\/www.europesays.com\/fr\/wp-json\/wp\/v2\/media?parent=210628"}],"wp:term":[{"taxonomy":"category","embeddable":true,"href":"https:\/\/www.europesays.com\/fr\/wp-json\/wp\/v2\/categories?post=210628"},{"taxonomy":"post_tag","embeddable":true,"href":"https:\/\/www.europesays.com\/fr\/wp-json\/wp\/v2\/tags?post=210628"}],"curies":[{"name":"wp","href":"https:\/\/api.w.org\/{rel}","templated":true}]}}