{"id":210637,"date":"2025-06-28T10:00:17","date_gmt":"2025-06-28T10:00:17","guid":{"rendered":"https:\/\/www.europesays.com\/fr\/210637\/"},"modified":"2025-06-28T10:00:17","modified_gmt":"2025-06-28T10:00:17","slug":"le-zef-scene-nationale-a-marseille-ouvrira-sa-saison-2025-2026-a-la-gare-franche-havre-de-verdure-en-pleine-ville","status":"publish","type":"post","link":"https:\/\/www.europesays.com\/fr\/210637\/","title":{"rendered":"Le Zef, sc\u00e8ne nationale \u00e0 Marseille, ouvrira sa saison 2025-2026 \u00e0 la gare franche, havre de verdure en pleine ville"},"content":{"rendered":"<p>Mitoyen du centre commercial Le Merlan (14e), le <a href=\"https:\/\/www.laprovence.com\/article\/sortie-loisirs\/514562361162315\/marseille-au-zef-le-pari-de-la-creation\" target=\"_blank\" rel=\"noopener\">Zef, sc\u00e8ne nationale \u00e0 Marseille<\/a>, ouvre un deuxi\u00e8me p\u00f4le, la gare franche, une ancienne bastide et ses jardins partag\u00e9s entre la cit\u00e9 de Plan d\u2019Aou et le noyau villageois de Saint-Antoine (15e), un coin de verdure \u00e9tonnant qui accueillera des r\u00e9sidences d\u2019artistes, et sur certaines dates, le public. Concerts, danse, th\u00e9\u00e2tre, la programmation est diversifi\u00e9e avec un fort ancrage dans le territoire et un fil rouge sur l\u2019environnement abord\u00e9 notamment par Arkadi Zaides (The Cloud), Fr\u00e9d\u00e9ric Ferrer (Comment Nicola \u00e0 tout p\u00e9ter), L\u00e9o L\u00e9rus (Gounouj) ou encore Myriam Marzouli (Je me souviens de la terre).<\/p>\n<p>La saison ouvre \u00e0 la gare franche<\/p>\n<p>Mardi 23\u00a0septembre, apr\u00e8s deux ans et demi de travaux, la gare franche rouvrira ses portes pour le lancement de saison. Cr\u00e9\u00e9e par <a href=\"https:\/\/www.laprovence.com\/article\/loisirs\/2796722\/qui-pour-succeder-a-wladyslaw-znorko.html\" target=\"_blank\" rel=\"noopener\">Wladyslaw Znorko, directeur du Cosmos Kolej<\/a>, disparu en mars\u00a02013, la gare franche est un havre de paix en pleine ville, une maison d\u2019artistes. Le 23\u00a0septembre, pour sa r\u00e9ouverture, <a href=\"https:\/\/www.laprovence.com\/article\/region\/40885552407656\/marseille-un-manege-pour-les-jo-fait-par-et-pour-les-habitants-des-quartiers\" target=\"_blank\" rel=\"noopener\">Jour de f\u00eate, le man\u00e8ge cr\u00e9\u00e9 par les ateliers Sud Side avec les habitants des quartiers Nord pour c\u00e9l\u00e9brer l\u2019arriv\u00e9e des JO \u00e0 Marseille<\/a>, reprendra du service. Le Club orchestre de l\u2019\u00e9cole Busserine se produira et l\u2019excellent Pierre Rigal pr\u00e9sentera\u00a0R. onde.s, une pi\u00e8ce qu\u2019il avait cr\u00e9\u00e9e au Panth\u00e9on, m\u00ealant techno et percussions.<\/p>\n<p>Th\u00e9\u00e2tre<\/p>\n<p>Apr\u00e8s la f\u00eate de la gare franche, le grand plateau du Zef s\u2019ouvre le 9\u00a0octobre par The Cloud du chor\u00e9graphe bi\u00e9lorusse Arkadi Zaides, invit\u00e9 dans le cadre du festival Actoral. The Cloud associe la catastrophe de Tchernobyl au nuage de donn\u00e9es qui plane au-dessus de nos t\u00eates, dans une performance qui utilise l\u2019IA, m\u00ealant la grande Histoire \u00e0 l\u2019histoire intime du chor\u00e9graphe.<\/p>\n<p>Dans Le lasagne de la nonna, dialogue entre une grand-m\u00e8re et son petit-fils com\u00e9dien dans un cabaret drag, Massimo Furlan\u00a0signe<strong>\u00a0<\/strong>un savoureux r\u00e9cit autour de l\u2019immigration italienne.<\/p>\n<p><img alt=\"&quot;Jamais dormir&quot; de Baptiste Amann s'adresse aux enfants de 8-10 ans.\" loading=\"lazy\" decoding=\"async\" data-nimg=\"fill\" class=\" TwicCore_img__i9TC1 undefined  undefined\" style=\"position:absolute;height:100%;width:100%;left:0;top:0;right:0;bottom:0;color:transparent;background-size:cover;background-position:50% 50%;background-repeat:no-repeat;background-image:url(&quot;data:image\/svg+xml;charset=utf-8,%3Csvg xmlns='http:\/\/www.w3.org\/2000\/svg' %3E%3Cfilter id='b' color-interpolation-filters='sRGB'%3E%3CfeGaussianBlur stdDeviation='20'\/%3E%3CfeColorMatrix values='1 0 0 0 0 0 1 0 0 0 0 0 1 0 0 0 0 0 100 -1' result='s'\/%3E%3CfeFlood x='0' y='0' width='100%25' height='100%25'\/%3E%3CfeComposite operator='out' in='s'\/%3E%3CfeComposite in2='SourceGraphic'\/%3E%3CfeGaussianBlur stdDeviation='20'\/%3E%3C\/filter%3E%3Cimage width='100%25' height='100%25' x='0' y='0' preserveAspectRatio='none' style='filter: url(%23b);' href='https:\/\/pictures.laprovence.com\/cdn-cgi\/image\/blur=250\/media\/melody\/2025\/06\/28\/jamais-dormir-1751103428_1ce5d061ae5862106d061ae58b616dv_.jpg'\/%3E%3C\/svg%3E&quot;)\"   src=\"https:\/\/www.europesays.com\/fr\/wp-content\/uploads\/2025\/06\/jamais-dormir-1751103428_1ce5d061ae5862106d061ae58b616dv_.jpg\"\/>\u00ab\u00a0Jamais dormir\u00a0\u00bb de Baptiste Amann s&rsquo;adresse aux enfants de 8-10 ans. Pierre PLANCHENAULT<\/p>\n<p>Baptiste Amann, fid\u00e8le du Zef, s\u2019adresse pour la premi\u00e8re fois aux enfants de 8-10\u00a0ans dans Jamais dormir, une pi\u00e8ce qu\u2019il a \u00e9crite pour sa fille, sur\u00a0l\u2019imaginaire et le pouvoir de la nuit\u00a0les 25 et 26\u00a0novembre.<\/p>\n<p>Parmi les cr\u00e9ations command\u00e9es pour la saison, on d\u00e9couvrira La m\u00eame chose mais pas tout \u00e0 fait pareil de l\u2019autrice metteuse en sc\u00e8ne marseillaise Anne-Sophie Turion.<\/p>\n<p>Danse<\/p>\n<p>Le Zef lui r\u00e9serve traditionnellement la part du lion. Ce sera encore le cas cette saison. Parmi les temps forts, les 10 et 11\u00a0d\u00e9cembre, Gounouj (\u00ab\u00a0grenouille\u00a0\u00bb en cr\u00e9ole) de\u00a0L\u00e9o L\u00e9rus est n\u00e9e d\u2019un travail amorc\u00e9 en pleine nature sur le site prot\u00e9g\u00e9 de Gros-Morne et Grande-Anse en Guadeloupe, explorant les liens entre danse, \u00e9motions et environnement.<\/p>\n<p><img alt=\"Gounouj (&quot;grenouille&quot; en cr\u00e9ole) de L\u00e9o L\u00e9rus est n\u00e9e d'un travail amorc\u00e9 en pleine nature sur le site prot\u00e9g\u00e9 de Gros-Morne et Grande-Anse en Guadeloupe, explorant les liens entre danse, \u00e9motions et environnement.\" loading=\"lazy\" decoding=\"async\" data-nimg=\"fill\" class=\" TwicCore_img__i9TC1 undefined  undefined\" style=\"position:absolute;height:100%;width:100%;left:0;top:0;right:0;bottom:0;color:transparent;background-size:cover;background-position:50% 50%;background-repeat:no-repeat;background-image:url(&quot;data:image\/svg+xml;charset=utf-8,%3Csvg xmlns='http:\/\/www.w3.org\/2000\/svg' %3E%3Cfilter id='b' color-interpolation-filters='sRGB'%3E%3CfeGaussianBlur stdDeviation='20'\/%3E%3CfeColorMatrix values='1 0 0 0 0 0 1 0 0 0 0 0 1 0 0 0 0 0 100 -1' result='s'\/%3E%3CfeFlood x='0' y='0' width='100%25' height='100%25'\/%3E%3CfeComposite operator='out' in='s'\/%3E%3CfeComposite in2='SourceGraphic'\/%3E%3CfeGaussianBlur stdDeviation='20'\/%3E%3C\/filter%3E%3Cimage width='100%25' height='100%25' x='0' y='0' preserveAspectRatio='none' style='filter: url(%23b);' href='https:\/\/pictures.laprovence.com\/cdn-cgi\/image\/blur=250\/media\/melody\/2025\/06\/28\/gounouj-de-leo-lerus-1751103429_e0f423679a58625f423679a5829f42v_.jpg'\/%3E%3C\/svg%3E&quot;)\"   src=\"https:\/\/www.europesays.com\/fr\/wp-content\/uploads\/2025\/06\/gounouj-de-leo-lerus-1751103429_e0f423679a58625f423679a5829f42v_.jpg\"\/>Gounouj (\u00ab\u00a0grenouille\u00a0\u00bb en cr\u00e9ole) de L\u00e9o L\u00e9rus est n\u00e9e d&rsquo;un travail amorc\u00e9 en pleine nature sur le site prot\u00e9g\u00e9 de Gros-Morne et Grande-Anse en Guadeloupe, explorant les liens entre danse, \u00e9motions et environnement. Laurent Philippe<\/p>\n<p>Les 8 et 9\u00a0janvier, la pi\u00e8ce culte de Jean-Claude Gallotta, Ulysse, est reprise par les tr\u00e8s jeunes danseurs de la chor\u00e9graphe aixoise <a href=\"https:\/\/www.laprovence.com\/article\/culture-loisirs\/118648903224815\/dans-la-vie-fantastique-les-ados-dansent-comme-des-pros\" target=\"_blank\" rel=\"noopener\">Josette Ba\u00efz.<\/a><\/p>\n<p>Grand provocateur et figure de proue de la danse flamande, Jan Martens, reprendra les 11 et 12\u00a0f\u00e9vrier The dog days are over 2.0., une s\u00e9ance d\u2019a\u00e9robic extr\u00eame qui l\u2019a fait conna\u00eetre il y a plus de dix ans.<\/p>\n<p>Des artistes de la sc\u00e8ne r\u00e9gionale sont aussi invit\u00e9s, tels que<a href=\"https:\/\/www.laprovence.com\/article\/loisirs\/3074423\/flamenco-ana-perez-et-luis-de-la-carrasca-a-grans.html\" target=\"_blank\" rel=\"noopener\"> la danseuse de flamenco Ana Perez<\/a>, le 9\u00a0janvier, ou la formation istr\u00e9enne Coline, le 27\u00a0novembre. Enfin, Emmanuel Eggermont, artiste associ\u00e9 de la bande du Zef, rendra hommage \u00e0 Raymund Hogue dans About love and death les 28 et 29\u00a0avril.<\/p>\n<p>Concerts<\/p>\n<p>Birds on the wire, le\u00a0duo musical form\u00e9 par la chanteuse Rosemary Standley et violoncelliste br\u00e9silienne Dom La Nena, traversera les \u00e9poques et les genres, de Tom Waits \u00e0 The Cure ou encore de Barbara \u00e0 Bronski Beat, le 13 novembre. \u00c0 d\u00e9couvrir aussi Musical Conversation with a Bot, une cr\u00e9ation de l\u2019ensemble C Barr\u00e9.<\/p>\n<p>Le Club orchestre et le laboratoire de cuisine, deux projets avec le territoire<\/p>\n<p>Le Zef porte toujours les projets artistiques ancr\u00e9s dans les quartiers, l\u2019artistique et le social se nourrissant l\u2019un l\u2019autre.\u00a0L\u2019ensemble de musique C Barr\u00e9 et l\u2019\u00e9cole Busserine, voisine du Zef, ont ainsi cr\u00e9\u00e9 un Club orchestre, qui r\u00e9unit une trentaine de jeunes instrumentistes, joueurs de mandoline et percussionnistes, ainsi que six parents.\u00a0\u00ab\u00a0Nous accueillons leur spectacle de fin d\u2019ann\u00e9e et ils nous ont tellement enthousiasm\u00e9s que nous avons d\u00e9cid\u00e9 d\u2019aller plus loin dans notre engagement, explique Francesca Poloniato, directrice du Zef. Nous aidons l\u2019\u00e9cole Busserine \u00e0 p\u00e9renniser son Club Orchestre et lui mettant \u00e0 disposition nos locaux pour des r\u00e9p\u00e9titions.\u00a0\u00bb<\/p>\n<p>Le second projet est men\u00e9 par\u00a0Floriane Facchini autour de la gare franche (14e), autour de la cuisine, \u00ab\u00a0laboratoire culinaire et populaire\u00a0\u00bb.<\/p>\n<p>La billetterie est ouverte sur lezef.org<\/p>\n","protected":false},"excerpt":{"rendered":"Mitoyen du centre commercial Le Merlan (14e), le Zef, sc\u00e8ne nationale \u00e0 Marseille, ouvre un deuxi\u00e8me p\u00f4le, la&hellip;\n","protected":false},"author":2,"featured_media":210638,"comment_status":"","ping_status":"","sticky":false,"template":"","format":"standard","meta":{"footnotes":""},"categories":[2814],"tags":[17,34996,1111,11,251,1777,674,1011,27,884,4361,12,16089,882,25,3242,7347,34995],"class_list":{"0":"post-210637","1":"post","2":"type-post","3":"status-publish","4":"format-standard","5":"has-post-thumbnail","7":"category-marseille","8":"tag-17","9":"tag-2025-2026","10":"tag-actu","11":"tag-actualites","12":"tag-culture","13":"tag-eu","14":"tag-europe","15":"tag-fr","16":"tag-france","17":"tag-marseille","18":"tag-nationale","19":"tag-news","20":"tag-ouvrira","21":"tag-provence-alpes-cote-dazur","22":"tag-republique-francaise","23":"tag-saison","24":"tag-scene","25":"tag-zef"},"share_on_mastodon":{"url":"","error":""},"_links":{"self":[{"href":"https:\/\/www.europesays.com\/fr\/wp-json\/wp\/v2\/posts\/210637","targetHints":{"allow":["GET"]}}],"collection":[{"href":"https:\/\/www.europesays.com\/fr\/wp-json\/wp\/v2\/posts"}],"about":[{"href":"https:\/\/www.europesays.com\/fr\/wp-json\/wp\/v2\/types\/post"}],"author":[{"embeddable":true,"href":"https:\/\/www.europesays.com\/fr\/wp-json\/wp\/v2\/users\/2"}],"replies":[{"embeddable":true,"href":"https:\/\/www.europesays.com\/fr\/wp-json\/wp\/v2\/comments?post=210637"}],"version-history":[{"count":0,"href":"https:\/\/www.europesays.com\/fr\/wp-json\/wp\/v2\/posts\/210637\/revisions"}],"wp:featuredmedia":[{"embeddable":true,"href":"https:\/\/www.europesays.com\/fr\/wp-json\/wp\/v2\/media\/210638"}],"wp:attachment":[{"href":"https:\/\/www.europesays.com\/fr\/wp-json\/wp\/v2\/media?parent=210637"}],"wp:term":[{"taxonomy":"category","embeddable":true,"href":"https:\/\/www.europesays.com\/fr\/wp-json\/wp\/v2\/categories?post=210637"},{"taxonomy":"post_tag","embeddable":true,"href":"https:\/\/www.europesays.com\/fr\/wp-json\/wp\/v2\/tags?post=210637"}],"curies":[{"name":"wp","href":"https:\/\/api.w.org\/{rel}","templated":true}]}}