{"id":210653,"date":"2025-06-28T10:09:10","date_gmt":"2025-06-28T10:09:10","guid":{"rendered":"https:\/\/www.europesays.com\/fr\/210653\/"},"modified":"2025-06-28T10:09:10","modified_gmt":"2025-06-28T10:09:10","slug":"vladimir-poutine-vante-lexportation-de-la-vodka-russe","status":"publish","type":"post","link":"https:\/\/www.europesays.com\/fr\/210653\/","title":{"rendered":"Vladimir Poutine vante l\u2019exportation de la vodka russe"},"content":{"rendered":"<p>Au Forum \u00e9conomique de Saint-P\u00e9tersbourg, le pr\u00e9sident russe s\u2019est \u00e0 nouveau fait le chantre de l\u2019alcool russe, applaudi par l\u2019assistance.<\/p>\n<p class=\"fig-paragraph\">La sentence de Vladimir Poutine, alors que les pourparlers entre Moscou et Kiev sont au point mort, n\u2019est pas pass\u00e9e inaper\u00e7u. \u00abL\u00e0 o\u00f9 un soldat russe met un pied, cela nous appartient\u00bb, a dit le pr\u00e9sident russe alors que les forces russes avancent sur le front depuis plus d\u2019un an.<\/p>\n<p class=\"fig-paragraph\">Mais le pr\u00e9sident russe a \u00e9galement livr\u00e9 une r\u00e9flexion di\u00e9t\u00e9tique aussi amusante que r\u00e9v\u00e9latrice, plut\u00f4t pass\u00e9e inaper\u00e7ue au cours des plus de quatre heures de discours et d\u2019\u00e9change avec les invit\u00e9s de ce forum annuel. C\u2019est l\u2019homme d\u2019affaires sud-africain Zamani Letjane qui a d\u2019abord mis le sujet sur la table annon\u00e7ant que son entreprise avait act\u00e9 l\u2019importation de vodka russe en Afrique du Sud.<\/p>\n<p class=\"fig-paragraph\">\u00abC\u2019est une \u00e9tape cruciale et judicieuse\u00bb, a r\u00e9pondu Vladimir Poutine approbateur car \u00abquand vous buvez de la vodka, il faut ensuite pouvoir l\u2019\u00e9liminer avec de la nourriture\u00bb, a dit le chef d\u2019\u00c9tat russe. \u00abC\u2019est pourquoi elle sera probablement suivie de livraisons de produits carn\u00e9s ou de c\u00e9r\u00e9ales\u00bb, s\u2019est-il aussi r\u00e9joui. \u00abLa vodka aide \u00e0 vivre plus ga\u00eement\u00bb, a aussi dit Vladimir Poutine, applaudi par son auditoire, r\u00e9pondant cette fois \u00e0 l\u2019animateur de la discussion qui assurait que la vodka, \u00absans aucun doute\u00bb, pourrait \u00abaider le monde entier \u00e0 \u00eatre de meilleure humeur\u00bb.<\/p>\n<p class=\"fig-paragraph\">\u00abC\u2019est un clin d\u2019\u0153il \u00e0 Staline et une ex\u00e9g\u00e8se viriliste de la consommation d\u2019alcool\u00bb, estime Pierre Gonneau, historien et sp\u00e9cialiste de la Russie qui voit dans cette saillie une r\u00e9f\u00e9rence \u00e0 la phrase rest\u00e9e c\u00e9l\u00e8bre de Joseph Staline, prononc\u00e9 en 1935 en pleine p\u00e9riode d\u2019industrialisation \u00e0 marche forc\u00e9e et d\u2019optimisme du r\u00e9gime sovi\u00e9tiques\u00a0: \u00abLa vie est devenue plus belle, la vie est devenue plus gaie\u00bb. \u00abEn mai 2023, le pr\u00e9sident russe avait conseill\u00e9 aux opposants politiques quittant la Russie d\u2019aller \u00e0 Prague boire de la bi\u00e8re, dont on sait, selon lui, qu\u2019elle est riche en hormones f\u00e9minines, et m\u00eame d\u2019en abuser\u00bb, ajoute Pierre Gonneau.<\/p>\n<p class=\"fig-paragraph\">Malgr\u00e9 ces saillies remarqu\u00e9es, Vladimir Poutine\u00a0<a href=\"https:\/\/www.lefigaro.fr\/international\/2015\/02\/03\/01003-20150203ARTFIG00425-vladimir-poutine-baisse-le-prix-de-la-vodka.php\" data-fig-type=\"Article\" data-gtm-custom-categorie=\"navigation\" data-gtm-custom-action=\"crossclick\" data-gtm-custom-label=\"Contextuel\" data-gtm-event=\"customEventSPE\" data-fig-domain=\"LEFIGARO\" target=\"_blank\" rel=\"noopener\">a encadr\u00e9 strictement le prix de la vodka en Russie<\/a>\u00a0au d\u00e9but des ann\u00e9es 2010 pour lutter contre la contrebande. \u00abJe suis cat\u00e9goriquement contre l\u2019alcoolisation de la population (\u2026) mais la hausse des prix de l\u2019alcool conduit toujours \u00e0 l\u2019augmentation de la consommation d\u2019alcool frelat\u00e9\u00bb, d\u00e9clarait-il alors.<\/p>\n<p class=\"fig-paragraph\">Au lendemain de l\u2019invasion russe de l\u2019Ukraine en f\u00e9vrier 2022, plusieurs pays et grandes enseignes de distribution\u00a0<a href=\"http:\/\/www.lefigaro.fr\/flash-eco\/la-vodka-russe-disparait-des-etalages-finlandais-20220228\" data-fig-type=\"NewsFlash\" data-gtm-custom-categorie=\"navigation\" data-gtm-custom-action=\"crossclick\" data-gtm-custom-label=\"Contextuel\" data-gtm-event=\"customEventSPE\" data-fig-domain=\"LEFIGARO\" target=\"_blank\" rel=\"noopener\">ont banni la vodka russe de leurs supermarch\u00e9s et de leurs rayons.<\/a><\/p>\n","protected":false},"excerpt":{"rendered":"Au Forum \u00e9conomique de Saint-P\u00e9tersbourg, le pr\u00e9sident russe s\u2019est \u00e0 nouveau fait le chantre de l\u2019alcool russe, applaudi&hellip;\n","protected":false},"author":2,"featured_media":210654,"comment_status":"","ping_status":"","sticky":false,"template":"","format":"standard","meta":{"footnotes":""},"categories":[1591],"tags":[259,11,260,1887,14,261,12,262,1885,1886,132,35015],"class_list":{"0":"post-210653","1":"post","2":"type-post","3":"status-publish","4":"format-standard","5":"has-post-thumbnail","7":"category-russie","8":"tag-actualite-internationale","9":"tag-actualites","10":"tag-affaires-etrangeres","11":"tag-federation-de-russie","12":"tag-international","13":"tag-ministere-des-affaires-etrangeres","14":"tag-news","15":"tag-politique-etrangere","16":"tag-russia","17":"tag-russian-federation","18":"tag-russie","19":"tag-vodka"},"share_on_mastodon":{"url":"","error":""},"_links":{"self":[{"href":"https:\/\/www.europesays.com\/fr\/wp-json\/wp\/v2\/posts\/210653","targetHints":{"allow":["GET"]}}],"collection":[{"href":"https:\/\/www.europesays.com\/fr\/wp-json\/wp\/v2\/posts"}],"about":[{"href":"https:\/\/www.europesays.com\/fr\/wp-json\/wp\/v2\/types\/post"}],"author":[{"embeddable":true,"href":"https:\/\/www.europesays.com\/fr\/wp-json\/wp\/v2\/users\/2"}],"replies":[{"embeddable":true,"href":"https:\/\/www.europesays.com\/fr\/wp-json\/wp\/v2\/comments?post=210653"}],"version-history":[{"count":0,"href":"https:\/\/www.europesays.com\/fr\/wp-json\/wp\/v2\/posts\/210653\/revisions"}],"wp:featuredmedia":[{"embeddable":true,"href":"https:\/\/www.europesays.com\/fr\/wp-json\/wp\/v2\/media\/210654"}],"wp:attachment":[{"href":"https:\/\/www.europesays.com\/fr\/wp-json\/wp\/v2\/media?parent=210653"}],"wp:term":[{"taxonomy":"category","embeddable":true,"href":"https:\/\/www.europesays.com\/fr\/wp-json\/wp\/v2\/categories?post=210653"},{"taxonomy":"post_tag","embeddable":true,"href":"https:\/\/www.europesays.com\/fr\/wp-json\/wp\/v2\/tags?post=210653"}],"curies":[{"name":"wp","href":"https:\/\/api.w.org\/{rel}","templated":true}]}}