{"id":210661,"date":"2025-06-28T10:13:10","date_gmt":"2025-06-28T10:13:10","guid":{"rendered":"https:\/\/www.europesays.com\/fr\/210661\/"},"modified":"2025-06-28T10:13:10","modified_gmt":"2025-06-28T10:13:10","slug":"lallemagne-durcit-sa-politique-migratoire","status":"publish","type":"post","link":"https:\/\/www.europesays.com\/fr\/210661\/","title":{"rendered":"l\u2019Allemagne durcit sa politique migratoire\u00a0"},"content":{"rendered":"<p>    Publi\u00e9 le 28\/06\/2025 10:48<\/p>\n<p>      Mis \u00e0 jour le 28\/06\/2025 11:12<\/p>\n<p>        Temps de lecture : 1min &#8211; vid\u00e9o : 2min<\/p>\n<p>    <img decoding=\"async\" class=\"francetv-player-wrapper__image\" alt=\"\"  width=\"432\" height=\"243\" src=\"https:\/\/www.europesays.com\/fr\/wp-content\/uploads\/2025\/06\/eurozapping-685fa95f3d908872191956.png\" fetchpriority=\"high\"\/><\/p>\n<p>    2min<\/p>\n<p class=\"c-chapo \">\n  Comme chaque soir, le JT du 23h info fait un tour de l&rsquo;actualit\u00e9 diffus\u00e9e par les cha\u00eenes europ\u00e9ennes de t\u00e9l\u00e9vision. C&rsquo;est l&rsquo;Eurozapping du vendredi 27 juin.\u00a0\n<\/p>\n<p><strong>Ce texte correspond \u00e0 une partie de la retranscription du reportage ci-dessus. Cliquez sur la vid\u00e9o pour la regarder en int\u00e9gralit\u00e9.<\/strong><\/p>\n<p>L&rsquo;<a target=\"_self\" rel=\"noopener noreferrer nofollow\" href=\"https:\/\/www.franceinfo.fr\/culture\/livres\/roman\/en-allemagne-un-roman-inedit-de-1932-qui-decrit-la-montee-du-nazisme-devient-un-best-seller-en-quelques-semaines_7338642.html\">Allemagne<\/a> durcit sa politique migratoire. Un vote massif au Parlement. Le regroupement familial est supprim\u00e9 pour tous ceux qui n&rsquo;ont pas obtenu le statut de r\u00e9fugi\u00e9. \u00ab\u00a0Il y a une limite \u00e0 la r\u00e9silience de notre syst\u00e8me d&rsquo;\u00e9ducation et de soins. Il y a une limite \u00e0 la capacit\u00e9 de notre march\u00e9 du logement. Il doit y avoir une limite \u00e0 l&rsquo;immigration en Allemagne\u00a0\u00bb, a d\u00e9clar\u00e9 le ministre de l&rsquo;Int\u00e9rieur. Une mesure souhait\u00e9e par le nouveau chancelier Friedrich Merz. \u00ab\u00a0Nous devons tout faire pour r\u00e9duire l&rsquo;immigration irr\u00e9guli\u00e8re en Europe. Nous avons besoin de mesures d\u00e9cisives \u00e0 Bruxelles et dans l&rsquo;Union europ\u00e9enne\u00a0\u00bb, a-t-il affirm\u00e9. L&rsquo;Allemagne est aux c\u00f4t\u00e9s du chancelier autrichien dans sa croisade pour limiter l&rsquo;arriv\u00e9e de nouveaux migrants. <\/p>\n<p>En Bulgarie, la bataille du bagage \u00e0 main payant. Nouvelle salve contre les compagnies low-cost. Apr\u00e8s l&rsquo;Espagne, la Bulgarie s&rsquo;attaque \u00e0 la facturation des bagages \u00e0 main. Un second bagage \u00e0 main gratuit pourrait m\u00eame leur \u00eatre impos\u00e9. C&rsquo;est en tout cas ce que vient de demander la Commission europ\u00e9enne des transports.<\/p>\n<p class=\"social-zone__share-text\">\n      Partager\u00a0:<br \/>\n      l\u2019article sur les r\u00e9seaux sociaux\n    <\/p>\n<ul class=\"social-zone__list\">\n<li class=\"social-zone__item\">\n<p>        Partagez sur twitter (nouvel onglet) (Nouvelle fen\u00eatre)<\/p>\n<\/li>\n<li class=\"social-zone__item\">\n<p>        Partagez sur whatsApp (nouvel onglet) (Nouvelle fen\u00eatre)<\/p>\n<\/li>\n<li class=\"social-zone__item\">\n<p>        Partagez sur facebook (nouvel onglet) (Nouvelle fen\u00eatre)<\/p>\n<\/li>\n<li class=\"social-zone__item\">\n<p>        Partagez par email (Nouvelle fen\u00eatre)<\/p>\n<\/li>\n<li class=\"social-zone__item\">\n<p>        Partagez (Nouvelle fen\u00eatre)<\/p>\n<\/li>\n<\/ul>\n<p class=\"related-tags__title\" role=\"heading\" aria-level=\"2\">les mots-cl\u00e9s associ\u00e9s \u00e0 cet article\n    <\/p>\n","protected":false},"excerpt":{"rendered":"Publi\u00e9 le 28\/06\/2025 10:48 Mis \u00e0 jour le 28\/06\/2025 11:12 Temps de lecture : 1min &#8211; vid\u00e9o :&hellip;\n","protected":false},"author":2,"featured_media":210662,"comment_status":"","ping_status":"","sticky":false,"template":"","format":"standard","meta":{"footnotes":""},"categories":[1587],"tags":[11,672,1804,1805,1803,1777,674,1801,12,1802],"class_list":{"0":"post-210661","1":"post","2":"type-post","3":"status-publish","4":"format-standard","5":"has-post-thumbnail","7":"category-allemagne","8":"tag-actualites","9":"tag-allemagne","10":"tag-bundesrepublik-deutschland","11":"tag-de","12":"tag-deutschland","13":"tag-eu","14":"tag-europe","15":"tag-germany","16":"tag-news","17":"tag-republique-federale-dallemagne"},"share_on_mastodon":{"url":"","error":""},"_links":{"self":[{"href":"https:\/\/www.europesays.com\/fr\/wp-json\/wp\/v2\/posts\/210661","targetHints":{"allow":["GET"]}}],"collection":[{"href":"https:\/\/www.europesays.com\/fr\/wp-json\/wp\/v2\/posts"}],"about":[{"href":"https:\/\/www.europesays.com\/fr\/wp-json\/wp\/v2\/types\/post"}],"author":[{"embeddable":true,"href":"https:\/\/www.europesays.com\/fr\/wp-json\/wp\/v2\/users\/2"}],"replies":[{"embeddable":true,"href":"https:\/\/www.europesays.com\/fr\/wp-json\/wp\/v2\/comments?post=210661"}],"version-history":[{"count":0,"href":"https:\/\/www.europesays.com\/fr\/wp-json\/wp\/v2\/posts\/210661\/revisions"}],"wp:featuredmedia":[{"embeddable":true,"href":"https:\/\/www.europesays.com\/fr\/wp-json\/wp\/v2\/media\/210662"}],"wp:attachment":[{"href":"https:\/\/www.europesays.com\/fr\/wp-json\/wp\/v2\/media?parent=210661"}],"wp:term":[{"taxonomy":"category","embeddable":true,"href":"https:\/\/www.europesays.com\/fr\/wp-json\/wp\/v2\/categories?post=210661"},{"taxonomy":"post_tag","embeddable":true,"href":"https:\/\/www.europesays.com\/fr\/wp-json\/wp\/v2\/tags?post=210661"}],"curies":[{"name":"wp","href":"https:\/\/api.w.org\/{rel}","templated":true}]}}