{"id":210674,"date":"2025-06-28T10:21:13","date_gmt":"2025-06-28T10:21:13","guid":{"rendered":"https:\/\/www.europesays.com\/fr\/210674\/"},"modified":"2025-06-28T10:21:13","modified_gmt":"2025-06-28T10:21:13","slug":"louis-bielle-biarrey-les-tres-lourdes-accusations-contre-lubb","status":"publish","type":"post","link":"https:\/\/www.europesays.com\/fr\/210674\/","title":{"rendered":"Louis Bielle-BIarrey, les tr\u00e8s lourdes accusations contre l\u2019UBB"},"content":{"rendered":"<p><strong>La titularisation attendue de<br \/>\nLouis Bielle-Biarrey, samedi, face au Stade Toulousain malgr\u00e9 ses<br \/>\ndifficult\u00e9s \u00e0 se remettre d\u2019une commotion c\u00e9r\u00e9brale a suscit\u00e9 de<br \/>\ntr\u00e8s vives r\u00e9actions.<\/strong><\/p>\n<p>Son absence, samedi, sur la pelouse\u00a0du Stade de France<br \/>\nsemblait acquise. Insuffisamment remis de la commotion c\u00e9r\u00e9brale<br \/>\nsubie lors du dernier match de la saison r\u00e9guli\u00e8re, Louis<br \/>\nBielle-Biarrey paraissait devoir manquer la finale du Top14 face au<br \/>\nStade Toulousain.<\/p>\n<p>\u00ab\u00a0Je ne suis pas encore totalement remis, donc je<br \/>\nr\u00e9cup\u00e8re tranquillement. Je suis encore un peu juste, mais sinon \u00e7a<br \/>\nva.\u00a0Je suis un peu fatigu\u00e9. Je mets un peu plus de temps que<br \/>\npr\u00e9vu pour r\u00e9cup\u00e9rer de la commotion\u00a0\u00bb, avait lui-m\u00eame<br \/>\nconfi\u00e9 l\u2019int\u00e9ress\u00e9 en marge de la demi-finale face \u00e0 Toulon tandis<br \/>\nque son entourage expliquait que cela allait \u00ab\u00a0\u00eatre<br \/>\ncompliqu\u00e9, voire tr\u00e8s compliqu\u00e9\u00a0\u00bb.<\/p>\n<p>Et le staff technique \u00e9tait sur la m\u00eame ligne, affirmant ne pas<br \/>\nvouloir prendre le moindre risque.\u00a0\u00ab\u00a0Je le trouve<br \/>\nbl\u00eame. Il ne d\u00e9gage pas un \u00e9tat de forme optimal. Louis a<br \/>\n\u00e9norm\u00e9ment donn\u00e9 depuis deux ans. Il vient de f\u00eater ses 22 ans, on<br \/>\nlui demande beaucoup. Les chocs qu\u2019il re\u00e7oit, ce ne sont pas ceux<br \/>\nque re\u00e7oivent Cyril Cazeaux ou Marko Gazzotti. \u00c7a va \u00eatre<br \/>\ncompliqu\u00e9\u00a0\u00bb, avait ainsi expliqu\u00e9 Yannick Bru.<\/p>\n<p>Pourtant, LBB sera bien sur la pelouse du Stade de France pour<br \/>\naffronter Toulouse, samedi soir. L\u2019ailier girondin serait en effet<br \/>\nde nouveau \u00e0 100%. Apr\u00e8s avoir montr\u00e9 de nets progr\u00e8s, mardi, et<br \/>\npass\u00e9 tous les tests demand\u00e9s, il a en effet pu s\u2019entra\u00eener<br \/>\nnormalement, mercredi, lors de la s\u00e9ance effectu\u00e9e \u00e0 haute<br \/>\nintensit\u00e9. Suffisant aux yeux du staff girondin\u2026<\/p>\n<p>\u00ab\u00a0L\u2019UBB envoie un tr\u00e8s mauvais signal\u00a0\u00bb<\/p>\n<p>Mais pour de nombreux observateurs, cette d\u00e9cision est purement<br \/>\nscandaleuse. En t\u00e9moigne le billet d\u2019humeur publi\u00e9 dans les<br \/>\ncolonnes du <a href=\"https:\/\/www.lefigaro.fr\/sports\/rugby\/top-14\/top-14-bielle-biarrey-bleme-et-tres-fatigue-mais-en-finale-20250625\" target=\"_blank\" rel=\"noopener nofollow\">Figaro<\/a> par le journaliste David<br \/>\nReyrat, pour qui \u00ab\u00a0l\u2019UBB envoie un tr\u00e8s mauvais signal sur<br \/>\nla sant\u00e9 des joueurs.\u00a0\u00bb<\/p>\n<p>\u00ab\u00a0Beno\u00eetement, on pensait que son cas \u00e9tait r\u00e9gl\u00e9.<br \/>\nPrincipe de pr\u00e9caution. Pas de finale. Jamais on n\u2019avait imagin\u00e9<br \/>\nque le staff de l\u2019UBB puisse bluffer avec la sant\u00e9 de l\u2019un de ses<br \/>\njoueurs. Car on ne parle pas l\u00e0 d\u2019une entorse plus ou moins vite<br \/>\nsoign\u00e9e ou d\u2019une douleur aux c\u00f4tes. Non, il s\u2019agit d\u2019une commotion<br \/>\nc\u00e9r\u00e9brale. L\u2019ennemi jur\u00e9 des rugbymen. Une atteinte \u00e0 l\u2019int\u00e9grit\u00e9<br \/>\nphysique, un mal tapi dans le cerveau dont on commence seulement \u00e0<br \/>\nmesurer les cons\u00e9quences que cela peut engendrer des ann\u00e9es plus<br \/>\ntard\u00a0\u00bb, \u00a0a-t-il \u00e9crit, \u00e9voquant \u00ab\u00a0un go\u00fbt<br \/>\namer en bouche \u00bb apr\u00e8s l\u2019annonce de son r\u00e9tablissement.<\/p>\n","protected":false},"excerpt":{"rendered":"La titularisation attendue de Louis Bielle-Biarrey, samedi, face au Stade Toulousain malgr\u00e9 ses difficult\u00e9s \u00e0 se remettre d\u2019une&hellip;\n","protected":false},"author":2,"featured_media":210675,"comment_status":"","ping_status":"","sticky":false,"template":"","format":"standard","meta":{"footnotes":""},"categories":[1416],"tags":[1011,27,479,1468,60],"class_list":{"0":"post-210674","1":"post","2":"type-post","3":"status-publish","4":"format-standard","5":"has-post-thumbnail","7":"category-rugby","8":"tag-fr","9":"tag-france","10":"tag-rugby","11":"tag-rugby-football","12":"tag-sports"},"share_on_mastodon":{"url":"","error":""},"_links":{"self":[{"href":"https:\/\/www.europesays.com\/fr\/wp-json\/wp\/v2\/posts\/210674","targetHints":{"allow":["GET"]}}],"collection":[{"href":"https:\/\/www.europesays.com\/fr\/wp-json\/wp\/v2\/posts"}],"about":[{"href":"https:\/\/www.europesays.com\/fr\/wp-json\/wp\/v2\/types\/post"}],"author":[{"embeddable":true,"href":"https:\/\/www.europesays.com\/fr\/wp-json\/wp\/v2\/users\/2"}],"replies":[{"embeddable":true,"href":"https:\/\/www.europesays.com\/fr\/wp-json\/wp\/v2\/comments?post=210674"}],"version-history":[{"count":0,"href":"https:\/\/www.europesays.com\/fr\/wp-json\/wp\/v2\/posts\/210674\/revisions"}],"wp:featuredmedia":[{"embeddable":true,"href":"https:\/\/www.europesays.com\/fr\/wp-json\/wp\/v2\/media\/210675"}],"wp:attachment":[{"href":"https:\/\/www.europesays.com\/fr\/wp-json\/wp\/v2\/media?parent=210674"}],"wp:term":[{"taxonomy":"category","embeddable":true,"href":"https:\/\/www.europesays.com\/fr\/wp-json\/wp\/v2\/categories?post=210674"},{"taxonomy":"post_tag","embeddable":true,"href":"https:\/\/www.europesays.com\/fr\/wp-json\/wp\/v2\/tags?post=210674"}],"curies":[{"name":"wp","href":"https:\/\/api.w.org\/{rel}","templated":true}]}}