{"id":210688,"date":"2025-06-28T10:29:16","date_gmt":"2025-06-28T10:29:16","guid":{"rendered":"https:\/\/www.europesays.com\/fr\/210688\/"},"modified":"2025-06-28T10:29:16","modified_gmt":"2025-06-28T10:29:16","slug":"lexposition-tres-spectaculaire-est-lancee-a-aix-en-provence","status":"publish","type":"post","link":"https:\/\/www.europesays.com\/fr\/210688\/","title":{"rendered":"l&rsquo;exposition \u00ab\u00a0tr\u00e8s spectaculaire\u00a0\u00bb est lanc\u00e9e \u00e0 Aix-en-Provence"},"content":{"rendered":"<p>C&rsquo;est le grand jour. D\u00e8s neuf heures, ce matin, les visiteurs vont pouvoir d\u00e9couvrir l&rsquo;exposition \u00ab\u00a0Cezanne au Jas de Bouffan\u00a0\u00bb. Pour ce grand rendez-vous orchestr\u00e9 par le <a href=\"https:\/\/www.laprovence.com\/article\/region\/8269561337012114\/environ-1-500-personnes-ont-assiste-au-vernissage-de-lexposition-cezanne-au-jas-de-bouffan-au-musee-granet\" target=\"_blank\" rel=\"nofollow noopener\">mus\u00e9e Granet<\/a>, 135 \u0153uvres sont accroch\u00e9es aux cimaises, r\u00e9parties en huit sections chronologiques et th\u00e9matiques.<\/p>\n<p>L&rsquo;expo est riche, foisonnante. Elle d\u00e9marre pied au plancher, avec, apr\u00e8s l&rsquo;\u00e9cole de dessin en introduction, la reconstitution du grand salon. 70% des \u0153uvres qui le d\u00e9coraient ont pu \u00eatre rapatri\u00e9es \u00e0 Aix par le mus\u00e9e Granet. Un premier morceau de bravoure, donc, appr\u00e9ci\u00e9 \u00e0 sa juste mesure par Sylvain Amic,<strong> <\/strong>pr\u00e9sident de l&rsquo;\u00e9tablissement public du mus\u00e9e d&rsquo;Orsay et du mus\u00e9e de l&rsquo;Orangerie. \u00ab\u00a0La reconstitution du grand salon est bluffante\u00a0\u00bb, l\u00e2che-t-il, alors qu&rsquo;il \u00e9tait invit\u00e9, comme tous les pr\u00eateurs, \u00e0 d\u00e9couvrir ce \u00ab\u00a0Cezanne au Jas de Bouffan\u00a0\u00bb.<\/p>\n<p>\u00ab\u00a0Le g\u00e9nie de Cezanne\u00a0\u00bb<\/p>\n<p>\u00ab\u00a0L&rsquo;exposition est tr\u00e8s spectaculaire\u00a0\u00bb, encha\u00eene-t-il quand on lui demande son avis sur la qualit\u00e9 de la proposition de Granet. \u00ab\u00a0Chaque salle th\u00e9matique est une r\u00e9ussite, il y a un propos, une qualit\u00e9 d&rsquo;accrochage. L&rsquo;exposition est extr\u00eamement bien construite et il y a des pr\u00eats fabuleux\u00a0\u00bb, estime Sylvain Amic, dont l&rsquo;\u00e9tablissement a pr\u00eat\u00e9 des toiles iconiques, avec <a href=\"https:\/\/www.laprovence.com\/article\/region\/39245989343380\/les-joueurs-de-cartes-le-chef-doeuvre-de-paul-cezanne-sera-visible-a-aix-en-2025\" target=\"_blank\" rel=\"nofollow noopener\">Les joueurs de cartes<\/a> ou\u00a0La femme \u00e0 la cafeti\u00e8re. Mais aussi\u00a0La table de cuisine, qui se trouve dans une salle d\u00e9di\u00e9e aux natures mortes qu&rsquo;il juge tout simplement \u00ab\u00a0g\u00e9niale\u00a0\u00bb.<\/p>\n<p>Cette Table de cuisine, \u00ab\u00a0elle nous frappe parce qu&rsquo;il y a toutes les dimensions originales, in\u00e9dites et singuli\u00e8res de Cezanne. Il y a l\u00e0 la pluralit\u00e9 des points de vue, le pot \u00e0 gingembre et le sucrier sont pris de points de vue diff\u00e9rents, comme si Cezanne s&rsquo;\u00e9tait d\u00e9plac\u00e9 au moment de peindre, explique Bruno \u00c9ly, directeur du mus\u00e9e Granet. Cette pluralit\u00e9 des points de vue est importante, parce que le cubisme va s&rsquo;en emparer. Ce qui est encore particulier, c&rsquo;est l&rsquo;irr\u00e9gularit\u00e9, le rebord de la table ne se poursuit pas de la m\u00eame mani\u00e8re d&rsquo;un c\u00f4t\u00e9 et de l&rsquo;autre du linge.\u00a0\u00bb Dans cette autre nature morte, on se demande comment les cerises tiennent dans cette assiette pench\u00e9e. \u00ab\u00a0Mais Cezanne construit une forme de stabilit\u00e9 par une s\u00e9rie d&rsquo;instabilit\u00e9s\u00a0\u00bb, consid\u00e8re Bruno \u00c9ly.<\/p>\n<p>Le Jas en fil rouge<\/p>\n<p>C&rsquo;est que le peintre, quand il travaillait comme cela sur un th\u00e8me f\u00e9tiche, est du genre jusqu&rsquo;au-boutiste. \u00ab\u00a0Il ne va pas chercher loin ses sujets, il va tourner autour des m\u00eames motifs\u00a0\u00bb, souligne <a href=\"https:\/\/www.laprovence.com\/article\/region\/11525677479116\/aix-en-provence-un-centre-d-art-photographique-dans-le-centre-ville-pour-sauvegarder-le-fonds-ely\" target=\"_blank\" rel=\"nofollow noopener\">Bruno \u00c9ly<\/a>. Pour l&rsquo;all\u00e9e des marronniers par exemple, il va travailler sur l&rsquo;axe Nord-Sud, puis sur un point de vue lat\u00e9ral. \u00ab\u00a0Il tourne autour\u00a0d&rsquo;un sujet, il cherche toujours, r\u00e9p\u00e8te souvent les points de vue, comme ses natures mortes ont toujours les m\u00eames objets. Comme avec ses baigneurs-baigneuses o\u00f9 il prend toujours les m\u00eames postures et attitudes. Et pourtant il arrive chaque fois \u00e0 faire une peinture diff\u00e9rente. C&rsquo;est le g\u00e9nie de Cezanne\u00a0\u00bb, observe le directeur du mus\u00e9e.<\/p>\n<p>Et c&rsquo;est au Jas de Bouffan qu&rsquo;il s&rsquo;est lanc\u00e9 dans toutes ses exp\u00e9rimentations. \u00ab\u00a0Le fil rouge, c&rsquo;est le Jas et c&rsquo;est quelque chose qui n&rsquo;avait jamais \u00e9t\u00e9 mis en \u00e9vidence. Ses portraits, ses natures mortes, tout cela a \u00e9t\u00e9 fait au Jas. Et nous, au mus\u00e9e d&rsquo;Orsay, on est tr\u00e8s fier d&rsquo;avoir contribu\u00e9 \u00e0 cette lecture\u00a0\u00bb, remarque Sylvain Amic. Qui confie, au passage, que Cezanne sera au centre d&rsquo;une grande exposition \u00e0 l&rsquo;automne\u00a02026 au Grand palais, \u00e0 Paris, ouverte sur les artistes qui l&rsquo;ont suivi, sous le commissariat conjoint du mus\u00e9e d&rsquo;Orsay-Orangerie et du Centre Pompidou.<\/p>\n<p><strong>\u00ab\u00a0Cezanne au Jas de Bouffan, du 28 juin au 12 octobre au mus\u00e9e Granet. Renseignements et r\u00e9servations <a href=\"https:\/\/cezanne2025.com\/\" target=\"_blank\" rel=\"nofollow noopener\">ici<\/a>.<\/strong><\/p>\n","protected":false},"excerpt":{"rendered":"C&rsquo;est le grand jour. D\u00e8s neuf heures, ce matin, les visiteurs vont pouvoir d\u00e9couvrir l&rsquo;exposition \u00ab\u00a0Cezanne au Jas&hellip;\n","protected":false},"author":2,"featured_media":210689,"comment_status":"","ping_status":"","sticky":false,"template":"","format":"standard","meta":{"footnotes":""},"categories":[1358],"tags":[17,1348,1384,1385,35017,5649,251,1386,58,59,932,1011,27,35016,28519,35018,933],"class_list":{"0":"post-210688","1":"post","2":"type-post","3":"status-publish","4":"format-standard","5":"has-post-thumbnail","7":"category-arts-et-design","8":"tag-17","9":"tag-arts","10":"tag-arts-and-design","11":"tag-arts-et-design","12":"tag-bouffan","13":"tag-cezanne","14":"tag-culture","15":"tag-design","16":"tag-divertissement","17":"tag-entertainment","18":"tag-est","19":"tag-fr","20":"tag-france","21":"tag-jas","22":"tag-lexposition","23":"tag-spectaculaire","24":"tag-tres"},"share_on_mastodon":{"url":"","error":""},"_links":{"self":[{"href":"https:\/\/www.europesays.com\/fr\/wp-json\/wp\/v2\/posts\/210688","targetHints":{"allow":["GET"]}}],"collection":[{"href":"https:\/\/www.europesays.com\/fr\/wp-json\/wp\/v2\/posts"}],"about":[{"href":"https:\/\/www.europesays.com\/fr\/wp-json\/wp\/v2\/types\/post"}],"author":[{"embeddable":true,"href":"https:\/\/www.europesays.com\/fr\/wp-json\/wp\/v2\/users\/2"}],"replies":[{"embeddable":true,"href":"https:\/\/www.europesays.com\/fr\/wp-json\/wp\/v2\/comments?post=210688"}],"version-history":[{"count":0,"href":"https:\/\/www.europesays.com\/fr\/wp-json\/wp\/v2\/posts\/210688\/revisions"}],"wp:featuredmedia":[{"embeddable":true,"href":"https:\/\/www.europesays.com\/fr\/wp-json\/wp\/v2\/media\/210689"}],"wp:attachment":[{"href":"https:\/\/www.europesays.com\/fr\/wp-json\/wp\/v2\/media?parent=210688"}],"wp:term":[{"taxonomy":"category","embeddable":true,"href":"https:\/\/www.europesays.com\/fr\/wp-json\/wp\/v2\/categories?post=210688"},{"taxonomy":"post_tag","embeddable":true,"href":"https:\/\/www.europesays.com\/fr\/wp-json\/wp\/v2\/tags?post=210688"}],"curies":[{"name":"wp","href":"https:\/\/api.w.org\/{rel}","templated":true}]}}