{"id":210690,"date":"2025-06-28T10:30:10","date_gmt":"2025-06-28T10:30:10","guid":{"rendered":"https:\/\/www.europesays.com\/fr\/210690\/"},"modified":"2025-06-28T10:30:10","modified_gmt":"2025-06-28T10:30:10","slug":"les-10-livres-coups-de-coeur-pour-cet-ete-selectionnes-par-le-figaro-magazine","status":"publish","type":"post","link":"https:\/\/www.europesays.com\/fr\/210690\/","title":{"rendered":"Les 10 livres coups de c\u0153ur pour cet \u00e9t\u00e9 s\u00e9lectionn\u00e9s par Le Figaro Magazine"},"content":{"rendered":"<p>            <a href=\"https:\/\/www.lefigaro.fr\/livres\/publie-plus-de-90-ans-apres-sa-redaction-un-livre-sur-la-montee-du-nazisme-s-impose-en-tete-des-ventes-en-allemagne-20250625\" class=\"fig-ranking-profile-link\" data-fig-domain=\"LEFIGARO\" target=\"_blank\" rel=\"noopener\"><\/p>\n<p>        Publi\u00e9 plus de 90 ans apr\u00e8s sa r\u00e9daction, un livre sur la mont\u00e9e du nazisme s\u2019impose en t\u00eate des ventes en Allemagne<\/p>\n<p>                                                                        <\/a><\/p>\n<p>        <img   class=\"fig-img fig-ranking-profile-media-small-picture__photo\" alt=\"Publi\u00e9 plus de 90 ans apr\u00e8s sa r\u00e9daction, un livre sur la mont\u00e9e du nazisme s\u2019impose en t\u00eate des ventes en Allemagne\" height=\"1064\" width=\"1893\"\/><\/p>\n<p class=\"fig-ranking-profile-standfirst\">\n    Abschied du journaliste allemand Sebastian Haffner a \u00e9t\u00e9 \u00e9crit en 1932 mais n\u2019avait jamais encore \u00e9t\u00e9 publi\u00e9. La famille a retrouv\u00e9 le r\u00e9cit sur le bureau de l\u2019\u00e9crivain disparu en 1999 et a d\u00e9cid\u00e9, apr\u00e8s maintes r\u00e9flexions, de le d\u00e9voiler au monde.\n<\/p>\n<p>            <a href=\"https:\/\/www.lefigaro.fr\/culture\/a-hongkong-madeline-progin-sentinelle-de-la-litterature-francophone-fait-de-la-resistance-20250625\" class=\"fig-ranking-profile-link\" aria-label=\"\u00c0 Hongkong, Madeline Progin, sentinelle de la litt\u00e9rature francophone, fait de la r\u00e9sistance (article Premium)\" title=\"\u00c0 Hongkong, Madeline Progin, sentinelle de la litt\u00e9rature francophone, fait de la r\u00e9sistance (article Premium)\" data-fig-domain=\"LEFIGARO\" target=\"_blank\" rel=\"noopener\"><\/p>\n<p>        \u00c0 Hongkong, Madeline Progin, sentinelle de la litt\u00e9rature francophone, fait de la r\u00e9sistance<\/p>\n<p>                                                                        <\/a><\/p>\n<p>        <img   class=\"fig-img fig-ranking-profile-media-small-picture__photo\" alt=\"\u00c0 Hongkong, Madeline Progin, sentinelle de la litt\u00e9rature francophone, fait de la r\u00e9sistance\" height=\"1664\" width=\"2959\"\/><\/p>\n<p class=\"fig-ranking-profile-standfirst\">\n    <strong>PORTRAIT &#8211; <\/strong>\u00c0 12.000\u00a0km de Paris, la fondatrice de Parenth\u00e8se, une librairie unique en son genre, continue d\u2019ouvrir au nom de la d\u00e9fense de la litt\u00e9rature fran\u00e7aise.\n<\/p>\n<p>            <a href=\"https:\/\/www.lefigaro.fr\/livres\/claude-comptait-sur-moi-monique-levi-strauss-memoire-vive-du-siecle-des-intellectuels-20250627\" class=\"fig-ranking-profile-link\" aria-label=\"\u00abClaude comptait sur moi\u00bb\u00a0: Monique L\u00e9vi-Strauss, m\u00e9moire vive du si\u00e8cle des intellectuels (article Premium)\" title=\"\u00abClaude comptait sur moi\u00bb\u00a0: Monique L\u00e9vi-Strauss, m\u00e9moire vive du si\u00e8cle des intellectuels (article Premium)\" data-fig-domain=\"LEFIGARO\" target=\"_blank\" rel=\"noopener\"><\/p>\n<p>        \u00abClaude comptait sur moi\u00bb\u00a0: Monique L\u00e9vi-Strauss, m\u00e9moire vive du si\u00e8cle des intellectuels<\/p>\n<p>                                                                        <\/a><\/p>\n<p>        <img   class=\"fig-img fig-ranking-profile-media-small-picture__photo\" alt=\"\u00abClaude comptait sur moi\u00bb\u00a0: Monique L\u00e9vi-Strauss, m\u00e9moire vive du si\u00e8cle des intellectuels\" height=\"1687\" width=\"2999\"\/><\/p>\n<p class=\"fig-ranking-profile-standfirst\">\n    <strong>RENCONTRE<\/strong> &#8211; Elle a v\u00e9cu soixante ans aupr\u00e8s de Claude L\u00e9vi-Strauss, le p\u00e8re du structuralisme\u2026 et de leur fils Matthieu. Dans un livre co\u00e9crit avec l\u2019acad\u00e9micien Marc Lambron, J\u2019ai choisi la vie (Plon), elle t\u00e9moigne de cette vie hors du commun.<\/p>\n","protected":false},"excerpt":{"rendered":"Publi\u00e9 plus de 90 ans apr\u00e8s sa r\u00e9daction, un livre sur la mont\u00e9e du nazisme s\u2019impose en t\u00eate&hellip;\n","protected":false},"author":2,"featured_media":210691,"comment_status":"","ping_status":"","sticky":false,"template":"","format":"standard","meta":{"footnotes":""},"categories":[1357],"tags":[2008,2007,1379,58,2005,2006,59,1011,27,1351,2003,1380,2009,2004,1479],"class_list":{"0":"post-210690","1":"post","2":"type-post","3":"status-publish","4":"format-standard","5":"has-post-thumbnail","7":"category-livres","8":"tag-autobiographies","9":"tag-biographies","10":"tag-books","11":"tag-divertissement","12":"tag-ecrivain","13":"tag-ecrivains","14":"tag-entertainment","15":"tag-fr","16":"tag-france","17":"tag-litterature","18":"tag-livre","19":"tag-livres","20":"tag-oeuvre","21":"tag-roman","22":"tag-romans"},"share_on_mastodon":{"url":"","error":""},"_links":{"self":[{"href":"https:\/\/www.europesays.com\/fr\/wp-json\/wp\/v2\/posts\/210690","targetHints":{"allow":["GET"]}}],"collection":[{"href":"https:\/\/www.europesays.com\/fr\/wp-json\/wp\/v2\/posts"}],"about":[{"href":"https:\/\/www.europesays.com\/fr\/wp-json\/wp\/v2\/types\/post"}],"author":[{"embeddable":true,"href":"https:\/\/www.europesays.com\/fr\/wp-json\/wp\/v2\/users\/2"}],"replies":[{"embeddable":true,"href":"https:\/\/www.europesays.com\/fr\/wp-json\/wp\/v2\/comments?post=210690"}],"version-history":[{"count":0,"href":"https:\/\/www.europesays.com\/fr\/wp-json\/wp\/v2\/posts\/210690\/revisions"}],"wp:featuredmedia":[{"embeddable":true,"href":"https:\/\/www.europesays.com\/fr\/wp-json\/wp\/v2\/media\/210691"}],"wp:attachment":[{"href":"https:\/\/www.europesays.com\/fr\/wp-json\/wp\/v2\/media?parent=210690"}],"wp:term":[{"taxonomy":"category","embeddable":true,"href":"https:\/\/www.europesays.com\/fr\/wp-json\/wp\/v2\/categories?post=210690"},{"taxonomy":"post_tag","embeddable":true,"href":"https:\/\/www.europesays.com\/fr\/wp-json\/wp\/v2\/tags?post=210690"}],"curies":[{"name":"wp","href":"https:\/\/api.w.org\/{rel}","templated":true}]}}