{"id":210695,"date":"2025-06-28T10:33:09","date_gmt":"2025-06-28T10:33:09","guid":{"rendered":"https:\/\/www.europesays.com\/fr\/210695\/"},"modified":"2025-06-28T10:33:09","modified_gmt":"2025-06-28T10:33:09","slug":"fete-du-cinema-nos-dix-coups-de-coeur-a-rattraper-en-salles-a-5-euros-la-seance","status":"publish","type":"post","link":"https:\/\/www.europesays.com\/fr\/210695\/","title":{"rendered":"F\u00eate du cin\u00e9ma\u00a0: nos dix coups de c\u0153ur \u00e0 rattraper en salles \u00e0 5\u00a0euros la s\u00e9ance"},"content":{"rendered":"<p class=\"paragraph text_align_left lp-f-body-02\">Il n\u2019y a pas que \u00ab Mission : Impossible &#8211; The Final Reckoning \u00bb et <a href=\"https:\/\/www.leparisien.fr\/culture-loisirs\/cinema\/lilo-et-stitch-demarre-plus-fort-en-salles-que-le-dernier-mission-impossible-22-05-2025-K2CWQ2Q6OZFEPN7JFYBM7J4T5I.php\" target=\"_blank\" rel=\"noreferrer nofollow noopener\">\u00ab Lilo et Stitch \u00bb<\/a> \u00e0 voir en salles en ce moment ! Alors que la F\u00eate du cin\u00e9ma se d\u00e9roule \u00e0 partir de ce dimanche 29 juin et jusqu\u2019au mercredi 2 juillet (toutes les s\u00e9ances seront \u00e0 5 euros), nous avons s\u00e9lectionn\u00e9 nos dix coups de c\u0153ur.<\/p>\n<p>\u00ab 13 jours 13 nuits \u00bb de Martin Bourboulon<\/p>\n<p class=\"paragraph text_align_left lp-f-body-02\"><a href=\"https:\/\/www.leparisien.fr\/culture-loisirs\/cinema\/proteger-les-gens-cest-le-coeur-de-notre-engagement-le-superheros-de-13-jours-13-nuits-cest-lui-27-06-2025-TWWB7DRJ2RAMJLACNTYYA3HA5Q.php\" target=\"_blank\" rel=\"noreferrer nofollow noopener\">\u00ab 13 jours 13 nuits \u00bb<\/a> se d\u00e9roule en ao\u00fbt 2021, lorsque les talibans ont repris le pouvoir en Afghanistan. Il raconte comment <a href=\"https:\/\/www.leparisien.fr\/essonne-91\/evacuation-de-laeroport-de-kaboul-prise-de-pouvoir-des-talibans-lenfer-afghan-le-recit-haletant-du-policier-mohamed-bida-29-09-2022-XCR4OFUTEJHEXCAZPIGF4ZFURE.php\" target=\"_blank\" rel=\"noreferrer nofollow noopener\">Mohamed Bida, chef de la s\u00e9curit\u00e9 de l\u2019ambassade de France \u00e0 Kaboul<\/a>, a d\u00e9cid\u00e9 de sauver la foule qui s\u2019agglutinait devant le b\u00e2timent.<\/p>\n<p class=\"paragraph text_align_left lp-f-body-02\">Un film haletant, qui parle aussi de responsabilit\u00e9 et d\u2019empathie.<\/p>\n<p>\u00ab F 1 le film \u00bb de Joseph Kosinski<\/p>\n<p class=\"paragraph text_align_left lp-f-body-02\">Sonny Hayes, ex-prodige des circuits, fait son retour au volant d\u2019un bolide trente ans apr\u00e8s un terrible accident, au c\u00f4t\u00e9 de Joshua, un jeune talent prometteur\u2026<\/p>\n<p class=\"paragraph text_align_left lp-f-body-02\">Dans <a href=\"https:\/\/www.leparisien.fr\/culture-loisirs\/cinema\/f-1-avec-brad-pitt-le-film-qui-place-le-spectateur-a-la-place-des-pilotes-25-06-2025-2752UUHKEBGOBKKQY565R5F7CI.php\" target=\"_blank\" rel=\"noreferrer nofollow noopener\">ce film men\u00e9 \u00e0 300 \u00e0 l\u2019heure<\/a> et travers\u00e9 par une histoire d\u2019amour p\u00e9tillante, Brad Pitt offre un fabuleux num\u00e9ro. Un long-m\u00e9trage qui rappelle le cin\u00e9ma am\u00e9ricain grand public des ann\u00e9es 1990.<\/p>\n<p>\u00ab Am\u00e9lie et la M\u00e9taphysique des tubes \u00bb de Mailys Vallade et Liane-Cho Han<\/p>\n<p class=\"paragraph text_align_left lp-f-body-02\">Adapt\u00e9 du roman autobiographique d\u2019Am\u00e9lie Nothomb sur son enfance au Japon, ce film d\u2019animation tire sa force d\u2019<a href=\"https:\/\/www.leparisien.fr\/culture-loisirs\/cinema\/amelie-et-la-metaphysique-des-tubes-cette-adaptation-du-roman-de-nothomb-est-un-feu-dartifice-visuel-24-06-2025-UZWRIPPKSNHRFCWHE7MV6ILIYM.php\" target=\"_blank\" rel=\"noreferrer nofollow noopener\">une mise en sc\u00e8ne inventive<\/a> et d\u2019un r\u00e9cit incroyable, celui d\u2019une petite fille mutique qui va soudainement d\u00e9border d\u2019\u00e9nergie et de curiosit\u00e9.<\/p>\n<p class=\"paragraph text_align_left lp-f-body-02\">Avec sa charte graphique tr\u00e8s color\u00e9e, cette \u0153uvre est d\u2019une beaut\u00e9 \u00e0 couper le souffle.<\/p>\n<p>\u00ab M3gan 2.0 \u00bb de Gerard Johnstone<\/p>\n<p class=\"paragraph text_align_left lp-f-body-02\">Deux ans se sont \u00e9coul\u00e9s depuis la d\u00e9faite de Megan, <a href=\"https:\/\/www.leparisien.fr\/culture-loisirs\/cinema\/m3gan-20-deux-ans-apres-le-retour-de-la-poupee-tueuse-au-cinema-24-06-2025-OXHE6OXQMBGA5ASDYYQ4HNKV7I.php\" target=\"_blank\" rel=\"noreferrer nofollow noopener\">la poup\u00e9e munie d\u2019une intelligence artificielle<\/a> qui, pour prot\u00e9ger sa propri\u00e9taire, l\u2019orpheline Cady, \u00e9tait pr\u00eate \u00e0 tuer tous ceux qui s\u2019opposaient \u00e0 elle.<\/p>\n<p class=\"paragraph text_align_left lp-f-body-02\">Cette fois-ci, Cady a grandi et un avatar militaire de Megan inqui\u00e8te les services secrets\u2026 Ce long-m\u00e9trage ajoute un vernis f\u00e9ministe pas d\u00e9plaisant sur son action quasi incessante.<\/p>\n<p>\u00ab Enzo \u00bb de Laurent Cantet<\/p>\n<p class=\"paragraph text_align_left lp-f-body-02\">Imagin\u00e9 par <a href=\"https:\/\/www.leparisien.fr\/culture-loisirs\/cinema\/festival-de-cannes\/festival-de-cannes-2025-comment-robin-campillo-a-termine-le-film-de-son-ami-laurent-cantet-apres-sa-mort-14-05-2025-HGJN3KMKJ5GZ7IDSY5TBUI5GRI.php\" target=\"_blank\" rel=\"noreferrer nofollow noopener\">Laurent Cantet<\/a> et r\u00e9alis\u00e9 par Robin Campillo apr\u00e8s la mort du cin\u00e9aste, \u00ab Enzo \u00bb brosse le portrait sensible et sensuel d\u2019un adolescent de 16 ans.<\/p>\n<p class=\"paragraph text_align_left lp-f-body-02\">Enzo a grandi dans une famille ais\u00e9e, intello et aimante. Mais c\u2019est aupr\u00e8s de Vladimir, un ouvrier ukrainien qu\u2019il rencontre sur un chantier de ma\u00e7onnerie, qu\u2019il va se sentir enfin \u00e0 sa place. Et br\u00fbler de s\u2019\u00e9manciper.<\/p>\n<p>\u00ab Elio \u00bb de Madeline Sharafian, Domee Shi et Adrian Molina<\/p>\n<p class=\"paragraph text_align_left lp-f-body-02\">Un gamin, dont les parents, astronautes, viennent de d\u00e9c\u00e9der, est depuis \u00e9lev\u00e9 par sa jeune tante, qui vit sur le campus de la Nasa pour se former aux voyages spatiaux.<\/p>\n<p class=\"paragraph text_align_left lp-f-body-02\"><a href=\"https:\/\/www.leparisien.fr\/culture-loisirs\/cinema\/elio-comment-est-nee-cette-pepite-extraterrestre-drole-et-emouvante-des-studios-pixar-18-06-2025-IIVGUJN5JNANBESYU4GDSWLMMU.php\" target=\"_blank\" rel=\"noreferrer nofollow noopener\">Elio<\/a> ne r\u00eave que d\u2019une chose : que des aliens l\u2019enl\u00e8vent\u2026 Cette nouvelle production des studios Pixar est bourr\u00e9e d\u2019humour, d\u2019\u00e9motion et de po\u00e9sie.<\/p>\n<p>\u00ab Avignon \u00bb de Johann Dionnet<\/p>\n<p class=\"paragraph text_align_left lp-f-body-02\">Cette com\u00e9die nous entra\u00eene dans la vie d\u2019une troupe de com\u00e9diens qui se rend dans la Cit\u00e9 des Papes pour pr\u00e9senter une pi\u00e8ce de boulevard. Pour plaire \u00e0 une autre actrice, St\u00e9phane, com\u00e9dien en gal\u00e8re, invente un gros mensonge\u2026<\/p>\n<p class=\"paragraph text_align_left lp-f-body-02\"><a href=\"https:\/\/www.leparisien.fr\/culture-loisirs\/cinema\/ce-film-est-un-miracle-avec-avignon-johann-dionnet-grand-vainqueur-du-festival-de-lalpe-dhuez-19-01-2025-AYVEOD6PTFGTPLSX7NTH5QOQEI.php\" target=\"_blank\" rel=\"noreferrer nofollow noopener\">Cette histoire d\u2019amour pleine de charme fait un bien fou<\/a>. On adore son ton grin\u00e7ant et cette bande de copains solidaires face aux coups durs.<\/p>\n<p>\u00ab 28 Ans plus tard \u00bb de Danny Boyle<\/p>\n<p class=\"paragraph text_align_left lp-f-body-02\">Vingt-trois ans apr\u00e8s le volet originel, \u00ab 28 Jours plus tard \u00bb, voici enfin <a href=\"https:\/\/www.leparisien.fr\/culture-loisirs\/cinema\/danny-boyle-realisateur-de-28-ans-plus-tard-le-brexit-nous-a-inspires-17-06-2025-GI7Y6HAL4ZFDHPOTXJ5K4FMFFI.php\" target=\"_blank\" rel=\"noreferrer nofollow noopener\">le troisi\u00e8me volet de la saga apocalyptique<\/a> imagin\u00e9e par le r\u00e9alisateur Danny Boyle et le sc\u00e9nariste Alex Garland.<\/p>\n<p class=\"paragraph text_align_left lp-f-body-02\">Deux pointures qui reviennent aux commandes pour livrer un nouvel \u00e9pisode haut de gamme. Plus qu\u2019une banale suite, les deux hommes livrent un film brut et bourr\u00e9 de suspense, film\u00e9 \u00e0 l\u2019iPhone.<\/p>\n<p>\u00ab Dragons \u00bb de Dean DeBlois<\/p>\n<p class=\"paragraph text_align_left lp-f-body-02\">Au temps des Vikings, alors qu\u2019humains et dragons s\u2019affrontent depuis toujours, le jeune Harold se lie d\u2019amiti\u00e9 avec un dragon qu\u2019il va apprivoiser.<\/p>\n<p class=\"paragraph text_align_left lp-f-body-02\"><a href=\"https:\/\/www.leparisien.fr\/culture-loisirs\/cinema\/encore-mieux-que-ce-que-jimaginais-le-realisateur-de-dragons-devoile-les-defis-de-ladaptation-en-images-reelles-11-06-2025-ACUDGLZBCRDZFLA2OLV5GPXOJE.php\" target=\"_blank\" rel=\"noreferrer nofollow noopener\">Ce remake en images r\u00e9elles<\/a> du film d\u2019animation sorti en 2010 s\u2019av\u00e8re une r\u00e9ussite totale : les sc\u00e8nes a\u00e9riennes offrent des d\u00e9cors naturels somptueux et les dragons num\u00e9riques anim\u00e9s s\u2019int\u00e8grent parfaitement dans les images r\u00e9elles.<\/p>\n<p>\u00ab Life of Chuck \u00bb de Mike Flanagan<\/p>\n<p class=\"paragraph text_align_left lp-f-body-02\">Proviseur d\u2019un lyc\u00e9e, Marty Anderson est intrigu\u00e9 par des publicit\u00e9s remerciant <a href=\"https:\/\/www.leparisien.fr\/culture-loisirs\/cinema\/the-life-of-chuck-dapres-stephen-king-mais-loin-de-lhorreur-11-06-2025-CLCT3XZC4NFQTC25QYD2QM4WHU.php\" target=\"_blank\" rel=\"noreferrer nofollow noopener\">un certain Chuck<\/a>. Alors que les catastrophes et les trag\u00e9dies se multiplient \u00e0 travers le monde, il m\u00e8ne son enqu\u00eate sur ce myst\u00e9rieux personnage que personne ne semble conna\u00eetre\u2026<\/p>\n<p class=\"paragraph text_align_left lp-f-body-02\">Adapt\u00e9 d\u2019un roman de Stephen King, ce r\u00e9cit alambiqu\u00e9 et philosophique se r\u00e9v\u00e8le plein d\u2019\u00e9motion et de compassion.<\/p>\n","protected":false},"excerpt":{"rendered":"Il n\u2019y a pas que \u00ab Mission : Impossible &#8211; The Final Reckoning \u00bb et \u00ab Lilo et&hellip;\n","protected":false},"author":2,"featured_media":210696,"comment_status":"","ping_status":"","sticky":false,"template":"","format":"standard","meta":{"footnotes":""},"categories":[1354],"tags":[872,58,59,1346,1011,27,1360],"class_list":{"0":"post-210695","1":"post","2":"type-post","3":"status-publish","4":"format-standard","5":"has-post-thumbnail","7":"category-films","8":"tag-culture-et-loisirs","9":"tag-divertissement","10":"tag-entertainment","11":"tag-films","12":"tag-fr","13":"tag-france","14":"tag-movies"},"share_on_mastodon":{"url":"","error":""},"_links":{"self":[{"href":"https:\/\/www.europesays.com\/fr\/wp-json\/wp\/v2\/posts\/210695","targetHints":{"allow":["GET"]}}],"collection":[{"href":"https:\/\/www.europesays.com\/fr\/wp-json\/wp\/v2\/posts"}],"about":[{"href":"https:\/\/www.europesays.com\/fr\/wp-json\/wp\/v2\/types\/post"}],"author":[{"embeddable":true,"href":"https:\/\/www.europesays.com\/fr\/wp-json\/wp\/v2\/users\/2"}],"replies":[{"embeddable":true,"href":"https:\/\/www.europesays.com\/fr\/wp-json\/wp\/v2\/comments?post=210695"}],"version-history":[{"count":0,"href":"https:\/\/www.europesays.com\/fr\/wp-json\/wp\/v2\/posts\/210695\/revisions"}],"wp:featuredmedia":[{"embeddable":true,"href":"https:\/\/www.europesays.com\/fr\/wp-json\/wp\/v2\/media\/210696"}],"wp:attachment":[{"href":"https:\/\/www.europesays.com\/fr\/wp-json\/wp\/v2\/media?parent=210695"}],"wp:term":[{"taxonomy":"category","embeddable":true,"href":"https:\/\/www.europesays.com\/fr\/wp-json\/wp\/v2\/categories?post=210695"},{"taxonomy":"post_tag","embeddable":true,"href":"https:\/\/www.europesays.com\/fr\/wp-json\/wp\/v2\/tags?post=210695"}],"curies":[{"name":"wp","href":"https:\/\/api.w.org\/{rel}","templated":true}]}}