{"id":210709,"date":"2025-06-28T10:40:08","date_gmt":"2025-06-28T10:40:08","guid":{"rendered":"https:\/\/www.europesays.com\/fr\/210709\/"},"modified":"2025-06-28T10:40:08","modified_gmt":"2025-06-28T10:40:08","slug":"un-adolescent-de-seize-ans-tue-par-balle","status":"publish","type":"post","link":"https:\/\/www.europesays.com\/fr\/210709\/","title":{"rendered":"un adolescent de seize ans tu\u00e9 par balle"},"content":{"rendered":"<p>Au moins deux blessures par balles ont \u00e9t\u00e9 d\u00e9couvertes sur la victime.<\/p>\n<p class=\"fig-paragraph\">Un adolescent \u00e2g\u00e9 de seize ans a \u00e9t\u00e9 tu\u00e9 vendredi dans la soir\u00e9e par arme \u00e0 feu \u00e0 Vernon (Eure), a-t-on appris ce samedi 28 juin de source polici\u00e8re. Le corps de l&rsquo;adolescent, un cycliste, a \u00e9t\u00e9 retrouv\u00e9 sans vie par les forces de l&rsquo;ordre, \u00e0 la suite d&rsquo;un appel des sapeurs-pompiers suspectant un accident de la circulation, avec un d\u00e9lit de fuite peu avant minuit.<\/p>\n<p class=\"fig-paragraph\">Au moins deux blessures par balles ont \u00e9t\u00e9 d\u00e9couvertes sur la victime. Les traces de sang au sol ont permis de remonter jusqu&rsquo;\u00e0 la sc\u00e8ne de crime, situ\u00e9e \u00e0 quelques centaines de m\u00e8tres du lieu o\u00f9 a \u00e9t\u00e9 d\u00e9couvert, par les secours, l&rsquo;adolescent tu\u00e9. L&rsquo;arme \u00e0 feu n&rsquo;a pas \u00e9t\u00e9 retrouv\u00e9e sur place. La division de la criminalit\u00e9 organis\u00e9e sp\u00e9cialis\u00e9e (DCOS, ancienne PJ) a \u00e9t\u00e9 saisie.<\/p>\n","protected":false},"excerpt":{"rendered":"Au moins deux blessures par balles ont \u00e9t\u00e9 d\u00e9couvertes sur la victime. Un adolescent \u00e2g\u00e9 de seize ans&hellip;\n","protected":false},"author":2,"featured_media":210710,"comment_status":"","ping_status":"","sticky":false,"template":"","format":"standard","meta":{"footnotes":""},"categories":[4],"tags":[119,11,3694,271,2951,3695,3696,118,1011,27,2825,1253,303,8721,12,1072,2694,25,2949],"class_list":{"0":"post-210709","1":"post","2":"type-post","3":"status-publish","4":"format-standard","5":"has-post-thumbnail","7":"category-france","8":"tag-accident","9":"tag-actualites","10":"tag-affaires","11":"tag-crime","12":"tag-criminalite","13":"tag-enquetes","14":"tag-evenements","15":"tag-faits-divers","16":"tag-fr","17":"tag-france","18":"tag-insecurite","19":"tag-islamisme","20":"tag-justice","21":"tag-narcotrafic","22":"tag-news","23":"tag-police","24":"tag-proces","25":"tag-republique-francaise","26":"tag-violences"},"share_on_mastodon":{"url":"","error":""},"_links":{"self":[{"href":"https:\/\/www.europesays.com\/fr\/wp-json\/wp\/v2\/posts\/210709","targetHints":{"allow":["GET"]}}],"collection":[{"href":"https:\/\/www.europesays.com\/fr\/wp-json\/wp\/v2\/posts"}],"about":[{"href":"https:\/\/www.europesays.com\/fr\/wp-json\/wp\/v2\/types\/post"}],"author":[{"embeddable":true,"href":"https:\/\/www.europesays.com\/fr\/wp-json\/wp\/v2\/users\/2"}],"replies":[{"embeddable":true,"href":"https:\/\/www.europesays.com\/fr\/wp-json\/wp\/v2\/comments?post=210709"}],"version-history":[{"count":0,"href":"https:\/\/www.europesays.com\/fr\/wp-json\/wp\/v2\/posts\/210709\/revisions"}],"wp:featuredmedia":[{"embeddable":true,"href":"https:\/\/www.europesays.com\/fr\/wp-json\/wp\/v2\/media\/210710"}],"wp:attachment":[{"href":"https:\/\/www.europesays.com\/fr\/wp-json\/wp\/v2\/media?parent=210709"}],"wp:term":[{"taxonomy":"category","embeddable":true,"href":"https:\/\/www.europesays.com\/fr\/wp-json\/wp\/v2\/categories?post=210709"},{"taxonomy":"post_tag","embeddable":true,"href":"https:\/\/www.europesays.com\/fr\/wp-json\/wp\/v2\/tags?post=210709"}],"curies":[{"name":"wp","href":"https:\/\/api.w.org\/{rel}","templated":true}]}}