{"id":210713,"date":"2025-06-28T10:42:10","date_gmt":"2025-06-28T10:42:10","guid":{"rendered":"https:\/\/www.europesays.com\/fr\/210713\/"},"modified":"2025-06-28T10:42:10","modified_gmt":"2025-06-28T10:42:10","slug":"un-bilan-des-premiers-jours-plutot-tiede","status":"publish","type":"post","link":"https:\/\/www.europesays.com\/fr\/210713\/","title":{"rendered":"un bilan des premiers jours plut\u00f4t ti\u00e8de"},"content":{"rendered":"<p>Les soldes 2025 ont commenc\u00e9 depuis mercredi\u00a0et le constat que fait l\u2019ensemble des commer\u00e7ants interrog\u00e9s est unanime\u00a0: la chaleur impacte les ventes. En Auvergne-Rh\u00f4ne-Alpes, l\u2019\u00e9pisode de vigilance canicule a \u00e9t\u00e9 lanc\u00e9 le 20\u00a0juin, soit cinq jours avant le d\u00e9but des soldes.<\/p>\n<p>De fortes chaleurs qui, en ce d\u00e9but de p\u00e9riode, ne semblent pas affecter grandement les commer\u00e7ants. \u00ab\u00a0Il y a effectivement moins de monde que l\u2019ann\u00e9e pass\u00e9e pour un premier jour mais \u00e7a reste positif\u00a0\u00bb, confesse L\u00e9lia Ali, responsable de la boutique Lily Wood situ\u00e9e rue Camille Collard.<\/p>\n<p>  \u00ab\u00a0La canicule joue un r\u00f4le important dans le flux de clients\u00a0\u00bb<\/p>\n<p>\u00ab\u00a0Quand il fait chaud, les gens essayent moins et donc, n\u2019ach\u00e8tent pas forc\u00e9ment\u00a0\u00bb, continue-t-elle. Ce constat, la responsable du magasin Rouge Gorge, situ\u00e9 place du Peuple, l&rsquo;a aussi fait. \u00ab\u00a0En temps normal, il y a plus de monde. Je suis quasiment s\u00fbre que la canicule joue un r\u00f4le important dans le flux de clients\u00a0\u00bb avant d\u2019ajouter \u00ab\u00a0Je peux voir en temps r\u00e9el les commandes sur internet et mercredi, il y en avait beaucoup\u00a0! La client\u00e8le d\u00e9cale ces achats. J\u2019avais deux clientes qui voulaient venir pour le premier jour des soldes mais la chaleur les a dissuad\u00e9es\u00a0\u00bb.<\/p>\n<p>Dans la rue de la R\u00e9publique, <a href=\"https:\/\/www.leprogres.fr\/economie\/2024\/11\/16\/la-petite-boutique-pour-toutes-les-femmes-et-tous-les-budgets\" target=\"_blank\" rel=\"nofollow noopener\"> la boutique d\u2019\u00c9lisabeth Fertier<\/a> n\u2019est ouverte que depuis septembre\u00a02024 mais elle tire un bilan positif de cette premi\u00e8re ann\u00e9e. Quant \u00e0 la p\u00e9riode de solde, la g\u00e9rante semble d\u00e9pass\u00e9e. \u00ab\u00a0La canicule n\u2019impacte pas forc\u00e9ment ma premi\u00e8re exp\u00e9rience \u00e0 faire les soldes pour le moment\u00a0\u00bb avant de continuer sur un ton r\u00e9probateur.<\/p>\n<p>  \u00ab\u00a0Les soldes, ce n\u2019est plus comme avant\u00a0\u00bb<\/p>\n<p>\u00ab\u00a0Quatre semaines de soldes, c\u2019est beaucoup trop long\u00a0! On a d\u00e9j\u00e0 eu les ventes priv\u00e9es, la braderie, les soldes d\u2019hiver\u2026 Il y a toujours quelque chose\u00a0! C\u2019est trop\u00a0\u00bb. \u00ab\u00a0Les soldes, ce n\u2019est plus comme avant. Il y a moins d\u2019effervescence\u00a0\u00bb, estime Chlo\u00e9, la responsable de Rouge Gorge.<\/p>\n<p>Pour Jimmy Khodabuccus, employ\u00e9 au magasin Sandro rue Michelet, le d\u00e9but des soldes s\u2019est bien pass\u00e9e. \u00ab\u00a0Il y a eu du monde le matin mais entre 13 heures et 16 heures 30, beaucoup moins de monde avec la chaleur\u00a0\u00bb. \u00ab\u00a0Avec le d\u00e9part des grosses enseignes, \u00e7a a donn\u00e9 un coup. Les flux ont diminu\u00e9 aussi pendant cette p\u00e9riode\u00a0\u00bb, ajoute-t-il.<\/p>\n<p>La plupart de ces commer\u00e7ants restent confiants malgr\u00e9 cet \u00e9pisode de forte chaleur. Tous restent positifs et ne semblent pas appr\u00e9hender le mois \u00e0 venir.<\/p>\n","protected":false},"excerpt":{"rendered":"Les soldes 2025 ont commenc\u00e9 depuis mercredi\u00a0et le constat que fait l\u2019ensemble des commer\u00e7ants interrog\u00e9s est unanime\u00a0: la&hellip;\n","protected":false},"author":2,"featured_media":210714,"comment_status":"","ping_status":"","sticky":false,"template":"","format":"standard","meta":{"footnotes":""},"categories":[9653],"tags":[1111,11,2430,4406,33,7539,1777,674,1011,27,12,25,4001,7538],"class_list":{"0":"post-210713","1":"post","2":"type-post","3":"status-publish","4":"format-standard","5":"has-post-thumbnail","7":"category-saint-etienne","8":"tag-actu","9":"tag-actualites","10":"tag-auvergne-rhone-alpes","11":"tag-commerce-et-services","12":"tag-economie","13":"tag-edition-loire-sud","14":"tag-eu","15":"tag-europe","16":"tag-fr","17":"tag-france","18":"tag-news","19":"tag-republique-francaise","20":"tag-saint-etienne","21":"tag-saint-etienne-ville"},"share_on_mastodon":{"url":"","error":""},"_links":{"self":[{"href":"https:\/\/www.europesays.com\/fr\/wp-json\/wp\/v2\/posts\/210713","targetHints":{"allow":["GET"]}}],"collection":[{"href":"https:\/\/www.europesays.com\/fr\/wp-json\/wp\/v2\/posts"}],"about":[{"href":"https:\/\/www.europesays.com\/fr\/wp-json\/wp\/v2\/types\/post"}],"author":[{"embeddable":true,"href":"https:\/\/www.europesays.com\/fr\/wp-json\/wp\/v2\/users\/2"}],"replies":[{"embeddable":true,"href":"https:\/\/www.europesays.com\/fr\/wp-json\/wp\/v2\/comments?post=210713"}],"version-history":[{"count":0,"href":"https:\/\/www.europesays.com\/fr\/wp-json\/wp\/v2\/posts\/210713\/revisions"}],"wp:featuredmedia":[{"embeddable":true,"href":"https:\/\/www.europesays.com\/fr\/wp-json\/wp\/v2\/media\/210714"}],"wp:attachment":[{"href":"https:\/\/www.europesays.com\/fr\/wp-json\/wp\/v2\/media?parent=210713"}],"wp:term":[{"taxonomy":"category","embeddable":true,"href":"https:\/\/www.europesays.com\/fr\/wp-json\/wp\/v2\/categories?post=210713"},{"taxonomy":"post_tag","embeddable":true,"href":"https:\/\/www.europesays.com\/fr\/wp-json\/wp\/v2\/tags?post=210713"}],"curies":[{"name":"wp","href":"https:\/\/api.w.org\/{rel}","templated":true}]}}