{"id":210717,"date":"2025-06-28T10:44:10","date_gmt":"2025-06-28T10:44:10","guid":{"rendered":"https:\/\/www.europesays.com\/fr\/210717\/"},"modified":"2025-06-28T10:44:10","modified_gmt":"2025-06-28T10:44:10","slug":"lorchestre-de-lopera-et-le-choeur-des-enfants-de-la-maitrise-citoyenne-presentent-la-potion-inutile","status":"publish","type":"post","link":"https:\/\/www.europesays.com\/fr\/210717\/","title":{"rendered":"L\u2019Orchestre de l\u2019Op\u00e9ra et le ch\u0153ur des enfants de la Ma\u00eetrise citoyenne pr\u00e9sentent \u00a0 La Potion inutile"},"content":{"rendered":"<p>L\u2019Op\u00e9ra national de Nancy-Lorraine a confi\u00e9 aux chanteurs de la Ma\u00eetrise citoyenne itin\u00e9rante la mission de relire L\u2019\u00c9lixir d\u2019amour de Gaetano Donizetti \u00e0 la lueur de leur imaginaire d\u2019enfants, afin d\u2019en donner leur version\u00a0: La Potion inutile. Cet ouvrage cr\u00e9\u00e9 avec eux sous l\u2019\u00e9coute attentive de la dramaturge Lola Gruber met en sc\u00e8ne ce qui les pr\u00e9occupe ou les anime\u00a0: la n\u00e9cessit\u00e9, le devoir et le plaisir de vivre ensemble malgr\u00e9 les diff\u00e9rences. Si la potion est inutile, le travail artistique des jeunes \u00e9l\u00e8ves de la Ma\u00eetrise a lui \u00e9t\u00e9 primordial (270 heures de pratique artistique). L\u2019Op\u00e9ra est fier et admiratif de l\u2019application et de l\u2019engagement des 47 enfants. Nul doute que Donizetti, grand ma\u00eetre de l\u2019op\u00e9ra-bouffe comique et un brin moqueur dans la vie, s\u2019amuserait aujourd\u2019hui de voir une troupe d\u2019enfants d\u00e9structurer son \u00c9lixir d\u2019amour pour lui rendre un hommage malicieux et sinc\u00e8re.<\/p>\n<p class=\"note\">Mercredi 2\u00a0juillet \u00e0 19\u00a0h \u00e0 l\u2019Op\u00e9ra, place Stanislas. Spectacle gratuit sur r\u00e9servation en ligne\u00a0: opera-nancy.fr<\/p>\n","protected":false},"excerpt":{"rendered":"L\u2019Op\u00e9ra national de Nancy-Lorraine a confi\u00e9 aux chanteurs de la Ma\u00eetrise citoyenne itin\u00e9rante la mission de relire L\u2019\u00c9lixir&hellip;\n","protected":false},"author":2,"featured_media":210718,"comment_status":"","ping_status":"","sticky":false,"template":"","format":"standard","meta":{"footnotes":""},"categories":[9635],"tags":[1111,11,1687,1704,1777,674,1011,27,775,1702,1703,12,25,3140],"class_list":{"0":"post-210717","1":"post","2":"type-post","3":"status-publish","4":"format-standard","5":"has-post-thumbnail","7":"category-nancy","8":"tag-actu","9":"tag-actualites","10":"tag-culture-loisirs","11":"tag-edition-nancy-et-agglomeration","12":"tag-eu","13":"tag-europe","14":"tag-fr","15":"tag-france","16":"tag-grand-est","17":"tag-nancy","18":"tag-nancy-ville-54b","19":"tag-news","20":"tag-republique-francaise","21":"tag-spectacle"},"share_on_mastodon":{"url":"","error":""},"_links":{"self":[{"href":"https:\/\/www.europesays.com\/fr\/wp-json\/wp\/v2\/posts\/210717","targetHints":{"allow":["GET"]}}],"collection":[{"href":"https:\/\/www.europesays.com\/fr\/wp-json\/wp\/v2\/posts"}],"about":[{"href":"https:\/\/www.europesays.com\/fr\/wp-json\/wp\/v2\/types\/post"}],"author":[{"embeddable":true,"href":"https:\/\/www.europesays.com\/fr\/wp-json\/wp\/v2\/users\/2"}],"replies":[{"embeddable":true,"href":"https:\/\/www.europesays.com\/fr\/wp-json\/wp\/v2\/comments?post=210717"}],"version-history":[{"count":0,"href":"https:\/\/www.europesays.com\/fr\/wp-json\/wp\/v2\/posts\/210717\/revisions"}],"wp:featuredmedia":[{"embeddable":true,"href":"https:\/\/www.europesays.com\/fr\/wp-json\/wp\/v2\/media\/210718"}],"wp:attachment":[{"href":"https:\/\/www.europesays.com\/fr\/wp-json\/wp\/v2\/media?parent=210717"}],"wp:term":[{"taxonomy":"category","embeddable":true,"href":"https:\/\/www.europesays.com\/fr\/wp-json\/wp\/v2\/categories?post=210717"},{"taxonomy":"post_tag","embeddable":true,"href":"https:\/\/www.europesays.com\/fr\/wp-json\/wp\/v2\/tags?post=210717"}],"curies":[{"name":"wp","href":"https:\/\/api.w.org\/{rel}","templated":true}]}}