{"id":210719,"date":"2025-06-28T10:45:12","date_gmt":"2025-06-28T10:45:12","guid":{"rendered":"https:\/\/www.europesays.com\/fr\/210719\/"},"modified":"2025-06-28T10:45:12","modified_gmt":"2025-06-28T10:45:12","slug":"le-chateau-ambulant-de-miyazaki","status":"publish","type":"post","link":"https:\/\/www.europesays.com\/fr\/210719\/","title":{"rendered":"Le ch\u00e2teau ambulant de Miyazaki"},"content":{"rendered":"<p>Dans le cadre de la programmation estivale, cette soir\u00e9e de cin\u00e9ma en plein air sera offerte par la M\u00e9tropole du Grand Nancy et la Ville de\u00a0Nancy.<\/p>\n<p>La jeune Sophie, 18 ans, travaille inlassablement dans la chapellerie autrefois tenue par son p\u00e8re, malheureusement d\u00e9c\u00e9d\u00e9. R\u00e9sign\u00e9e \u00e0 son sort, c\u2019est lors de l\u2019une de ses rares sorties en ville qu\u2019elle fait la connaissance du beau Hauru, un magicien. Mais la sorci\u00e8re des Landes, jalouse de cette rencontre, jette un sort \u00e0 Sophie, la transformant en vieille dame. Accabl\u00e9e par sa nouvelle apparence, Sophie s\u2019enfuit dans les montagnes et tombe sur la demeure de Hauru\u00a0: son Ch\u00e2teau Ambulant.<\/p>\n<p class=\"note\">Vendredi 4\u00a0juillet \u00e0 22\u00a0h\u00a030 au Ch\u00e2teau Madame de Graffigny. N\u2019h\u00e9sitez pas \u00e0 apporter vos propres si\u00e8ges et vos couvertures. Gratuit.<\/p>\n","protected":false},"excerpt":{"rendered":"Dans le cadre de la programmation estivale, cette soir\u00e9e de cin\u00e9ma en plein air sera offerte par la&hellip;\n","protected":false},"author":2,"featured_media":210720,"comment_status":"","ping_status":"","sticky":false,"template":"","format":"standard","meta":{"footnotes":""},"categories":[9635],"tags":[1111,11,650,1687,1704,1777,674,1011,27,775,10262,1702,12,25,10261],"class_list":{"0":"post-210719","1":"post","2":"type-post","3":"status-publish","4":"format-standard","5":"has-post-thumbnail","7":"category-nancy","8":"tag-actu","9":"tag-actualites","10":"tag-cinema","11":"tag-culture-loisirs","12":"tag-edition-nancy-et-agglomeration","13":"tag-eu","14":"tag-europe","15":"tag-fr","16":"tag-france","17":"tag-grand-est","18":"tag-metropole-du-grand-nancy-54b5","19":"tag-nancy","20":"tag-news","21":"tag-republique-francaise","22":"tag-villers-les-nancy"},"share_on_mastodon":{"url":"","error":""},"_links":{"self":[{"href":"https:\/\/www.europesays.com\/fr\/wp-json\/wp\/v2\/posts\/210719","targetHints":{"allow":["GET"]}}],"collection":[{"href":"https:\/\/www.europesays.com\/fr\/wp-json\/wp\/v2\/posts"}],"about":[{"href":"https:\/\/www.europesays.com\/fr\/wp-json\/wp\/v2\/types\/post"}],"author":[{"embeddable":true,"href":"https:\/\/www.europesays.com\/fr\/wp-json\/wp\/v2\/users\/2"}],"replies":[{"embeddable":true,"href":"https:\/\/www.europesays.com\/fr\/wp-json\/wp\/v2\/comments?post=210719"}],"version-history":[{"count":0,"href":"https:\/\/www.europesays.com\/fr\/wp-json\/wp\/v2\/posts\/210719\/revisions"}],"wp:featuredmedia":[{"embeddable":true,"href":"https:\/\/www.europesays.com\/fr\/wp-json\/wp\/v2\/media\/210720"}],"wp:attachment":[{"href":"https:\/\/www.europesays.com\/fr\/wp-json\/wp\/v2\/media?parent=210719"}],"wp:term":[{"taxonomy":"category","embeddable":true,"href":"https:\/\/www.europesays.com\/fr\/wp-json\/wp\/v2\/categories?post=210719"},{"taxonomy":"post_tag","embeddable":true,"href":"https:\/\/www.europesays.com\/fr\/wp-json\/wp\/v2\/tags?post=210719"}],"curies":[{"name":"wp","href":"https:\/\/api.w.org\/{rel}","templated":true}]}}