{"id":210727,"date":"2025-06-28T10:50:09","date_gmt":"2025-06-28T10:50:09","guid":{"rendered":"https:\/\/www.europesays.com\/fr\/210727\/"},"modified":"2025-06-28T10:50:09","modified_gmt":"2025-06-28T10:50:09","slug":"seine-maritime-en-colere-contre-un-projet-du-gouvernement-les-chasseurs-se-disent-maintenant-soulages","status":"publish","type":"post","link":"https:\/\/www.europesays.com\/fr\/210727\/","title":{"rendered":"Seine-Maritime. En col\u00e8re contre un projet du gouvernement, les chasseurs se disent maintenant \u00ab\u00a0soulag\u00e9s\u00a0\u00bb"},"content":{"rendered":"<p>            Par<br \/>\n        <strong><br \/>\n            <a href=\"https:\/\/actu.fr\/auteur\/vanessa-leroy\" title=\"Consulter tous les articles de Vanessa Leroy\" target=\"_blank\" rel=\"noopener\">Vanessa Leroy<\/a><br \/>\n        <\/strong><\/p>\n<p>        Publi\u00e9 le<\/p>\n<p>            28 juin 2025 \u00e0 11h47        <\/p>\n<p>Un peu partout en France, <strong>les chasseurs se sont mobilis\u00e9s<\/strong> ces derniers jours <strong>contre un projet de moratoire<\/strong> portant sur la chasse de neuf esp\u00e8ces d\u2019oiseaux.<\/p>\n<p class=\" wall-content\">C\u2019\u00e9tait notamment le cas vendredi 27 juin 2025, en fin d\u2019apr\u00e8s-midi, <a href=\"https:\/\/actu.fr\/76actu\/\" target=\"_blank\" rel=\"noopener\">au pont de Tancarville (Seine-Maritime)<\/a>, o\u00f9 environ <strong>150 chasseurs de la Baie de Seine<\/strong> en col\u00e8re ont organis\u00e9 une op\u00e9ration \u00ab\u00a0p\u00e9age gratuit\u00a0\u00bb. Ils entendaient manifester leur m\u00e9contentement contre un <strong>projet de moratoire visant neuf esp\u00e8ces d\u2019oiseaux chassables en France<\/strong> envisag\u00e9 par le gouvernement.<\/p>\n<p class=\" wall-content\">\u00ab\u00a0Depuis 2021, la Commission europ\u00e9enne a mandat\u00e9 des experts scientifiques pour examiner la durabilit\u00e9 de la chasse de populations d\u2019oiseaux europ\u00e9ennes. Alors qu\u2019en avril 2025, les scientifiques ont rendu leurs conclusions identifiant <strong>trois esp\u00e8ces prioritaires en termes de gestion sur les 33 examin\u00e9es<\/strong>, la France s\u2019appr\u00eate \u00e0 suspendre ou restreindre la chasse de neuf d\u2019entre elles\u00a0\u00bb, indiquait, cette semaine, la F\u00e9d\u00e9ration nationale des chasseurs.<\/p>\n<p>La ministre retire son projet de d\u00e9cret<\/p>\n<p class=\" wall-content\">Alors que <strong>de nouvelles actions \u00e9taient envisag\u00e9es pour le week-end<\/strong>, Agn\u00e8s Pannier-Runacher, ministre de la Transition \u00e9cologique, de la Biodiversit\u00e9, de la For\u00eat, de la Mer et de la P\u00eache, <strong>a annonc\u00e9 qu\u2019elle renon\u00e7ait \u00e0 ce projet<\/strong>.<\/p>\n<p class=\" wall-content\">Un accord a en effet \u00e9t\u00e9 trouv\u00e9 entre la F\u00e9d\u00e9ration nationale des chasseurs et le gouvernement. Les dates de chasse sont donc maintenues pour les esp\u00e8ces migratrices.<br \/><strong>\u00ab\u00a0Surpris\u00a0\u00bb, puis \u00ab\u00a0agac\u00e9s\u00a0\u00bb<\/strong> par ce projet, <strong>les chasseurs sont d\u00e9sormais \u00ab\u00a0soulag\u00e9s\u00a0\u00bb<\/strong>, indique Nicolas K\u00fcnkel, directeur de la F\u00e9d\u00e9ration des chasseurs de Seine-Maritime.<\/p>\n<p>Vid\u00e9os : en ce moment sur ActuSuivez l\u2019actualit\u00e9 de <a href=\"https:\/\/www.whatsapp.com\/channel\/0029VaKfnf99hXF2ddApFB1D\" target=\"_blank\" rel=\"noopener\">Rouen<\/a> et du <a href=\"https:\/\/www.whatsapp.com\/channel\/0029VaFqJYE8aKvLBwVrEe0o\" target=\"_blank\" rel=\"noopener\">Havre<\/a> sur nos cha\u00eenes WhatsApp et <a href=\"https:\/\/www.tiktok.com\/@76actu.fr?lang=fr\" target=\"_blank\" rel=\"noopener\">sur notre compte TikTok<\/a><\/p>\n<p class=\" wall-content\">Suivez toute l\u2019actualit\u00e9 de vos villes et m\u00e9dias favoris en vous inscrivant \u00e0 <a href=\"https:\/\/moncompte.actu.fr\" title=\"D\u00e9couvez Mon Actu\" rel=\"nofollow noopener\" data-trk=\"{&quot;cta&quot;:{&quot;action&quot;:&quot;https:\\\/\\\/moncompte.actu.fr&quot;,&quot;category&quot;:&quot;mon compte&quot;,&quot;from&quot;:&quot;article footer&quot;,&quot;name&quot;:&quot;Mon actu&quot;,&quot;type&quot;:&quot;cta&quot;}}\" target=\"_blank\">Mon Actu<\/a>.<\/p>\n<p>                    <script async src=\"\/\/www.tiktok.com\/embed.js\"><\/script><\/p>\n","protected":false},"excerpt":{"rendered":"Par Vanessa Leroy Publi\u00e9 le 28 juin 2025 \u00e0 11h47 Un peu partout en France, les chasseurs se&hellip;\n","protected":false},"author":2,"featured_media":210728,"comment_status":"","ping_status":"","sticky":false,"template":"","format":"standard","meta":{"footnotes":""},"categories":[9587],"tags":[1111,11,4183,1777,674,1011,27,1272,12,5161,35019,25,9590,104],"class_list":{"0":"post-210727","1":"post","2":"type-post","3":"status-publish","4":"format-standard","5":"has-post-thumbnail","7":"category-rouen","8":"tag-actu","9":"tag-actualites","10":"tag-chasse","11":"tag-eu","12":"tag-europe","13":"tag-fr","14":"tag-france","15":"tag-manifestations","16":"tag-news","17":"tag-normandie","18":"tag-pont-de-tancarville","19":"tag-republique-francaise","20":"tag-rouen","21":"tag-societe"},"share_on_mastodon":{"url":"","error":""},"_links":{"self":[{"href":"https:\/\/www.europesays.com\/fr\/wp-json\/wp\/v2\/posts\/210727","targetHints":{"allow":["GET"]}}],"collection":[{"href":"https:\/\/www.europesays.com\/fr\/wp-json\/wp\/v2\/posts"}],"about":[{"href":"https:\/\/www.europesays.com\/fr\/wp-json\/wp\/v2\/types\/post"}],"author":[{"embeddable":true,"href":"https:\/\/www.europesays.com\/fr\/wp-json\/wp\/v2\/users\/2"}],"replies":[{"embeddable":true,"href":"https:\/\/www.europesays.com\/fr\/wp-json\/wp\/v2\/comments?post=210727"}],"version-history":[{"count":0,"href":"https:\/\/www.europesays.com\/fr\/wp-json\/wp\/v2\/posts\/210727\/revisions"}],"wp:featuredmedia":[{"embeddable":true,"href":"https:\/\/www.europesays.com\/fr\/wp-json\/wp\/v2\/media\/210728"}],"wp:attachment":[{"href":"https:\/\/www.europesays.com\/fr\/wp-json\/wp\/v2\/media?parent=210727"}],"wp:term":[{"taxonomy":"category","embeddable":true,"href":"https:\/\/www.europesays.com\/fr\/wp-json\/wp\/v2\/categories?post=210727"},{"taxonomy":"post_tag","embeddable":true,"href":"https:\/\/www.europesays.com\/fr\/wp-json\/wp\/v2\/tags?post=210727"}],"curies":[{"name":"wp","href":"https:\/\/api.w.org\/{rel}","templated":true}]}}