{"id":210734,"date":"2025-06-28T10:57:23","date_gmt":"2025-06-28T10:57:23","guid":{"rendered":"https:\/\/www.europesays.com\/fr\/210734\/"},"modified":"2025-06-28T10:57:23","modified_gmt":"2025-06-28T10:57:23","slug":"strasbourg-la-haute-ecole-des-arts-du-rhin-fete-ses-diplomes-tout-le-week-end-2","status":"publish","type":"post","link":"https:\/\/www.europesays.com\/fr\/210734\/","title":{"rendered":"Strasbourg. La Haute \u00e9cole des arts du Rhin f\u00eate ses dipl\u00f4m\u00e9s tout le week-end"},"content":{"rendered":"<p>L\u2019ensemble des dipl\u00f4m\u00e9s de la Haute \u00e9cole des arts du Rhin, r\u00e9partie entre les sites de Strasbourg et Mulhouse, sont \u00e0 la f\u00eate. Ils pr\u00e9sentent tous leurs travaux sur le site de Strasbourg. Le grand public est invit\u00e9 samedi et dimanche \u00e0 d\u00e9couvrir les projets des \u00e9tudiants en sections \u00ab\u00a0art\u00a0\u00bb, \u00ab\u00a0art-objet\u00a0\u00bb, \u00ab\u00a0graphic [\u2026] languages\u00a0\u00bb, \u00ab\u00a0design r\u00e9habitant\u00a0\u00bb, \u00ab\u00a0design textile\u00a0\u00bb, \u00ab\u00a0didactique visuelle\u00a0\u00bb, \u00ab\u00a0enqu\u00eater, raconter\u00a0\u00bb, \u00ab\u00a0illustration\u00a0\u00bb et \u00ab\u00a0sc\u00e9nographie\u00a0\u00bb.<\/p>\n<p><a href=\"https:\/\/www.lalsace.fr\/culture-loisirs\/2024\/12\/15\/des-difficultes-budgetaires-pesent-sur-l-ecole-d-art-alsacienne\" target=\"_blank\" rel=\"nofollow noopener\">Apr\u00e8s une ann\u00e9e 2024 marqu\u00e9e par des difficult\u00e9s budg\u00e9taires<\/a> , le nouveau projet d\u2019\u00e9tablissement fait consensus. St\u00e9phane Sauzedde, directeur de la HEAR, constate un regain d\u2019\u00e9nergie dans l\u2019\u00e9cole, une mobilisation commune. Et de faire valoir les nombreux \u00e9tudiants et anciens qui ont fait rayonner la HEAR. Justement baptis\u00e9 \u00ab\u00a0Hear and now\u00a0\u00bb, le traditionnel \u00e9v\u00e9nement de fin d\u2019ann\u00e9e investit presque tout le quartier, avec une projection de cin\u00e9ma en plein air &#8211; et dans la rue &#8211; ce samedi c\u00f4t\u00e9 Manufacture des Tabacs. Sans oublier les expositions en cours, Le Peuple du Rhin \u00e0 la Chaufferie, \u00e0 Strasbourg, et \u00ab\u00a0Wax\u00a0! Akwaaba Wo Ghana\u00a0\u00bb au Mus\u00e9e de l\u2019impression sur \u00e9toffes \u00e0 Mulhouse.<\/p>\n<p class=\"note\">Exposition des dipl\u00f4m\u00e9s, 1, rue de l\u2019Acad\u00e9mie et 2 rue de la Manufacture samedi et dimanche de 13h \u00e0 19h. Biergarten de 14h \u00e0 21h, \u00ab\u00a0klub carmina\u00a0\u00bb \u00e0 Karmen Camina (4 cour des Cigari\u00e8res) de 23h \u00e0 6h30. Programme complet\u00a0: www.hear.fr Voir le diaporama sur notre site internet.<\/p>\n","protected":false},"excerpt":{"rendered":"L\u2019ensemble des dipl\u00f4m\u00e9s de la Haute \u00e9cole des arts du Rhin, r\u00e9partie entre les sites de Strasbourg et&hellip;\n","protected":false},"author":2,"featured_media":210735,"comment_status":"","ping_status":"","sticky":false,"template":"","format":"standard","meta":{"footnotes":""},"categories":[2820],"tags":[1111,11,2389,1687,1777,674,2271,107,1011,27,775,12,25,640],"class_list":{"0":"post-210734","1":"post","2":"type-post","3":"status-publish","4":"format-standard","5":"has-post-thumbnail","7":"category-strasbourg","8":"tag-actu","9":"tag-actualites","10":"tag-alsace","11":"tag-culture-loisirs","12":"tag-eu","13":"tag-europe","14":"tag-exposition-arts-plastiques","15":"tag-fil-info","16":"tag-fr","17":"tag-france","18":"tag-grand-est","19":"tag-news","20":"tag-republique-francaise","21":"tag-strasbourg"},"share_on_mastodon":{"url":"","error":""},"_links":{"self":[{"href":"https:\/\/www.europesays.com\/fr\/wp-json\/wp\/v2\/posts\/210734","targetHints":{"allow":["GET"]}}],"collection":[{"href":"https:\/\/www.europesays.com\/fr\/wp-json\/wp\/v2\/posts"}],"about":[{"href":"https:\/\/www.europesays.com\/fr\/wp-json\/wp\/v2\/types\/post"}],"author":[{"embeddable":true,"href":"https:\/\/www.europesays.com\/fr\/wp-json\/wp\/v2\/users\/2"}],"replies":[{"embeddable":true,"href":"https:\/\/www.europesays.com\/fr\/wp-json\/wp\/v2\/comments?post=210734"}],"version-history":[{"count":0,"href":"https:\/\/www.europesays.com\/fr\/wp-json\/wp\/v2\/posts\/210734\/revisions"}],"wp:featuredmedia":[{"embeddable":true,"href":"https:\/\/www.europesays.com\/fr\/wp-json\/wp\/v2\/media\/210735"}],"wp:attachment":[{"href":"https:\/\/www.europesays.com\/fr\/wp-json\/wp\/v2\/media?parent=210734"}],"wp:term":[{"taxonomy":"category","embeddable":true,"href":"https:\/\/www.europesays.com\/fr\/wp-json\/wp\/v2\/categories?post=210734"},{"taxonomy":"post_tag","embeddable":true,"href":"https:\/\/www.europesays.com\/fr\/wp-json\/wp\/v2\/tags?post=210734"}],"curies":[{"name":"wp","href":"https:\/\/api.w.org\/{rel}","templated":true}]}}