{"id":210738,"date":"2025-06-28T10:59:08","date_gmt":"2025-06-28T10:59:08","guid":{"rendered":"https:\/\/www.europesays.com\/fr\/210738\/"},"modified":"2025-06-28T10:59:08","modified_gmt":"2025-06-28T10:59:08","slug":"un-an-apres-a-nice-une-marche-blanche-pour-le-pompier-tue-par-un-chauffard","status":"publish","type":"post","link":"https:\/\/www.europesays.com\/fr\/210738\/","title":{"rendered":"un an apr\u00e8s, \u00e0 Nice, une marche blanche pour le pompier tu\u00e9 par un chauffard"},"content":{"rendered":"<p>            Par<br \/>\n        <strong><br \/>\n            <a href=\"https:\/\/actu.fr\/auteur\/fabien-binacchi\" title=\"Consulter tous les articles de Fabien Binacchi\" rel=\"nofollow noopener\" target=\"_blank\">Fabien Binacchi<\/a><br \/>\n        <\/strong><\/p>\n<p>        Publi\u00e9 le<\/p>\n<p>            28 juin 2025 \u00e0 12h23        <\/p>\n<p>Un \u00ab\u2009\u00e9cho\u2009\u00bb \u00e0 l\u2019actualit\u00e9 dramatique de ces derniers jours. <a href=\"https:\/\/actu.fr\/provence-alpes-cote-d-azur\/cannes_06029\/grave-accident-pres-de-nice-sur-l-a8-l-autoroute-coupee-des-kilometres-de-bouchon_62826924.html\" rel=\"nofollow noopener\" target=\"_blank\">Le d\u00e9c\u00e8s de deux infirmi\u00e8res, percut\u00e9es de plein fouet<\/a> jeudi 26\u00a0juin 2025 sur l\u2019A8 par un automobiliste \u00e0 contre-sens, <strong>positif \u00e0 l\u2019alcool et \u00e0 la coca\u00efne,<\/strong> lui-m\u00eame victime de cet accident, a agi comme un douloureux rappel pour la famille de J\u00e9r\u00e9mie Boulon.<\/p>\n<p class=\" wall-content\">Un an apr\u00e8s la mort de ce pompier, tu\u00e9 par un chauffard sur la promenade des Anglais, <strong>une marche blanche est organis\u00e9e en sa m\u00e9moire<\/strong> ce samedi 28\u00a0juin \u00e0 <a href=\"https:\/\/actu.fr\/nice\/\" rel=\"nofollow noopener\" target=\"_blank\">Nice<\/a>. L\u2019occasion, pour les proches, de r\u00e9clamer une \u00ab\u2009prise de conscience\u2009\u00bb.<\/p>\n<p>Vitesse excessive et protoxyde d\u2019azote<\/p>\n<p class=\" wall-content\">La nuit du lundi au mardi 25\u00a0juin 2024. Un soldat du feu de 41\u00a0ans, de retour de service, circule sur le long de la mer au guidon de son scooter. Le conducteur d\u2019une voiture qui vient de <strong>griller plusieurs feux rouges<\/strong> sur la promenade des Anglais le heurte \u00e0 tr\u00e8s vive allure. Le corps de J\u00e9r\u00e9mie Boulon est projet\u00e9 \u00e0 plusieurs dizaines de m\u00e8tres.<\/p>\n<p class=\" wall-content\">Le chauffard de 19\u00a0ans roulait sous protoxyde d\u2019azote, dont <strong>une bouteille a \u00e9galement \u00e9t\u00e9 retrouv\u00e9e dans la voiture de celui qui a mortellement percut\u00e9 les deux infirmi\u00e8res,<\/strong> cette semaine sur l\u2019autoroute, au niveau de Mandelieu-La Napoule.<\/p>\n<p>\u00ab\u2009On n\u2019agit pas\u2009\u00bb<\/p>\n<p class=\" wall-content\">\u00ab\u2009Ce drame fait \u00e9cho, quasi un an jour pour jour\u2009\u00bb \u00e0 celui qui a touch\u00e9 les proches du pompier, dont son fr\u00e8re, Nicolas Boulon, \u00e0 l\u2019initiative d\u2019une marche blanche, ce samedi 28\u00a0juin 2025, sur les lieux de l\u2019accident qui a co\u00fbt\u00e9 la vie au p\u00e8re de famille.<\/p>\n<p>Vid\u00e9os : en ce moment sur Actu<\/p>\n<p class=\" wall-content\">Apr\u00e8s une minute de silence, \u00e0 18h30, un cort\u00e8ge s\u2019\u00e9lancera du <strong>267 promenade des Anglais<\/strong> jusqu\u2019au bas du boulevard de la Madeleine, l\u00e0 o\u00f9 il vivait.<\/p>\n<p class=\" wall-content\">Un rassemblement en m\u00e9moire de J\u00e9r\u00e9mie Boulon mais aussi contre une certaine\u2026 inaction. \u00ab\u2009Encore et encore, aucune prise de conscience, <strong>on compte les morts<\/strong> et on n\u2019agit pas\u2009\u00bb, appuie Nicolas Boulon aupr\u00e8s d\u2019actu Nice. Il n\u2019y a \u00ab\u2009pas la r\u00e9ponse juridique et les peines associ\u00e9es pour endiguer ce ph\u00e9nom\u00e8ne\u2009\u00bb alors qu\u2019\u00ab\u2009on parle tout de m\u00eame <strong>de vies enlev\u00e9es avec une extr\u00eame violence<\/strong>\u00a0et non d\u2019une fatalit\u00e9\u2009\u00bb, souffle-t-il.<\/p>\n<p>\u00ab\u2009Les investigations se poursuivent\u2009\u00bb<\/p>\n<p class=\" wall-content\">La famille de J\u00e9r\u00e9mie Boulon milite d\u00e9sormais pour <strong>l\u2019instauration d\u2019un d\u00e9lit \u00ab\u2009d\u2019homicide routier\u2009\u00bb<\/strong>. Son fr\u00e8re s\u2019indigne que \u00ab\u2009le chauffard et ses trois passagers\u2009\u00bb n\u2019aient pas pass\u00e9 \u00ab\u2009un jour en prison pour l\u2019instant\u2009\u00bb. Il regrette \u00e9galement <strong>ne pas avoir eu, depuis, un seul \u00ab\u2009contact avec la justice\u2009\u00bb.<\/strong><\/p>\n<p class=\" wall-content\">Sollicit\u00e9 par actu Nice, le parquet pr\u00e9cise que \u00ab\u2009les investigations, dans le cadre de l\u2019instruction, se poursuivent\u2009\u00bb. Il rappelle que \u00ab\u2009trois individus, \u00e2g\u00e9s entre 18 et 27\u00a0ans, ont \u00e9t\u00e9 mis en examen et plac\u00e9s sous contr\u00f4le judiciaire\u2009\u00bb, dans cette affaire.<\/p>\n<p class=\" wall-content\">L\u2019un d\u2019entre eux a \u00e9t\u00e9 mis en examen pour des faits de \u00ab\u2009mise en danger d\u2019autrui par violation manifestement d\u00e9lib\u00e9r\u00e9e d\u2019une obligation r\u00e9glementaire de s\u00e9curit\u00e9 ou de prudence\u2009\u00bb, <strong>\u00ab\u2009homicide involontaire\u2009\u00bb<\/strong> et \u00ab\u2009non-assistance \u00e0 personne en danger\u2009\u00bb. Et les deux pour des faits de \u00ab\u2009non-assistance \u00e0 personne en danger\u2009\u00bb.<\/p>\n<p class=\" wall-content\">Suivez toute l\u2019actualit\u00e9 de vos villes et m\u00e9dias favoris en vous inscrivant \u00e0 <a href=\"https:\/\/moncompte.actu.fr\" title=\"D\u00e9couvez Mon Actu\" rel=\"nofollow noopener\" data-trk=\"{&quot;cta&quot;:{&quot;action&quot;:&quot;https:\\\/\\\/moncompte.actu.fr&quot;,&quot;category&quot;:&quot;mon compte&quot;,&quot;from&quot;:&quot;article footer&quot;,&quot;name&quot;:&quot;Mon actu&quot;,&quot;type&quot;:&quot;cta&quot;}}\" target=\"_blank\">Mon Actu<\/a>.<\/p>\n","protected":false},"excerpt":{"rendered":"Par Fabien Binacchi Publi\u00e9 le 28 juin 2025 \u00e0 12h23 Un \u00ab\u2009\u00e9cho\u2009\u00bb \u00e0 l\u2019actualit\u00e9 dramatique de ces derniers&hellip;\n","protected":false},"author":2,"featured_media":210739,"comment_status":"","ping_status":"","sticky":false,"template":"","format":"standard","meta":{"footnotes":""},"categories":[2819],"tags":[119,1111,11,1777,674,1011,27,12,2401,882,25,104],"class_list":{"0":"post-210738","1":"post","2":"type-post","3":"status-publish","4":"format-standard","5":"has-post-thumbnail","7":"category-nice","8":"tag-accident","9":"tag-actu","10":"tag-actualites","11":"tag-eu","12":"tag-europe","13":"tag-fr","14":"tag-france","15":"tag-news","16":"tag-nice","17":"tag-provence-alpes-cote-dazur","18":"tag-republique-francaise","19":"tag-societe"},"share_on_mastodon":{"url":"","error":""},"_links":{"self":[{"href":"https:\/\/www.europesays.com\/fr\/wp-json\/wp\/v2\/posts\/210738","targetHints":{"allow":["GET"]}}],"collection":[{"href":"https:\/\/www.europesays.com\/fr\/wp-json\/wp\/v2\/posts"}],"about":[{"href":"https:\/\/www.europesays.com\/fr\/wp-json\/wp\/v2\/types\/post"}],"author":[{"embeddable":true,"href":"https:\/\/www.europesays.com\/fr\/wp-json\/wp\/v2\/users\/2"}],"replies":[{"embeddable":true,"href":"https:\/\/www.europesays.com\/fr\/wp-json\/wp\/v2\/comments?post=210738"}],"version-history":[{"count":0,"href":"https:\/\/www.europesays.com\/fr\/wp-json\/wp\/v2\/posts\/210738\/revisions"}],"wp:featuredmedia":[{"embeddable":true,"href":"https:\/\/www.europesays.com\/fr\/wp-json\/wp\/v2\/media\/210739"}],"wp:attachment":[{"href":"https:\/\/www.europesays.com\/fr\/wp-json\/wp\/v2\/media?parent=210738"}],"wp:term":[{"taxonomy":"category","embeddable":true,"href":"https:\/\/www.europesays.com\/fr\/wp-json\/wp\/v2\/categories?post=210738"},{"taxonomy":"post_tag","embeddable":true,"href":"https:\/\/www.europesays.com\/fr\/wp-json\/wp\/v2\/tags?post=210738"}],"curies":[{"name":"wp","href":"https:\/\/api.w.org\/{rel}","templated":true}]}}