{"id":210749,"date":"2025-06-28T11:05:09","date_gmt":"2025-06-28T11:05:09","guid":{"rendered":"https:\/\/www.europesays.com\/fr\/210749\/"},"modified":"2025-06-28T11:05:09","modified_gmt":"2025-06-28T11:05:09","slug":"construits-par-airbus-a-toulouse-ces-satellites-ont-pris-leur-envol-pour-une-mission-tres-speciale","status":"publish","type":"post","link":"https:\/\/www.europesays.com\/fr\/210749\/","title":{"rendered":"Construits par Airbus \u00e0 Toulouse, ces satellites ont pris leur envol pour une mission tr\u00e8s sp\u00e9ciale"},"content":{"rendered":"<p>            Par<br \/>\n        <strong><br \/>\n            <a href=\"https:\/\/actu.fr\/auteur\/guillaume-laurens\" title=\"Consulter tous les articles de Guillaume Laurens\" target=\"_blank\" rel=\"noopener\">Guillaume Laurens<\/a><br \/>\n        <\/strong><\/p>\n<p>        Publi\u00e9 le<\/p>\n<p>            28 juin 2025 \u00e0 12h33        <\/p>\n<p>D\u00e9velopp\u00e9s et construits par <strong><a href=\"https:\/\/actu.fr\/tag\/airbus\" target=\"_blank\" rel=\"noopener\">Airbus,<\/a> <\/strong>en partenariat avec le CNES, les <strong>quatre satellites<\/strong> optiques de derni\u00e8re g\u00e9n\u00e9ration sont en route vers leur base de lancement en Guyane, a annonc\u00e9 le groupe mondial d\u2019a\u00e9rospatial jeudi 26 juin 2025, depuis son si\u00e8ge mondial de <a href=\"https:\/\/actu.fr\/toulouse\/\" target=\"_blank\" rel=\"noopener\"><strong>Toulouse<\/strong><\/a>.<\/p>\n<p>Partis de Toulouse, ils seront lanc\u00e9s \u00e0 Arianespace en Guyane<\/p>\n<p class=\" wall-content\">Ces satellites ont quitt\u00e9 la Ville rose pour le port spatial europ\u00e9en de <strong>Kourou<\/strong>, en Guyane fran\u00e7aise, d\u2019o\u00f9 ils seront <strong>lanc\u00e9s par Arianespace<\/strong> \u00e0 bord d\u2019une fus\u00e9e Vega-C le 25\u00a0juillet prochain.<\/p>\n<p>Pour des gouvernements et d\u2019autres clients<\/p>\n<p class=\" wall-content\">Con\u00e7us par Airbus, ces satellites \u00e0 double usage baptis\u00e9s <strong>CO3D<\/strong> (Constellation optique 3D) fourniront au CNES \u00ab\u2009un service de mod\u00e8le num\u00e9rique de surface mondial \u00e0 haute r\u00e9solution, avec des images st\u00e9r\u00e9oscopiques \u00e0 50\u00a0cm et des images 2D pour <strong>des clients gouvernementaux et commerciaux\u2009\u00bb,<\/strong> a d\u00e9taill\u00e9 le groupe. \u00ab\u2009En outre, les satellites CO3D renforceront les solutions de <strong>satellites optiques et radar<\/strong> d\u2019Airbus\u2009\u00bb.<\/p>\n<p class=\" wall-content\">Outre sa \u00ab\u2009capacit\u00e9 op\u00e9rationnelle\u2009\u00bb, CO3D incarne, d\u2019apr\u00e8s<strong> Alain Faur\u00e9<\/strong>, responsable des syst\u00e8mes spatiaux chez Airbus, \u00ab\u2009un changement de donne en termes d\u2019innovations technologiques, industrielles et commerciales\u2009\u00bb.<\/p>\n<blockquote class=\"ac-article-quote wall-content\">\n<p>Partenaire de l&rsquo;ing\u00e9niosit\u00e9 fran\u00e7aise, gr\u00e2ce au fort soutien du CNES, il permettra d&rsquo;am\u00e9liorer encore le S250, notre satellite optique dual de nouvelle g\u00e9n\u00e9ration qui suscite d\u00e9j\u00e0 un int\u00e9r\u00eat particulier dans le contexte g\u00e9opolitique actuel.<\/p>\n<p>    <strong>Alain Faur\u00e9<\/strong><br \/>\n        responsable des syst\u00e8mes spatiaux chez Airbus.    <\/p><\/blockquote>\n<p>Huit ans en orbite, et distants de 100\u00a0km<\/p>\n<p class=\" wall-content\">Pesant environ <strong>285\u00a0kg<\/strong> <strong>chacun<\/strong> et \u00e9quip\u00e9s d\u2019une propulsion enti\u00e8rement \u00e9lectrique, les quatre engins spatiaux fonctionneront pendant <strong>huit ans<\/strong>, par paires en orbite sur les c\u00f4t\u00e9s oppos\u00e9s de la Terre. Les satellites de chaque paire seront distants de 100\u00a0km. \u00ab\u2009Ils pourront fournir des <strong>images st\u00e9r\u00e9oscopiques<\/strong> \u00e0 partir d\u2019une orbite h\u00e9liosynchrone \u00e0 502\u00a0km d\u2019altitude\u2009\u00bb, d\u00e9taille Airbus.<\/p>\n<p>Servir \u00e0 l\u2019hydrologie, la g\u00e9ologie, la s\u00e9curit\u00e9 civile, l\u2019urbanisme\u2026<\/p>\n<p class=\" wall-content\">Concr\u00e8tement, \u00e0 quoi ces satellites vont-ils servir\u2009? Ces donn\u00e9es alimenteront \u00ab\u2009un segment sol en nuage\u2009\u00bb exploit\u00e9 par Airbus, comprenant une cha\u00eene de traitement d\u2019images fournie par le CNES, afin de \u00ab\u2009produire une <strong>carte 3D de pointe<\/strong> de la <strong>masse continentale<\/strong> de la Terre\u2009\u00bb.<\/p>\n<blockquote class=\"ac-article-quote wall-content\">\n<p>Ces donn\u00e9es r\u00e9pondront \u00e0 la fois au besoin militaire d&rsquo;une cartographie pr\u00e9cise et actualis\u00e9e et \u00e0 des applications civiles telles que l&rsquo;hydrologie, la g\u00e9ologie, la s\u00e9curit\u00e9 civile, l&rsquo;urbanisme et la gestion des terres et des ressources.<\/p>\n<p>    <strong>Airbus<\/strong>\n            <\/p><\/blockquote>\n<p>18\u00a0mois avant de fournir la carte en 3D de la France<\/p>\n<p class=\" wall-content\">Apr\u00e8s six mois de tests en orbite, les satellites mettront <strong>18\u00a0mois<\/strong> pour fournir au CNES une <strong>carte en 3D de la France<\/strong> et de l\u2019arc de crise. \u00ab\u2009Une fois le service de cartographie achev\u00e9, les satellites seront disponibles pour <strong>d\u2019autres missions d\u2019imagerie<\/strong> et d\u2019autres clients\u2009\u00bb, fait valoir Airbus.<\/p>\n<p>Des satellites produits sur une cha\u00eene d\u2019assemblage comme les avions<\/p>\n<p class=\" wall-content\">Airbus souligne par ailleurs que le programme CO3D b\u00e9n\u00e9ficie de l\u2019expertise acquise dans le d\u00e9veloppement de la constellation OneWeb, \u00ab\u2009avec des \u00e9quipements standardis\u00e9s, des effets d\u2019\u00e9chelle, une cha\u00eene d\u2019approvisionnement renforc\u00e9e et des syst\u00e8mes de production optimis\u00e9s, tels que la conception \u00e0 la construction\u2009\u00bb. \u00c0 savoir enfin que <strong>la cha\u00eene d\u2019assemblage,<\/strong> situ\u00e9e \u00e0 Toulouse, \u00ab\u2009s\u2019inspire de la <strong>production en s\u00e9rie de l\u2019a\u00e9ronautique<\/strong> et de l\u2019automobile\u2009\u00bb, et qu\u2019elle \u00ab\u2009int\u00e8gre la num\u00e9risation de bout en bout des op\u00e9rations et des outils intelligents\u2009\u00bb.<\/p>\n<p>Airbus impliqu\u00e9 dans un autre satellite lanc\u00e9 par cette fus\u00e9e<\/p>\n<p>Outre les satellites CO3D, le satellite de surveillance du carbone Microcarb sera \u00e9galement lanc\u00e9 par la m\u00eame fus\u00e9e.\u00a0 Microcarb est une mission conjointe du CNES et de l&rsquo;agence spatiale britannique. La sonde est \u00e9quip\u00e9e d&rsquo;un spectrom\u00e8tre tr\u00e8s performant fabriqu\u00e9 par\u00a0Airbus\u00a0pour cartographier la teneur en carbone de l&rsquo;atmosph\u00e8re \u00e0 l&rsquo;\u00e9chelle plan\u00e9taire, ce qui permettra aux climatologues et aux m\u00e9t\u00e9orologues de mieux identifier les puits et les sources de carbone.<\/p>\n<p class=\" wall-content\">Suivez toute l\u2019actualit\u00e9 de vos villes et m\u00e9dias favoris en vous inscrivant \u00e0 <a href=\"https:\/\/moncompte.actu.fr\" title=\"D\u00e9couvez Mon Actu\" rel=\"nofollow noopener\" data-trk=\"{&quot;cta&quot;:{&quot;action&quot;:&quot;https:\\\/\\\/moncompte.actu.fr&quot;,&quot;category&quot;:&quot;mon compte&quot;,&quot;from&quot;:&quot;article footer&quot;,&quot;name&quot;:&quot;Mon actu&quot;,&quot;type&quot;:&quot;cta&quot;}}\" target=\"_blank\">Mon Actu<\/a>.<\/p>\n","protected":false},"excerpt":{"rendered":"Par Guillaume Laurens Publi\u00e9 le 28 juin 2025 \u00e0 12h33 D\u00e9velopp\u00e9s et construits par Airbus, en partenariat avec&hellip;\n","protected":false},"author":2,"featured_media":210750,"comment_status":"","ping_status":"","sticky":false,"template":"","format":"standard","meta":{"footnotes":""},"categories":[2816],"tags":[1111,11,296,36,33,1777,674,1011,27,12,2680,25,2312],"class_list":{"0":"post-210749","1":"post","2":"type-post","3":"status-publish","4":"format-standard","5":"has-post-thumbnail","7":"category-toulouse","8":"tag-actu","9":"tag-actualites","10":"tag-aeronautique","11":"tag-airbus","12":"tag-economie","13":"tag-eu","14":"tag-europe","15":"tag-fr","16":"tag-france","17":"tag-news","18":"tag-occitanie","19":"tag-republique-francaise","20":"tag-toulouse"},"share_on_mastodon":{"url":"","error":""},"_links":{"self":[{"href":"https:\/\/www.europesays.com\/fr\/wp-json\/wp\/v2\/posts\/210749","targetHints":{"allow":["GET"]}}],"collection":[{"href":"https:\/\/www.europesays.com\/fr\/wp-json\/wp\/v2\/posts"}],"about":[{"href":"https:\/\/www.europesays.com\/fr\/wp-json\/wp\/v2\/types\/post"}],"author":[{"embeddable":true,"href":"https:\/\/www.europesays.com\/fr\/wp-json\/wp\/v2\/users\/2"}],"replies":[{"embeddable":true,"href":"https:\/\/www.europesays.com\/fr\/wp-json\/wp\/v2\/comments?post=210749"}],"version-history":[{"count":0,"href":"https:\/\/www.europesays.com\/fr\/wp-json\/wp\/v2\/posts\/210749\/revisions"}],"wp:featuredmedia":[{"embeddable":true,"href":"https:\/\/www.europesays.com\/fr\/wp-json\/wp\/v2\/media\/210750"}],"wp:attachment":[{"href":"https:\/\/www.europesays.com\/fr\/wp-json\/wp\/v2\/media?parent=210749"}],"wp:term":[{"taxonomy":"category","embeddable":true,"href":"https:\/\/www.europesays.com\/fr\/wp-json\/wp\/v2\/categories?post=210749"},{"taxonomy":"post_tag","embeddable":true,"href":"https:\/\/www.europesays.com\/fr\/wp-json\/wp\/v2\/tags?post=210749"}],"curies":[{"name":"wp","href":"https:\/\/api.w.org\/{rel}","templated":true}]}}