{"id":210761,"date":"2025-06-28T11:11:09","date_gmt":"2025-06-28T11:11:09","guid":{"rendered":"https:\/\/www.europesays.com\/fr\/210761\/"},"modified":"2025-06-28T11:11:09","modified_gmt":"2025-06-28T11:11:09","slug":"un-restaurant-contraint-de-fermer-a-cause-de-la-pietonisation-le-collectif-des-defenseurs-de-lyon-et-du-grand-lyon-sinsurge","status":"publish","type":"post","link":"https:\/\/www.europesays.com\/fr\/210761\/","title":{"rendered":"un restaurant contraint de fermer \u00e0 cause de la pi\u00e9tonisation\u00a0? Le collectif des D\u00e9fenseurs de Lyon et du Grand Lyon s\u2019insurge"},"content":{"rendered":"<p itemprop=\"description\"><strong>Le restaurant Basse Cour de Villeurbanne ferme ses portes.<\/strong><\/p>\n<p>\u00c0 Villeurbanne, l\u2019\u00e9tablissement de restauration Basse Cour vient de d\u00e9poser le bilan. Le collectif des D\u00e9fenseurs de Lyon et du Grand Lyon a relay\u00e9 l\u2019information, par le biais d\u2019un communiqu\u00e9 cinglant contre la M\u00e9tropole de Lyon, ce vendredi 27 juin.<\/p>\n<p>Selon le collectif, les g\u00e9rants du restaurant auraient perdu plus de 50% de leur chiffre d\u2019affaires depuis le d\u00e9but des travaux pour la ligne de tramway des Gratte-Ciel et depuis la pi\u00e9tonisation de l\u2019avenue Henri Barbusse.\u00a0<\/p>\n<p>\u00ab\u00a0Le coup fatal a \u00e9t\u00e9 port\u00e9 fin avril, lorsque la mairie de Villeurbanne a d\u00e9cid\u00e9 de ne pas renouveler l\u2019autorisation de terrasse, sans pr\u00e9avis ni concertation. Cette d\u00e9cision unilat\u00e9rale, notifi\u00e9e par la police municipale, a provoqu\u00e9 une chute suppl\u00e9mentaire de 70 % de l\u2019activit\u00e9. Or, l\u2019\u00e9tablissement ne disposant pas de places assises en int\u00e9rieur, cette suppression de la terrasse \u00e9quivalait de fait \u00e0 une fermeture d\u00e9guis\u00e9e\u00a0\u00bb, peut-on lire au sein de la missive.<\/p>\n<p>Ces derniers temps, Basse Cour n\u2019arrivait plus \u00e0 obtenir plus de 150 euros par jour.<\/p>\n<p>\u00ab\u00a0Il est urgent que les politiques urbaines prennent en compte la r\u00e9alit\u00e9 \u00e9conomique du terrain. Sans cela, les centres-villes perdront peu \u00e0 peu leur vitalit\u00e9, leurs lieux de convivialit\u00e9, et les acteurs qui les font vivre au quotidien\u00a0\u00bb, conclut le collectif des D\u00e9fenseurs de Lyon et du Grand Lyon.<\/p>\n<p>Un \u00e9v\u00e9nement qui ne risque pas de r\u00e9concilier les commer\u00e7ants avec les \u00e9lus \u00e9cologistes\u2026<\/p>\n","protected":false},"excerpt":{"rendered":"Le restaurant Basse Cour de Villeurbanne ferme ses portes. \u00c0 Villeurbanne, l\u2019\u00e9tablissement de restauration Basse Cour vient de&hellip;\n","protected":false},"author":2,"featured_media":210762,"comment_status":"","ping_status":"","sticky":false,"template":"","format":"standard","meta":{"footnotes":""},"categories":[1889],"tags":[1111,11,2813,2190,2430,1109,251,1112,2811,1777,674,118,1011,27,1922,1110,1114,2428,2810,12,241,316,25,2812,517,800],"class_list":{"0":"post-210761","1":"post","2":"type-post","3":"status-publish","4":"format-standard","5":"has-post-thumbnail","7":"category-lyon","8":"tag-actu","9":"tag-actualites","10":"tag-article","11":"tag-asvel","12":"tag-auvergne-rhone-alpes","13":"tag-breves","14":"tag-culture","15":"tag-depeches","16":"tag-economique","17":"tag-eu","18":"tag-europe","19":"tag-faits-divers","20":"tag-fr","21":"tag-france","22":"tag-info","23":"tag-informations","24":"tag-infos","25":"tag-lyon","26":"tag-lyonmag","27":"tag-news","28":"tag-ol","29":"tag-politique","30":"tag-republique-francaise","31":"tag-sociale","32":"tag-sport","33":"tag-transports"},"share_on_mastodon":{"url":"","error":""},"_links":{"self":[{"href":"https:\/\/www.europesays.com\/fr\/wp-json\/wp\/v2\/posts\/210761","targetHints":{"allow":["GET"]}}],"collection":[{"href":"https:\/\/www.europesays.com\/fr\/wp-json\/wp\/v2\/posts"}],"about":[{"href":"https:\/\/www.europesays.com\/fr\/wp-json\/wp\/v2\/types\/post"}],"author":[{"embeddable":true,"href":"https:\/\/www.europesays.com\/fr\/wp-json\/wp\/v2\/users\/2"}],"replies":[{"embeddable":true,"href":"https:\/\/www.europesays.com\/fr\/wp-json\/wp\/v2\/comments?post=210761"}],"version-history":[{"count":0,"href":"https:\/\/www.europesays.com\/fr\/wp-json\/wp\/v2\/posts\/210761\/revisions"}],"wp:featuredmedia":[{"embeddable":true,"href":"https:\/\/www.europesays.com\/fr\/wp-json\/wp\/v2\/media\/210762"}],"wp:attachment":[{"href":"https:\/\/www.europesays.com\/fr\/wp-json\/wp\/v2\/media?parent=210761"}],"wp:term":[{"taxonomy":"category","embeddable":true,"href":"https:\/\/www.europesays.com\/fr\/wp-json\/wp\/v2\/categories?post=210761"},{"taxonomy":"post_tag","embeddable":true,"href":"https:\/\/www.europesays.com\/fr\/wp-json\/wp\/v2\/tags?post=210761"}],"curies":[{"name":"wp","href":"https:\/\/api.w.org\/{rel}","templated":true}]}}