{"id":210777,"date":"2025-06-28T11:23:11","date_gmt":"2025-06-28T11:23:11","guid":{"rendered":"https:\/\/www.europesays.com\/fr\/210777\/"},"modified":"2025-06-28T11:23:11","modified_gmt":"2025-06-28T11:23:11","slug":"le-general-burkhard-craint-que-la-russie-puisse-tenir-cinq-minutes-de-plus-que-nous-malgre-sa-defaite-strategique","status":"publish","type":"post","link":"https:\/\/www.europesays.com\/fr\/210777\/","title":{"rendered":"Le G\u00e9n\u00e9ral Burkhard craint que la Russie puisse \u00ab\u00a0tenir cinq minutes de plus que nous\u00a0\u00bb, malgr\u00e9 sa d\u00e9faite strat\u00e9gique"},"content":{"rendered":"<p><img fetchpriority=\"high\" decoding=\"async\" src=\"https:\/\/www.europesays.com\/fr\/wp-content\/uploads\/2025\/06\/m2000-tu160-20170209.jpg\" alt=\"\" width=\"600\" height=\"357\" class=\"alignnone size-full wp-image-39843\"  \/><\/p>\n<p>Avant le d\u00e9but de la guerre, l\u2019Ukraine disposait d\u2019une r\u00e9serve d\u2019environ 500 000 tonnes de lithium, un m\u00e9tal notamment utilis\u00e9 pour les batteries et comme additif \u2013 sous forme d\u2019aluminate \u2013 pour la propulsion des fus\u00e9es et des missiles. Et, deux des quatre gisements qu\u2019elle comptait jusqu\u2019alors sont d\u00e9sormais contr\u00f4l\u00e9s par la Russie, cette derni\u00e8re ayant mis la main sur celui de Shevchenko [Donbass], le 24 juin. En outre, ces derni\u00e8res semaines, ses troupes ont continu\u00e9 de progresser au sud de Pokrovsk, ville strat\u00e9gique car abritant une mine essentielle pour l\u2019industrie sid\u00e9rurgique ukrainienne ainsi qu\u2019un n\u0153ud logistique. <\/p>\n<p>Pour autant, pour le g\u00e9n\u00e9ral Thierry Burkhard, le chef d\u2019\u00e9tat-major des arm\u00e9es [CEMA], la situation de la Russie est \u00ab\u00a0tr\u00e8s compliqu\u00e9e\u00a0\u00bb, les victoires tactiques qu\u2019elle peut remporter sur les champs de bataille ukrainiens \u2013 au prix de lourdes pertes \u2013 ne pouvant masquer la \u00ab\u00a0d\u00e9faite strat\u00e9gique\u00a0\u00bb qu\u2019elle est en train de subir. <\/p>\n<p>\u00ab\u00a0Aujourd\u2019hui, si on regarde objectivement les choses, la Russie est en train de subir une d\u00e9faite strat\u00e9gique\u00a0\u00bb, a en effet lanc\u00e9 le CEMA, lors d\u2019une audition \u00e0 l\u2019Assembl\u00e9e nationale, le 25 juin. <\/p>\n<p>D\u2019abord, son attaque [contre l\u2019Ukraine] est un \u00ab\u00a0d\u00e9sastre militaire\u00a0\u00bb car \u00ab\u00a0m\u00eame si c\u2019est difficile \u00e0 \u00e9valuer, il est n\u00e9anmoins s\u00fbr qu\u2019elle a perdu quelques centaines de milliers d\u2019hommes, tu\u00e9s ou bless\u00e9s, ce qui d\u00e9passe notre capacit\u00e9 d\u2019imagination\u00a0\u00bb, a ensuite relev\u00e9 le g\u00e9n\u00e9ral Burkhard. \u00ab\u00a0Quand la Russie a attaqu\u00e9, le 24 f\u00e9vrier [2022], son objectif n\u2019\u00e9tait pas de conqu\u00e9rir \u00e0 peine 20 % du territoire ukrainien au bout de trois ans et demi mais de l\u2019emporter en quelques mois\u00a0\u00bb, a-t-il ajout\u00e9. <\/p>\n<p>Cette \u00ab\u00a0victoire \u00e0 la Pyrrhus\u00a0\u00bb esquiss\u00e9e par le CEMA tient aussi \u00e0 la nouvelle \u00ab\u00a0g\u00e9om\u00e9trie de l\u2019espace de bataille\u00a0\u00bb engendr\u00e9e par l\u2019invasion de l\u2019Ukraine, avec l\u2019adh\u00e9sion de la Su\u00e8de et de la Finlande \u00e0 l\u2019Otan, alors que ces deux pays \u00e9taient jusqu\u2019alors neutres. \u00ab\u00a0C\u2019\u00e9tait une ligne rouge absolue pour Moscou depuis 1945\u00a0\u00bb, a-t-il rappel\u00e9. <\/p>\n<p>Aussi, la Russie se trouve maintenant dans une \u00ab\u00a0situation tr\u00e8s compliqu\u00e9e\u00a0\u00bb car la guerre en Ukraine a \u00ab\u00a0neutralis\u00e9 la mer Noire\u00a0\u00bb et la Baltique, qui \u00e9tait \u00ab\u00a0plut\u00f4t difficile \u00e0 g\u00e9rer pour l\u2019Otan\u00a0\u00bb avec le \u00ab\u00a0ventre mou\u00a0\u00bb que constituaient la Su\u00e8de et la Finlande, est devenue un \u00ab\u00a0lac Otan\u00a0\u00bb, a d\u00e9taill\u00e9 le g\u00e9n\u00e9ral Burkhard. \u00ab\u00a0En cas de confrontation, je peux assurer que pas un bateau russe n\u2019arrivera \u00e0 passer par la Baltique, alors que Saint-P\u00e9tersbourg repr\u00e9sente 50 \u00e0 60 % des flux \u00e9conomiques russes\u00a0\u00bb, a-t-il ajout\u00e9. En outre, a-t-il rappel\u00e9, le port de Mourmansk ne peut pas \u00eatre une alternative [du moins pour ce qui concerne l\u2019Atlantique] car sa vocation est exclusivement militaire. <\/p>\n<p>Un autre point \u00e9voqu\u00e9 par le CEMA est la \u00ab\u00a0vassalisation\u00a0\u00bb de la Russie \u00ab\u00a0vis-\u00e0-vis de la Chine et d\u2019autres pays\u00a0\u00bb, ce qui \u00ab\u00a0la met en difficult\u00e9 pour appuyer ses partenaires strat\u00e9giques : elle n\u2019a pas pu le faire avec la Syrie et elle semble ne pas pouvoir le faire avec l\u2019Iran\u00a0\u00bb, a-t-il dit. <\/p>\n<p>Enfin, le g\u00e9n\u00e9ral Burkhard estime que les cons\u00e9quences soci\u00e9tales de la guerre en Ukraine finiront aussi par \u00ab\u00a0consommer\u00a0\u00bb cette d\u00e9faite strat\u00e9gique de Moscou. <\/p>\n<p>\u00ab\u00a0Quand la guerre se terminera et qu\u2019elle d\u00e9mobilisera, la Russie va se retrouver avec de gros probl\u00e8mes soci\u00e9taux. Cette guerre aura rappel\u00e9 \u00e0 tout le monde, si besoin \u00e9tait, le faible prix que repr\u00e9sente la vie humaine en Russie, au regard des conditions dans lesquelles elle envoie ses soldats au front\u00a0\u00bb, a d\u2019abord relev\u00e9 le CEMA. En outre, a-t-il poursuivi, \u00ab\u00a0on constate qu\u2019un soldat russe est pay\u00e9 entre 3 000 et 4 000 euros pour aller combattre et que, parall\u00e8lement, le salaire des m\u00e9decins a \u00e9t\u00e9 port\u00e9 \u00e0 1 000 euros, ce qui va cr\u00e9er de gros probl\u00e8mes soci\u00e9taux dans la Russie de demain\u00a0\u00bb. <\/p>\n<p>Pour autant, a averti le g\u00e9n\u00e9ral Burkhard, il faut \u00eatre \u00ab\u00a0lucide\u00a0\u00bb car, comme in fine, la \u00ab\u00a0victoire est \u00e0 celui des deux adversaires qui sait souffrir un quart d\u2019heure de plus que l\u2019autre\u00a0\u00bb, pour citer Marcel Proust. <\/p>\n<p>\u00ab\u00a0Je pense que si on laisse la guerre se continuer comme \u00e7a, je crains que la Russie soit capable de tenir cinq minutes de plus que nous, m\u00eame dans sa situation. Ce probl\u00e8me doit \u00eatre imp\u00e9rativement pris en compte : il faut qu\u2019on arrive \u00e0 casser la lin\u00e9arit\u00e9 de la bataille et qu\u2019on \u00e9vite qu\u2019une d\u00e9faite strat\u00e9gique se transforme en victoire [pour la Russie], avec les cons\u00e9quences qu\u2019on imagine\u00a0\u00bb, notamment sur l\u2019architecture de s\u00e9curit\u00e9 du continent europ\u00e9en, a-t-il conclu. <\/p>\n","protected":false},"excerpt":{"rendered":"Avant le d\u00e9but de la guerre, l\u2019Ukraine disposait d\u2019une r\u00e9serve d\u2019environ 500 000 tonnes de lithium, un m\u00e9tal&hellip;\n","protected":false},"author":2,"featured_media":210778,"comment_status":"","ping_status":"","sticky":false,"template":"","format":"standard","meta":{"footnotes":""},"categories":[1590],"tags":[11,35030,35031,35032,1777,674,35033,12,136,35034,132,220],"class_list":{"0":"post-210777","1":"post","2":"type-post","3":"status-publish","4":"format-standard","5":"has-post-thumbnail","7":"category-ukraine","8":"tag-actualites","9":"tag-cema","10":"tag-chef-detat-major-des-armees","11":"tag-defaite-strategique","12":"tag-eu","13":"tag-europe","14":"tag-general-burkhard","15":"tag-news","16":"tag-otan","17":"tag-pyrrhus","18":"tag-russie","19":"tag-ukraine"},"share_on_mastodon":{"url":"","error":""},"_links":{"self":[{"href":"https:\/\/www.europesays.com\/fr\/wp-json\/wp\/v2\/posts\/210777","targetHints":{"allow":["GET"]}}],"collection":[{"href":"https:\/\/www.europesays.com\/fr\/wp-json\/wp\/v2\/posts"}],"about":[{"href":"https:\/\/www.europesays.com\/fr\/wp-json\/wp\/v2\/types\/post"}],"author":[{"embeddable":true,"href":"https:\/\/www.europesays.com\/fr\/wp-json\/wp\/v2\/users\/2"}],"replies":[{"embeddable":true,"href":"https:\/\/www.europesays.com\/fr\/wp-json\/wp\/v2\/comments?post=210777"}],"version-history":[{"count":0,"href":"https:\/\/www.europesays.com\/fr\/wp-json\/wp\/v2\/posts\/210777\/revisions"}],"wp:featuredmedia":[{"embeddable":true,"href":"https:\/\/www.europesays.com\/fr\/wp-json\/wp\/v2\/media\/210778"}],"wp:attachment":[{"href":"https:\/\/www.europesays.com\/fr\/wp-json\/wp\/v2\/media?parent=210777"}],"wp:term":[{"taxonomy":"category","embeddable":true,"href":"https:\/\/www.europesays.com\/fr\/wp-json\/wp\/v2\/categories?post=210777"},{"taxonomy":"post_tag","embeddable":true,"href":"https:\/\/www.europesays.com\/fr\/wp-json\/wp\/v2\/tags?post=210777"}],"curies":[{"name":"wp","href":"https:\/\/api.w.org\/{rel}","templated":true}]}}