{"id":210790,"date":"2025-06-28T11:30:13","date_gmt":"2025-06-28T11:30:13","guid":{"rendered":"https:\/\/www.europesays.com\/fr\/210790\/"},"modified":"2025-06-28T11:30:13","modified_gmt":"2025-06-28T11:30:13","slug":"on-a-perce-le-mystere-des-robes-de-mariee-jamais-portees-vendues-en-seconde-main","status":"publish","type":"post","link":"https:\/\/www.europesays.com\/fr\/210790\/","title":{"rendered":"On a perc\u00e9 le myst\u00e8re des robes de mari\u00e9e \u00ab\u00a0jamais port\u00e9es\u00a0\u00bb vendues en seconde main"},"content":{"rendered":"<p>Sur la page d\u2019accueil <a href=\"https:\/\/www.20minutes.fr\/societe\/4160420-20250625-fast-fashion-plus-moitie-vetements-placards-jamais-portes-selon-etude\" target=\"_blank\" class=\"color-ultramarine c-link\" rel=\"nofollow noopener\">de l\u2019application Vinted<\/a>, les t-shirts color\u00e9s squattent les multiples uniformes n\u00e9cessaires pour l\u2019\u00e9t\u00e9\u00a0: sandales tendance, short en crochet et autres casquettes brod\u00e9es. Quand, d\u2019un coup, un article impr\u00e9vu sur le fil\u00a0: <a href=\"https:\/\/www.20minutes.fr\/societe\/4143929-20250317-creve-ur-bat-retrouver-robe-mariee-perdue-pressing\" target=\"_blank\" class=\"color-ultramarine c-link\" rel=\"nofollow noopener\">une robe de mari\u00e9e<\/a>. Etrange, rien ne nous destinait \u00e0 ce que l\u2019algorithme pousse cette tenue. Ni un \u00e9v\u00e8nement particulier \u00e0 pr\u00e9voir, ni une volont\u00e9 de s\u2019habiller en robe meringue.<\/p>\n<p>Plus \u00e9trange encore, une simple recherche avec les mots-cl\u00e9s bien choisis nous fait tomber sur des centaines et des centaines de robes de mari\u00e9e. La plupart indiqu\u00e9es comme \u00ab\u00a0port\u00e9e une fois\u00a0\u00bb. Logique. Ce qui l\u2019est moins, c\u2019est que la partie restante est cat\u00e9goris\u00e9e comme \u00ab\u00a0jamais port\u00e9es\u00a0\u00bb. Mais pourquoi ces robes sont-elles revendues sans m\u00eame avoir eu la chance de franchir l\u2019autel\u00a0? 20 Minutes a men\u00e9 \u00ab\u00a0l\u2019enqu\u00eate\u00a0\u00bb.<\/p>\n<\/p>\n<p>Le Covid s\u2019invite \u00e0 la f\u00eate<\/p>\n<p>Pour beaucoup, les robes de mari\u00e9e avaient \u00e9t\u00e9 achet\u00e9es il y a cinq ans, \u00e0 une p\u00e9riode o\u00f9 &#8211; na\u00efvement &#8211; beaucoup ne se sont pas dout\u00e9es que \u00ab\u00a0le plus beau jour de leur vie\u00a0\u00bb serait repouss\u00e9, voir annul\u00e9, par un virus appel\u00e9 Covid-19. \u00ab\u00a0Je l\u2019avais achet\u00e9 avant la pand\u00e9mie et nous avions pr\u00e9vu de nous marier aux <a href=\"https:\/\/www.20minutes.fr\/monde\/maldives\/\" class=\"color-ultramarine c-link\" rel=\"nofollow noopener\" target=\"_blank\">Maldives<\/a> en\u00a02020. \u00c7a n\u2019a pas eu lieu \u00e0 cause du confinement. Deux ans plus tard, j\u2019ai d\u00e9cid\u00e9 de changer de robe\u00a0\u00bb, avoue Lisa, une jeune femme autrichienne.<\/p>\n<p>Kaat, qui habite aux <a href=\"https:\/\/www.20minutes.fr\/monde\/pays-bas\/\" class=\"color-ultramarine c-link\" rel=\"nofollow noopener\" target=\"_blank\">Pays-Bas<\/a>, a aussi d\u00fb revoir son programme\u2026 et sa tenue. \u00ab\u00a0J\u2019avais achet\u00e9 cette robe pendant la crise sanitaire li\u00e9e au <a href=\"https:\/\/www.20minutes.fr\/dossier\/coronavirus\" class=\"color-ultramarine c-link\" rel=\"nofollow noopener\" target=\"_blank\">coronavirus<\/a>. Mais nous n\u2019avons jamais pu nous marier en grand comit\u00e9 et nous avons uniquement fait une petite f\u00eate \u00e0 la maison. Donc la grande robe ne servait \u00e0 rien.\u00a0\u00bb<\/p>\n<p>Colis perdu et dons<\/p>\n<p>Ce n\u2019est pas l\u2019unique raison qui pousse certaines \u00e0 vendre des robes de mari\u00e9e, parfois obtenues de fa\u00e7on bien myst\u00e9rieuses. \u00ab\u00a0Cette robe vient d\u2019un lot de colis perdu en <a href=\"https:\/\/www.20minutes.fr\/dossier\/espagne\" class=\"color-ultramarine c-link\" rel=\"nofollow noopener\" target=\"_blank\">Espagne<\/a>. Apparemment, tout le carton \u00e9tait arriv\u00e9 \u00e0 une adresse introuvable et voici ce que j\u2019ai r\u00e9cup\u00e9r\u00e9\u00a0\u00bb, raconte Sylvie, qui habite dans le nord de la France. Certains pr\u00e9textent \u00e9galement des dons. Comme Maria, une Espagnole, qui a trouv\u00e9 sur un site cette robe gratuite qui lui \u00ab\u00a0a tellement plu\u00a0\u00bb. Seulement difficile de trouver une bonne occasion pour trouver une longue robe blanche \u00e0 froufrou, si ce n\u2019est d\u2019avoir comme pr\u00e9texte d\u2019\u00eatre la mari\u00e9e.<\/p>\n<p>Verena, une Allemande, a elle aussi eu la chance d\u2019avoir une belle ristourne sur une robe de mari\u00e9e, qu\u2019elle vend d\u00e9sormais sur Vinted pour la modique somme de 250 euros. \u00ab\u00a0Il s\u2019agissait d\u2019une robe expos\u00e9e en magasin\u00a0\u00bb, raconte-t-elle. Un ph\u00e9nom\u00e8ne de plus en plus courant, en ligne comme en magasin.<\/p>\n<p>\u00ab\u00a0Notre plus grand concurrent\u00a0\u00bb<\/p>\n<p>Dans le 11e\u00a0arrondissement,<a href=\"https:\/\/www.fortunee.fr\/\" rel=\"nofollow noopener\" target=\"_blank\" class=\"color-ultramarine c-link\"> le d\u00e9p\u00f4t-vente de robe de mari\u00e9e Fortun\u00e9e <\/a>s\u00e9duit toutes celles qui cherchent une robe \u00e0 la fois abordable et tendance. \u00ab\u00a0A sa cr\u00e9ation en\u00a02001, c\u2019\u00e9tait un d\u00e9p\u00f4t-vente de tout et la fondatrice avait d\u00e9cid\u00e9 en plus de vendre les robes de mariage de sa m\u00e8re et sa s\u0153ur. Et \u00e7a a bien march\u00e9\u00a0\u00bb, raconte Marion, la g\u00e9rante de la boutique depuis\u00a02020.<\/p>\n<p><a href=\"https:\/\/www.20minutes.fr\/dossier\/mariage\" class=\"c-link c-btn c-btn--primary\" rel=\"nofollow noopener\" target=\"_blank\">Tous nos articles Mariage<\/a><\/p>\n<p>Dans sa petite boutique joliment d\u00e9cor\u00e9e, la g\u00e9rante travaille d\u00e9sormais avec plusieurs vendeurs. D\u2019une part, les cr\u00e9atrices qui renouvellent leur collection chaque ann\u00e9e. \u00ab\u00a0On r\u00e9cup\u00e8re les mod\u00e8les d\u2019essayage des ann\u00e9es pr\u00e9c\u00e9dents\u00a0\u00bb, pr\u00e9cise Marion. D\u2019autre part, les couturi\u00e8res qui travaillent avec des tissus de fins de s\u00e9rie. Et bien s\u00fbr, les particuli\u00e8res qui vendent leurs robes apr\u00e8s leur mariage.<\/p>\n<p>Mais pour ces magasins, Vinted repr\u00e9sente \u00ab\u00a0la plus grande concurrence\u00a0\u00bb, selon Marion. Au moment de commencer leurs essayages, de nombreuses futures mari\u00e9es se tournent vers la plateforme pour trouver une solution moins cher que les grandes maisons, mais aussi pour savoir ce qu\u2019elles recherchent. \u00ab\u00a0C\u2019est une sorte de vitrine\u00a0\u00bb, relate la g\u00e9rante. Seulement, Marion d\u00e9conseille de se tourner vers de l\u2019achat en ligne pour une robe de mari\u00e9e. \u00ab\u00a0C\u2019est de la demi-mesure, il y a forc\u00e9ment besoin de retouche car \u00e7a ne va jamais correspondre directement. Beaucoup commencent par Vinted, puis se tournent vers nous ensuite.\u00a0\u00bb<\/p>\n","protected":false},"excerpt":{"rendered":"Sur la page d\u2019accueil de l\u2019application Vinted, les t-shirts color\u00e9s squattent les multiples uniformes n\u00e9cessaires pour l\u2019\u00e9t\u00e9\u00a0: sandales&hellip;\n","protected":false},"author":2,"featured_media":210791,"comment_status":"","ping_status":"","sticky":false,"template":"","format":"standard","meta":{"footnotes":""},"categories":[2],"tags":[11,7904,1011,27,142,1930,35040,12,4125,18931,25],"class_list":{"0":"post-210790","1":"post","2":"type-post","3":"status-publish","4":"format-standard","5":"has-post-thumbnail","7":"category-actualites","8":"tag-actualites","9":"tag-by-the-web","10":"tag-fr","11":"tag-france","12":"tag-high-tech","13":"tag-mariage","14":"tag-mode-ethique","15":"tag-news","16":"tag-numerique","17":"tag-plateforme","18":"tag-republique-francaise"},"share_on_mastodon":{"url":"","error":""},"_links":{"self":[{"href":"https:\/\/www.europesays.com\/fr\/wp-json\/wp\/v2\/posts\/210790","targetHints":{"allow":["GET"]}}],"collection":[{"href":"https:\/\/www.europesays.com\/fr\/wp-json\/wp\/v2\/posts"}],"about":[{"href":"https:\/\/www.europesays.com\/fr\/wp-json\/wp\/v2\/types\/post"}],"author":[{"embeddable":true,"href":"https:\/\/www.europesays.com\/fr\/wp-json\/wp\/v2\/users\/2"}],"replies":[{"embeddable":true,"href":"https:\/\/www.europesays.com\/fr\/wp-json\/wp\/v2\/comments?post=210790"}],"version-history":[{"count":0,"href":"https:\/\/www.europesays.com\/fr\/wp-json\/wp\/v2\/posts\/210790\/revisions"}],"wp:featuredmedia":[{"embeddable":true,"href":"https:\/\/www.europesays.com\/fr\/wp-json\/wp\/v2\/media\/210791"}],"wp:attachment":[{"href":"https:\/\/www.europesays.com\/fr\/wp-json\/wp\/v2\/media?parent=210790"}],"wp:term":[{"taxonomy":"category","embeddable":true,"href":"https:\/\/www.europesays.com\/fr\/wp-json\/wp\/v2\/categories?post=210790"},{"taxonomy":"post_tag","embeddable":true,"href":"https:\/\/www.europesays.com\/fr\/wp-json\/wp\/v2\/tags?post=210790"}],"curies":[{"name":"wp","href":"https:\/\/api.w.org\/{rel}","templated":true}]}}